{"id":292429,"date":"2025-12-17T08:00:09","date_gmt":"2025-12-17T08:00:09","guid":{"rendered":"https:\/\/www.europesays.com\/es\/292429\/"},"modified":"2025-12-17T08:00:09","modified_gmt":"2025-12-17T08:00:09","slug":"el-deportivo-guadalajara-asume-como-propio-el-error-ocurrido-con-la-grada-supletoria-nuevaalcarria","status":"publish","type":"post","link":"https:\/\/www.europesays.com\/es\/292429\/","title":{"rendered":"El Deportivo Guadalajara asume como propio el \u00aberror\u00bb ocurrido con la grada supletoria | NuevaAlcarria"},"content":{"rendered":"<p>El presidente del Club Deportivo Guadalajara, Carlos \u00c1vila, ha asumido la responsabilidad del \u00aberror\u00bb ocurrido con la grada supletoria que ha provocado el retraso del partido de Copa del Rey que enfrentaba hoy al CD Guadalajara contra el F\u00fatbol Club Barcelona.<\/p>\n<p>En concreto, se\u00f1ala que \u00abla grada la acabamos de montar el domingo y efectivamente el lunes por la ma\u00f1ana vino\u00a0la inspecci\u00f3n\u00bb. En ese momento,\u00a0el Ayuntamiento les solicit\u00f3 la documentaci\u00f3n necesaria para poder dar luz verde al uso de la misma. \u00abNos dice que hasta que no presentemos una serie de documentaci\u00f3n, la grada se queda clausurada y nosotros presentamos toda la documentaci\u00f3n que creemos que nos est\u00e1n pidiendo\u00bb. Sin embargo,\u00a0hoy a las 16.30 horas se les comunic\u00f3 que \u00abtoda la documentaci\u00f3n que hemos presentado estaba bien, pero que faltaba un proyecto sobre la grada\u00bb. Y a partir de ah\u00ed ha comenzado la carrera contrarreloj para \u00abhacer el proyecto, visarlo, presentarlo,\u00a0que los t\u00e9cnicos municipales le diesen autorizaci\u00f3n y evidentemente que el equipo jur\u00eddico emitiese el decreto que ten\u00eda que emitir\u00bb.<\/p>\n<p>As\u00ed, lejos de se\u00f1alar al Ayuntamiento, el presidente ha reconocido que \u00abel error es del club y el error, adem\u00e1s, en primera persona, es m\u00edo como m\u00e1xima autoridad del club\u00bb. \u00c1vila ha querido \u00abagradecer tanto a los t\u00e9cnicos municipales como al equipo de Gobierno municipal el trabajo,\u00a0pues les hemos tenido todo el d\u00eda en el ayuntamiento trabajando a contrarreloj, hasta las ocho de la tarde. Agradecermos su\u00a0predisposici\u00f3n a poder solucionarlo y el trabajo que han desempe\u00f1ado\u00bb.\u00a0<\/p>\n<p>De esta forma, \u00c1vila rectifica las primeras informaciones que llegaron desde el club se\u00f1alando un gesti\u00f3n cuestionable por parte del Consistorio local.\u00a0<\/p>\n<p>\u00a0<\/p>\n<p><strong>Al borde del desastre<\/strong><\/p>\n<p>Esta tarde, la situaci\u00f3n estuvo a punto de ser cr\u00edtica. Los animos se caldearon, y mucho, a las afueras del Pedro Escart\u00edn, cuando a falta de una hora para el inicio oficial del hist\u00f3rico partido de Copa, las 21.00 horas, todav\u00eda no se hab\u00edan abierto las puertas de acceso al campo. La afici\u00f3n, contrarida y sin informaci\u00f3n se alter\u00f3 hasta tal punto, que los antidisturbios tuvieron que ponerse\u00a0en alerta, seg\u00fan indicaron testigos presenciales.<\/p>\n<p>En torno a las 20.00 horas se anunciaba\u00a0que el partido se iba a retrasar 30 minutos y pasadas las 20.20 horas se abr\u00eda oficialmente las puertas.\u00a0<\/p>\n<p>Como pudieron comprobar los aficionados en el campo y se puede ver en la fotograf\u00eda que acompa\u00f1a esta noticia, cuando se permiti\u00f3 el acceso del p\u00fablico al campo, todav\u00eda no se hab\u00eda recibido el ok del Ayuntamiento para el uso de la grada supletoria, por lo que no se permit\u00eda que nadie accediera a ella.<\/p>\n<p>Cuando finalmente el Consistorio\u00a0dio luz verde, fue cuando comenzaron a llenarse las localidades de la grada.\u00a0El presidente del Club Deportivo Guadalajara, Carlos \u00c1vila, estuvo\u00a0hasta el \u00faltimo segundo en el Ayuntamiento, pendiente de la evoluci\u00f3n de los tr\u00e1mites.\u00a0<\/p>\n<p>\u00a0<\/p>\n<p><strong>Un partido para la historia<\/strong><\/p>\n<p>Aunque la situaci\u00f3n estuvo a punto de ser un desastre, al final todo qued\u00f3 solucionado y el Depor pudo jugar un encuentro que pasar\u00e1 a la historia. Los morados jugaron de t\u00fa a t\u00fa al Barcelona, cada uno con sus armas, y resistieron durante m\u00e1s de 70 minutos con el marcador a 0 y creando oportunidades de peligro. La derrota final no empa\u00f1a la heroica batalla que presentaron a su rival.\u00a0\u00a0<\/p>\n","protected":false},"excerpt":{"rendered":"El presidente del Club Deportivo Guadalajara, Carlos \u00c1vila, ha asumido la responsabilidad del \u00aberror\u00bb ocurrido con la grada&hellip;\n","protected":false},"author":2,"featured_media":292430,"comment_status":"","ping_status":"","sticky":false,"template":"","format":"standard","meta":{"footnotes":""},"categories":[268],"tags":[442,2296,210,2493,6422,168,412,25,24,280,282,7685,439,15119,441,443,440,281,23,167],"class_list":{"0":"post-292429","1":"post","2":"type-post","3":"status-publish","4":"format-standard","5":"has-post-thumbnail","7":"category-futbol","8":"tag-actualidad-guadalajara","9":"tag-barca","10":"tag-barcelona","11":"tag-copa","12":"tag-depor","13":"tag-deportes","14":"tag-deportivo","15":"tag-es","16":"tag-espana","17":"tag-football","18":"tag-futbol","19":"tag-grada","20":"tag-guadalajara","21":"tag-incidente","22":"tag-informacion-guadalajara","23":"tag-noticias-guadalajara","24":"tag-nueva-alcarria","25":"tag-soccer","26":"tag-spain","27":"tag-sports"},"share_on_mastodon":{"url":"https:\/\/pubeurope.com\/@es\/115733857908885322","error":""},"_links":{"self":[{"href":"https:\/\/www.europesays.com\/es\/wp-json\/wp\/v2\/posts\/292429","targetHints":{"allow":["GET"]}}],"collection":[{"href":"https:\/\/www.europesays.com\/es\/wp-json\/wp\/v2\/posts"}],"about":[{"href":"https:\/\/www.europesays.com\/es\/wp-json\/wp\/v2\/types\/post"}],"author":[{"embeddable":true,"href":"https:\/\/www.europesays.com\/es\/wp-json\/wp\/v2\/users\/2"}],"replies":[{"embeddable":true,"href":"https:\/\/www.europesays.com\/es\/wp-json\/wp\/v2\/comments?post=292429"}],"version-history":[{"count":0,"href":"https:\/\/www.europesays.com\/es\/wp-json\/wp\/v2\/posts\/292429\/revisions"}],"wp:featuredmedia":[{"embeddable":true,"href":"https:\/\/www.europesays.com\/es\/wp-json\/wp\/v2\/media\/292430"}],"wp:attachment":[{"href":"https:\/\/www.europesays.com\/es\/wp-json\/wp\/v2\/media?parent=292429"}],"wp:term":[{"taxonomy":"category","embeddable":true,"href":"https:\/\/www.europesays.com\/es\/wp-json\/wp\/v2\/categories?post=292429"},{"taxonomy":"post_tag","embeddable":true,"href":"https:\/\/www.europesays.com\/es\/wp-json\/wp\/v2\/tags?post=292429"}],"curies":[{"name":"wp","href":"https:\/\/api.w.org\/{rel}","templated":true}]}}