{"id":292431,"date":"2025-12-17T08:01:11","date_gmt":"2025-12-17T08:01:11","guid":{"rendered":"https:\/\/www.europesays.com\/es\/292431\/"},"modified":"2025-12-17T08:01:11","modified_gmt":"2025-12-17T08:01:11","slug":"los-secretos-del-nuevo-numero-de-hola","status":"publish","type":"post","link":"https:\/\/www.europesays.com\/es\/292431\/","title":{"rendered":"los secretos del nuevo n\u00famero de \u00a1HOLA!"},"content":{"rendered":"<p id=\"excaSz-Evg\" data-wc=\"59\">Un a\u00f1o m\u00e1s, vuelve uno de los cl\u00e1sicos de \u00a1HOLA!:<strong>\u00a0<\/strong><a class=\"hm-link ho-link\" href=\"https:\/\/www.hola.com\/actualidad\/20251217873114\/hola-presenta-las-20-mujeres-mas-elegantes-de-espana-de-2025-de-isabel-preysler-a-la-reina-letizia\/\" data-mrf-recirculation=\"article-body-link\" rel=\"nofollow noopener\" target=\"_blank\">el ranking de las mujeres m\u00e1s elegantes de nuestro pa\u00eds este 2025.<\/a> Los lectores de hola.com y un jurado profesional de dise\u00f1adores han elegido cu\u00e1les son las que m\u00e1s han destacado este a\u00f1o, pero el podio del estilo s\u00f3lo lo pod\u00eda conquistar una y esa ha sido <strong>Isabel Preysler<\/strong>.<\/p>\n<p id=\"eoui1UChBjS\" data-wc=\"25\">Icono de elegancia, ella es la protagonista indiscutible de nuestra revista esta semana &#8211;<strong>que ya est\u00e1 disponible tanto en el quiosco como en nuestra web<\/strong>-.<\/p>\n<p id=\"evyjy-j6LCT\" data-wc=\"42\">Isabel nos recibe en su casa antes de comenzar la Navidad, y nos habla de este a\u00f1o irrepetible, del \u00e9xito de su libro, Mi verdadera historia, pero, tambi\u00e9n, de un momento dif\u00edcil, la muerte de <strong>Mario Vargas Llosa<\/strong>, quien fuera su pareja.<\/p>\n<p id=\"eCNZ9-x1KRZ\" data-wc=\"47\">En esta temporada de reuniones y celebraciones, <strong>Estefan\u00eda Luyk<\/strong> protagoniza un posado excepcional junto a su hija, Aroa, y su madre, Paquita Torres (tres generaciones unidas por una misma pasi\u00f3n, la moda); y <strong>\u00c1gatha Ruiz de la Prada<\/strong> nos cuenta cu\u00e1les son sus planes para estas fechas.<\/p>\n<p> <img src=\"https:\/\/www.europesays.com\/es\/wp-content\/uploads\/2025\/12\/09af5dca4357-portadahola4247.jpg\"   width=\"752\" height=\"1024\" loading=\"lazy\" decoding=\"async\" alt=\"Portada HOLA 4247\" fetchpriority=\"auto\" class=\"image ho-image\"\/>\u00a9 \u00a1HOLA!<\/p>\n<p id=\"ez4XZvVkn2k\" data-wc=\"39\">\u00a0La actriz <strong>Ana Fern\u00e1ndez<\/strong>, que ha estrenado nueva temporada de Los protegidos, tambi\u00e9n hace balance de su a\u00f1o y nos cuenta cu\u00e1les son sus planes para estas fiestas con su novio, el cantante Adri\u00e1n Roma, y sus seis perros.<\/p>\n<p id=\"eeMvXD8Gi03\" data-wc=\"41\">Tambi\u00e9n descubrimos las claves del <a class=\"hm-link ho-link\" href=\"https:\/\/www.hola.com\/realeza\/20251211872280\/adriana-abascal-confirma-su-ruptura-con-manuel-filiberto-de-saboya-nuestro-camino-juntos-ha-llegado-a-su-fin\/\" data-mrf-recirculation=\"article-body-link\" rel=\"nofollow noopener\" target=\"_blank\">final inesperado de la historia de amor de Adriana Abascal y Filiberto de Saboya<\/a>; y a dos j\u00f3venes princesas, Mar\u00eda Chiara y Mar\u00eda Carolina de Borb\u00f3n-Dos Sicilias, marcando estilo en el Baile de Navidad de M\u00f3naco.\u00a0<\/p>\n<p id=\"eXDaglpmCOW\" data-wc=\"28\">En este nuevo n\u00famero, te contamos todo sobre unos Premios Nobel ensombrecidos por la pol\u00e9mica, y los detalles de<strong>\u00a0la entrevista m\u00e1s esperada de I\u00f1aki Urdangarin en televisi\u00f3n.<\/strong><\/p>\n<p id=\"eP1_pbKdLyX\" data-wc=\"50\">De ah\u00ed pasamos a la actualidad internacional. Encontramos a <strong>George y Amal Clooney\u00a0<\/strong>en su refugio franc\u00e9s; a <strong>Millie Bobby Brown<\/strong>, la estrella de Stranger Things, disfrutando de su maternidad junto a Jake Bon Jovi; y a <strong>Kaia Gerber<\/strong>, que acaba de celebrar un a\u00f1o de amor con Lewis Pullman.\u00a0<\/p>\n<p id=\"eq68CoEAttN\" data-wc=\"50\">Todo ello sin olvidarnos de una de nuestros reportajes m\u00e1s emblem\u00e1ticos, <strong>la casa de \u00a1HOLA!<\/strong> En esta ocasi\u00f3n, Robert y Francesca Agostinelli nos reciben en su magn\u00edfica residencia de Par\u00eds: un hogar lleno de color en el que podr\u00e1s inspirarte si todav\u00eda no sabes c\u00f3mo decorar tu hogar estas fiestas.<\/p>\n<p id=\"etyozgT0bKC\" data-wc=\"20\">Las <strong>mejores exclusivas y las entrevistas m\u00e1s interesantes\u00a0<\/strong>con la calidad y rigurosidad que siempre han caracterizado a nuestra revista.\u00a0<\/p>\n<p id=\"e79phd0ns9f\" data-wc=\"4\">\u00a1No te lo pierdas!<\/p>\n","protected":false},"excerpt":{"rendered":"Un a\u00f1o m\u00e1s, vuelve uno de los cl\u00e1sicos de \u00a1HOLA!:\u00a0el ranking de las mujeres m\u00e1s elegantes de nuestro&hellip;\n","protected":false},"author":2,"featured_media":292432,"comment_status":"","ping_status":"","sticky":false,"template":"","format":"standard","meta":{"footnotes":""},"categories":[174],"tags":[517,255,146,147,25,24,256,23],"class_list":{"0":"post-292431","1":"post","2":"type-post","3":"status-publish","4":"format-standard","5":"has-post-thumbnail","7":"category-famosos","8":"tag-actualidad","9":"tag-celebrities","10":"tag-entertainment","11":"tag-entretenimiento","12":"tag-es","13":"tag-espana","14":"tag-famosos","15":"tag-spain"},"share_on_mastodon":{"url":"https:\/\/pubeurope.com\/@es\/115733862165447336","error":""},"_links":{"self":[{"href":"https:\/\/www.europesays.com\/es\/wp-json\/wp\/v2\/posts\/292431","targetHints":{"allow":["GET"]}}],"collection":[{"href":"https:\/\/www.europesays.com\/es\/wp-json\/wp\/v2\/posts"}],"about":[{"href":"https:\/\/www.europesays.com\/es\/wp-json\/wp\/v2\/types\/post"}],"author":[{"embeddable":true,"href":"https:\/\/www.europesays.com\/es\/wp-json\/wp\/v2\/users\/2"}],"replies":[{"embeddable":true,"href":"https:\/\/www.europesays.com\/es\/wp-json\/wp\/v2\/comments?post=292431"}],"version-history":[{"count":0,"href":"https:\/\/www.europesays.com\/es\/wp-json\/wp\/v2\/posts\/292431\/revisions"}],"wp:featuredmedia":[{"embeddable":true,"href":"https:\/\/www.europesays.com\/es\/wp-json\/wp\/v2\/media\/292432"}],"wp:attachment":[{"href":"https:\/\/www.europesays.com\/es\/wp-json\/wp\/v2\/media?parent=292431"}],"wp:term":[{"taxonomy":"category","embeddable":true,"href":"https:\/\/www.europesays.com\/es\/wp-json\/wp\/v2\/categories?post=292431"},{"taxonomy":"post_tag","embeddable":true,"href":"https:\/\/www.europesays.com\/es\/wp-json\/wp\/v2\/tags?post=292431"}],"curies":[{"name":"wp","href":"https:\/\/api.w.org\/{rel}","templated":true}]}}