{"id":292433,"date":"2025-12-17T08:02:12","date_gmt":"2025-12-17T08:02:12","guid":{"rendered":"https:\/\/www.europesays.com\/es\/292433\/"},"modified":"2025-12-17T08:02:12","modified_gmt":"2025-12-17T08:02:12","slug":"cesar-pombo-cierra-la-catedra-casado-soto-con-fotografia-y-memoria-del-santander-de-los-50-y-60","status":"publish","type":"post","link":"https:\/\/www.europesays.com\/es\/292433\/","title":{"rendered":"C\u00e9sar Pombo cierra la c\u00e1tedra Casado Soto con fotograf\u00eda y memoria del Santander de los 50 y 60"},"content":{"rendered":"<p><a class=\"v-mdl-ath__fig-a\" href=\"https:\/\/www.eldiariomontanes.es\/autor\/guillermo-balbona-1020.html\" title=\"Guillermo Balbona\" rel=\"nofollow noopener\" target=\"_blank\"><br \/>\n<img decoding=\"async\" class=\"v-mdl-ath__img\" src=\"https:\/\/www.europesays.com\/es\/wp-content\/uploads\/2025\/09\/autor-1020-foto-3.jpeg\" alt=\"Guillermo Balbona\"\/><br \/>\n<\/a><\/p>\n<p class=\"v-mdl-ath__p v-mdl-ath__p--6\">\nMi\u00e9rcoles, 17 de diciembre 2025, 01:00<\/p>\n<p class=\"v-p\"> Fotograf\u00eda y memoria, historia urbana y costumbrismo, pasado y ciudad se funden en el itinerario por el Santander de los a\u00f1os 50 y 60 que trazar\u00e1 el coleccionista C\u00e9sar Pombo en la clausura de la c\u00e1tedra Casado Soto 2025. &#8216;A las 7 en correos&#8217;, ep\u00edgrafe de su \u00faltima publicaci\u00f3n, preside esta comparecencia hoy, a las 19.30 horas, en la Fundaci\u00f3n Bot\u00edn. Es la tercera conferencia organizada por Unate, La Universidad Permanente, dentro de la und\u00e9cima edici\u00f3n de la c\u00e1tedra Casado Soto, prevista desde el pasado mes de octubre a junio de 2026 como \u00abinstrumento para la difusi\u00f3n de la historia y patrimonio de Cantabria\u00bb. Con acceso libre, en esta ocasi\u00f3n, y utilizando el soporte fotogr\u00e1fico, C\u00e9sar Pombo propone un recorrido por el Santander de hace algo m\u00e1s de medio siglo. Desde la reconstrucci\u00f3n tras el incendio, la configuraci\u00f3n de la nueva ciudad, las nuevas calles, los nuevos comercios, los personajes populares que recorr\u00edan nuestras calles&#8230; Un itinerario de huellas costumbristas, lugares, rostros, oficios de calle, personajes y tipos populares. &#8216;A las 7 en Correos&#8217;, frase simb\u00f3lica entre la memoria y el vocabulario de lo reconocible y de la comunidad en el tiempo, es el punto de partida que permite a Pombo \u00ababrir los propios archivos y emociones y dar rienda suelta a contemplar lugares y personas que reflejan nuestra propia identidad y que forman parte de nuestro patrimonio inmaterial que hoy revivimos\u00bb. El ponente est\u00e1 vinculado profesionalmente al comercio de Santander, a trav\u00e9s de &#8216;Regalos Pombo&#8217;, fundada en 1949 por C\u00e9sar Pombo Villa y Elisa Ortiz Bolado. El negocio pas\u00f3 a la gesti\u00f3n de su hijo y esposa, C\u00e9sar Pombo Ortiz y Julia Rivas Fuente, respectivamente. En 1993 adquieren el local vecino, que era &#8216;La Colmena&#8217; pasteler\u00eda de los a\u00f1os 50. Cerraron sus puertas en marzo del 2020, cumpliendo 71 a\u00f1os de historia en la ciudad. Pombo preserva y conoce la memoria del comercio de la ciudad. En 2014 public\u00f3 el libro &#8216;Vamos de tiendas&#8217;. Articulista, es miembro del Grupo Alceda. <\/p>\n<p>Reporta un error<\/p>\n","protected":false},"excerpt":{"rendered":"Mi\u00e9rcoles, 17 de diciembre 2025, 01:00 Fotograf\u00eda y memoria, historia urbana y costumbrismo, pasado y ciudad se funden&hellip;\n","protected":false},"author":2,"featured_media":292434,"comment_status":"","ping_status":"","sticky":false,"template":"","format":"standard","meta":{"footnotes":""},"categories":[173],"tags":[229,233,231,230,12691,33914,10919,500,232,234,146,147,25,24,244,911,10595,964,27222,23],"class_list":{"0":"post-292433","1":"post","2":"type-post","3":"status-publish","4":"format-standard","5":"has-post-thumbnail","7":"category-arte-y-diseno","8":"tag-arte","9":"tag-arte-y-diseno","10":"tag-arts","11":"tag-arts-and-design","12":"tag-casado","13":"tag-catedra","14":"tag-cesar","15":"tag-cierra","16":"tag-design","17":"tag-diseno","18":"tag-entertainment","19":"tag-entretenimiento","20":"tag-es","21":"tag-espana","22":"tag-fotografia","23":"tag-memoria","24":"tag-pombo","25":"tag-santander","26":"tag-soto","27":"tag-spain"},"share_on_mastodon":{"url":"https:\/\/pubeurope.com\/@es\/115733866029261441","error":""},"_links":{"self":[{"href":"https:\/\/www.europesays.com\/es\/wp-json\/wp\/v2\/posts\/292433","targetHints":{"allow":["GET"]}}],"collection":[{"href":"https:\/\/www.europesays.com\/es\/wp-json\/wp\/v2\/posts"}],"about":[{"href":"https:\/\/www.europesays.com\/es\/wp-json\/wp\/v2\/types\/post"}],"author":[{"embeddable":true,"href":"https:\/\/www.europesays.com\/es\/wp-json\/wp\/v2\/users\/2"}],"replies":[{"embeddable":true,"href":"https:\/\/www.europesays.com\/es\/wp-json\/wp\/v2\/comments?post=292433"}],"version-history":[{"count":0,"href":"https:\/\/www.europesays.com\/es\/wp-json\/wp\/v2\/posts\/292433\/revisions"}],"wp:featuredmedia":[{"embeddable":true,"href":"https:\/\/www.europesays.com\/es\/wp-json\/wp\/v2\/media\/292434"}],"wp:attachment":[{"href":"https:\/\/www.europesays.com\/es\/wp-json\/wp\/v2\/media?parent=292433"}],"wp:term":[{"taxonomy":"category","embeddable":true,"href":"https:\/\/www.europesays.com\/es\/wp-json\/wp\/v2\/categories?post=292433"},{"taxonomy":"post_tag","embeddable":true,"href":"https:\/\/www.europesays.com\/es\/wp-json\/wp\/v2\/tags?post=292433"}],"curies":[{"name":"wp","href":"https:\/\/api.w.org\/{rel}","templated":true}]}}