{"id":292435,"date":"2025-12-17T08:04:10","date_gmt":"2025-12-17T08:04:10","guid":{"rendered":"https:\/\/www.europesays.com\/es\/292435\/"},"modified":"2025-12-17T08:04:10","modified_gmt":"2025-12-17T08:04:10","slug":"fea-fea-no-pero-guapa-tampoco","status":"publish","type":"post","link":"https:\/\/www.europesays.com\/es\/292435\/","title":{"rendered":"Fea fea, no, pero guapa tampoco"},"content":{"rendered":"<p class=\"paragraph\">Una noche m\u00e1s, &#8216;First dates&#8217; lleg\u00f3 este martes a la pantalla de Cuatro para ofrecer divertidas historias de<b> solteros y solteras<\/b> que acuden al programa presentado<a href=\"https:\/\/www.heraldo.es\/noticias\/ocio-y-cultura\/2025\/12\/05\/jubilada-zaragoza-revoluciona-first-dates-reyes-1876240.html\" title=\"La masajista jubilada de Zaragoza que revoluciona &#039;First dates&#039;: &quot;Te voy a llevar al s\u00e9ptimo cielo&quot;\" rel=\"nofollow noopener\" target=\"_blank\"> por Carlos Sobera para encontrar el amor o, por lo menos, conocer a nuevas personas.\u00a0<\/a><\/p>\n<p class=\"paragraph\">Este fue el caso de<b> Jes\u00fas, un agricultor aragon\u00e9s de 61 a\u00f1os y residente en Cama\u00f1as, <\/b>un pueblo turolense de 160 habitantes. De primeras, reconoci\u00f3 que hasta el momento no hab\u00eda tenido suerte en el amor. \u00abSi pasa toda una vida y no te has enamorado, es como si no se hubiera vivido\u00bb, asever\u00f3.<\/p>\n<p class=\"paragraph\">Y prosigui\u00f3 ofreciendo detalles sobre su vida en tierras turolenses: \u00abVengo de un pueblo de Teruel, Camu\u00f1as, que es peque\u00f1o. Hay pocas chicas, pocas mujeres. All\u00ed es muy dif\u00edcil. En invierno quedamos poca gente, 40 personas. <b>Soy soltero de siempre y no he encontrado&#8230; en fin.<\/b> Me gusta mucho el pueblo, he nacido all\u00ed y me gusta el campo. Es lo que he hecho siempre\u00bb.\u00a0<\/p>\n<p class=\"paragraph\">Al ser preguntado por Carlos Sobera por el perfil de la mujer que buscaba, fue muy escueto y directo: <b>\u00abBusco a una chica sencilla,<\/b> como yo\u00bb.\u00a0<\/p>\n<p class=\"paragraph\">A su encuentro acudi\u00f3 Maite, de 60 a\u00f1os y empleada de hogar de Tarrasa (Barcelona). As\u00ed se present\u00f3:<b> \u00abSoy una mujer un poco loquita. <\/b>El hombre que est\u00e9 conmigo tiene que estar m\u00e1s centrado que yo\u00bb.<\/p>\n<p class=\"paragraph\">Jes\u00fas le regal\u00f3 una rosa que le encant\u00f3 a la catalana (\u00abMe gustan los detalles, me he quedado muerta\u00bb). Sin embargo, no se gustaron f\u00edsicamente desde el principio. <b>\u00abFea fea no, pero guapa tampoco\u00bb,<\/b> dijo \u00e9l.<\/p>\n<p class=\"paragraph\">Ya sentados en la mesa para el \u00e1gape, ambos concretaron circunstancias personales. \u00abTrabajo en una empresa de limpieza. No me gusta el campo, pero me podr\u00eda adaptar\u00bb, apunt\u00f3 ella.<b> \u00abMe doler\u00eda mucho dejar el pueblo donde me he criado. <\/b>Si encuentras a alguien de quien est\u00e1s enamorado, eso cambia mucho\u00bb, replic\u00f3 \u00e9l.\u00a0<\/p>\n<p class=\"paragraph\">Tampoco se pusieron de acuerdo en las aficiones, muy dispares. \u00abMe gusta bailar y la playa\u00bb, revel\u00f3 Maite. \u00abYo en la playa estuve cuando hice la mili en Castell\u00f3n, pero ya no he estado m\u00e1s en la playa. <b>Tampoco salgo mucho. <\/b>Cuando te has criado en un pueblo, es lo que pasa\u00bb, complet\u00f3 Jes\u00fas.<\/p>\n<p class=\"paragraph\">Con todos estos factores, estaba claro que la cita no ir\u00eda m\u00e1s all\u00e1. Maite no vacil\u00f3: \u00abQu\u00e9 detallazo la rosa. No me voy a separar de ella. Como pareja no tendr\u00eda una segunda cita. <b>Me has ca\u00eddo muy bien pero no me ha llegado el feeling.<\/b> Como amigo, me tienes\u00bb.<\/p>\n<p class=\"paragraph\">Y Jes\u00fas, que ya hab\u00eda avanzado que no hab\u00eda conexi\u00f3n, respondi\u00f3: \u00abPienso igual que ella porque<b> no he sentido la chispa<\/b> para tener m\u00e1s citas. Encantado de conocerte, Maite\u00bb.\u00a0<\/p>\n","protected":false},"excerpt":{"rendered":"Una noche m\u00e1s, &#8216;First dates&#8217; lleg\u00f3 este martes a la pantalla de Cuatro para ofrecer divertidas historias de&hellip;\n","protected":false},"author":2,"featured_media":292436,"comment_status":"","ping_status":"","sticky":false,"template":"","format":"standard","meta":{"footnotes":""},"categories":[171],"tags":[4499,146,147,25,24,2759,23,214],"class_list":{"0":"post-292435","1":"post","2":"type-post","3":"status-publish","4":"format-standard","5":"has-post-thumbnail","7":"category-tv","8":"tag-aragon","9":"tag-entertainment","10":"tag-entretenimiento","11":"tag-es","12":"tag-espana","13":"tag-first-dates","14":"tag-spain","15":"tag-tv"},"share_on_mastodon":{"url":"https:\/\/pubeurope.com\/@es\/115733873682298340","error":""},"_links":{"self":[{"href":"https:\/\/www.europesays.com\/es\/wp-json\/wp\/v2\/posts\/292435","targetHints":{"allow":["GET"]}}],"collection":[{"href":"https:\/\/www.europesays.com\/es\/wp-json\/wp\/v2\/posts"}],"about":[{"href":"https:\/\/www.europesays.com\/es\/wp-json\/wp\/v2\/types\/post"}],"author":[{"embeddable":true,"href":"https:\/\/www.europesays.com\/es\/wp-json\/wp\/v2\/users\/2"}],"replies":[{"embeddable":true,"href":"https:\/\/www.europesays.com\/es\/wp-json\/wp\/v2\/comments?post=292435"}],"version-history":[{"count":0,"href":"https:\/\/www.europesays.com\/es\/wp-json\/wp\/v2\/posts\/292435\/revisions"}],"wp:featuredmedia":[{"embeddable":true,"href":"https:\/\/www.europesays.com\/es\/wp-json\/wp\/v2\/media\/292436"}],"wp:attachment":[{"href":"https:\/\/www.europesays.com\/es\/wp-json\/wp\/v2\/media?parent=292435"}],"wp:term":[{"taxonomy":"category","embeddable":true,"href":"https:\/\/www.europesays.com\/es\/wp-json\/wp\/v2\/categories?post=292435"},{"taxonomy":"post_tag","embeddable":true,"href":"https:\/\/www.europesays.com\/es\/wp-json\/wp\/v2\/tags?post=292435"}],"curies":[{"name":"wp","href":"https:\/\/api.w.org\/{rel}","templated":true}]}}