{"id":292451,"date":"2025-12-17T08:12:17","date_gmt":"2025-12-17T08:12:17","guid":{"rendered":"https:\/\/www.europesays.com\/es\/292451\/"},"modified":"2025-12-17T08:12:17","modified_gmt":"2025-12-17T08:12:17","slug":"incluye-a-siria-y-palestina","status":"publish","type":"post","link":"https:\/\/www.europesays.com\/es\/292451\/","title":{"rendered":"incluye a Siria y Palestina"},"content":{"rendered":"<p style=\"\">El presidente <a href=\"https:\/\/www.abc.es\/noticias\/donald-trump\/\" title=\"www.abc.es\" data-voc-vtm-id=\"in-text-traffic\" data-mrf-link=\"www.abc.es\" rel=\"nofollow noopener\" target=\"_blank\">Donald Trump<\/a> ha firmado este martes una proclamaci\u00f3n que ampl\u00eda y endurece las restricciones de entrada a Estados Unidos para nacionales de decenas de pa\u00edses, en el marco de su estrategia de control migratorio bajo el argumento de seguridad nacional y seguridad  &#8230; p\u00fablica.<\/p>\n<p class=\"voc-p\" style=\"\">En ese marco, Trump mantiene la suspensi\u00f3n total de entrada para nacionales de <strong>12 pa\u00edses<\/strong> ya incluidos en una proclamaci\u00f3n previa: Afganist\u00e1n, Birmania, Chad, Rep\u00fablica del Congo, Guinea Ecuatorial, Eritrea, Hait\u00ed, Ir\u00e1n, Libia, Somalia, Sud\u00e1n y Yemen, y a esa lista a\u00f1ade una nueva suspensi\u00f3n total para Burkina Faso, Laos, Mali, N\u00edger, Sierra Leona, Sud\u00e1n del Sur y Siria. <\/p>\n<p class=\"voc-p\" style=\"\">Tambi\u00e9n impone una suspensi\u00f3n total a quienes intenten viajar con documentos emitidos o avalados por la Autoridad Palestina, alegando que no pueden ser verificados adecuadamente dadas las condiciones de seguridad en la regi\u00f3n.<\/p>\n<p class=\"voc-p\" style=\"\">La Casa Blanca ha presentado la medida como una <strong>continuaci\u00f3n de las restricciones<\/strong> aplicadas durante el primer mandato de Trump, que, seg\u00fan el texto, fueron respaldadas por el Tribunal Supremo. La proclamaci\u00f3n se apoya en la autoridad presidencial para suspender la entrada de extranjeros cuando, a juicio del jefe del Ejecutivo, esa admisi\u00f3n ser\u00eda \u00abperjudicial\u00bb para el inter\u00e9s nacional.<\/p>\n<p class=\"voc-p\" style=\"\">El n\u00facleo del documento es un diagn\u00f3stico sobre fallos de verificaci\u00f3n en pa\u00edses a los que Washington atribuye deficiencias cr\u00f3nicas para acreditar identidades, compartir informaci\u00f3n de seguridad y aportar antecedentes fiables. La proclamaci\u00f3n menciona, como ejemplos, falta de registros civiles consistentes, documentos susceptibles de alteraci\u00f3n, mercados de falsificaci\u00f3n, corrupci\u00f3n, registros criminales inaccesibles o poco confiables, y dificultades para confirmar datos b\u00e1sicos como nacimientos o empadronamiento. <\/p>\n<p class=\"voc-p\" style=\"\">En varios pasajes, el texto vincula esos problemas con riesgos de terrorismo, crimen organizado, tr\u00e1fico de personas y abusos migratorios, incluyendo<strong> altos niveles de vulneraci\u00f3n de los t\u00e9rminos del visado.<\/strong><\/p>\n<p class=\"voc-p\" style=\"\">En paralelo, el texto mantiene restricciones parciales para Burundi, Cuba, Togo y Venezuela, y modifica el caso de Turkmenist\u00e1n: levanta la suspensi\u00f3n para ciertos visados de no inmigrante, pero mantiene la restricci\u00f3n para inmigrantes.<\/p>\n<p class=\"voc-p\" style=\"\">La proclamaci\u00f3n incluye un ajuste pol\u00edtico relevante: recorta excepciones, y en particular se\u00f1ala que los visados de inmigrante por v\u00ednculos familiares ya no ser\u00e1n una excepci\u00f3n amplia. Las exenciones, dice, se aplicar\u00e1n caso por caso cuando haya un \u00abinter\u00e9s nacional\u00bb definido por los secretarios de Estado, Seguridad Nacional o por la fiscal general, con coordinaci\u00f3n interagencial.<\/p>\n<p class=\"voc-p\" style=\"\">La entrada en vigor est\u00e1 fijada para el 1 de enero de 2026 a las 00:01, hora de Washington. La medida consolida un sistema de restricciones por pa\u00eds basado en filtros de documentaci\u00f3n e intercambio de informaci\u00f3n, y lo presenta como palanca para forzar cooperaci\u00f3n y cambios administrativos en gobiernos extranjeros.<\/p>\n","protected":false},"excerpt":{"rendered":"El presidente Donald Trump ha firmado este martes una proclamaci\u00f3n que ampl\u00eda y endurece las restricciones de entrada&hellip;\n","protected":false},"author":2,"featured_media":292452,"comment_status":"","ping_status":"","sticky":false,"template":"","format":"standard","meta":{"footnotes":""},"categories":[42],"tags":[19363,17,18,5089,4217,13,14,11,8587,61,62,63,64,19,20,12182,9,10,15,16,8523,76,20620,32787,12,936,21,22,4218,65,66,67],"class_list":{"0":"post-292451","1":"post","2":"type-post","3":"status-publish","4":"format-standard","5":"has-post-thumbnail","7":"category-internacional","8":"tag-amplia","9":"tag-breaking-news","10":"tag-breakingnews","11":"tag-entrada","12":"tag-estados","13":"tag-featured-news","14":"tag-featurednews","15":"tag-headlines","16":"tag-incluye","17":"tag-internacional","18":"tag-international","19":"tag-international-news","20":"tag-internationalnews","21":"tag-latest-news","22":"tag-latestnews","23":"tag-lista","24":"tag-news","25":"tag-noticias","26":"tag-noticias-destacadas","27":"tag-noticiasdestacadas","28":"tag-paises","29":"tag-palestina","30":"tag-restricciones","31":"tag-siria","32":"tag-titulares","33":"tag-trump","34":"tag-ultimas-noticias","35":"tag-ultimasnoticias","36":"tag-unidos","37":"tag-world","38":"tag-world-news","39":"tag-worldnews"},"share_on_mastodon":{"url":"https:\/\/pubeurope.com\/@es\/115733905130305944","error":""},"_links":{"self":[{"href":"https:\/\/www.europesays.com\/es\/wp-json\/wp\/v2\/posts\/292451","targetHints":{"allow":["GET"]}}],"collection":[{"href":"https:\/\/www.europesays.com\/es\/wp-json\/wp\/v2\/posts"}],"about":[{"href":"https:\/\/www.europesays.com\/es\/wp-json\/wp\/v2\/types\/post"}],"author":[{"embeddable":true,"href":"https:\/\/www.europesays.com\/es\/wp-json\/wp\/v2\/users\/2"}],"replies":[{"embeddable":true,"href":"https:\/\/www.europesays.com\/es\/wp-json\/wp\/v2\/comments?post=292451"}],"version-history":[{"count":0,"href":"https:\/\/www.europesays.com\/es\/wp-json\/wp\/v2\/posts\/292451\/revisions"}],"wp:featuredmedia":[{"embeddable":true,"href":"https:\/\/www.europesays.com\/es\/wp-json\/wp\/v2\/media\/292452"}],"wp:attachment":[{"href":"https:\/\/www.europesays.com\/es\/wp-json\/wp\/v2\/media?parent=292451"}],"wp:term":[{"taxonomy":"category","embeddable":true,"href":"https:\/\/www.europesays.com\/es\/wp-json\/wp\/v2\/categories?post=292451"},{"taxonomy":"post_tag","embeddable":true,"href":"https:\/\/www.europesays.com\/es\/wp-json\/wp\/v2\/tags?post=292451"}],"curies":[{"name":"wp","href":"https:\/\/api.w.org\/{rel}","templated":true}]}}