{"id":292455,"date":"2025-12-17T08:14:11","date_gmt":"2025-12-17T08:14:11","guid":{"rendered":"https:\/\/www.europesays.com\/es\/292455\/"},"modified":"2025-12-17T08:14:11","modified_gmt":"2025-12-17T08:14:11","slug":"rashford-se-quito-un-peso-de-encima-en-el-90","status":"publish","type":"post","link":"https:\/\/www.europesays.com\/es\/292455\/","title":{"rendered":"Rashford se quit\u00f3 un peso de encima en el 90&#8242;"},"content":{"rendered":"<p data-mrf-recirculation=\"Links P\u00e1rrafos\" class=\"ue-c-article__paragraph paragraph xai-icon-container ue-c-article--first-letter-highlighted\">La porter\u00eda hab\u00eda sido el centro de atenci\u00f3n en la previa del debut del <strong>Barcelona <\/strong>en la <strong>Copa<\/strong>. Finalmente, <strong>Ter Stegen<\/strong> estuvo bajo palos y tuvo dos intervenciones a destacar.\u00a0<strong>Flick <\/strong>puso de entrada a futbolistas como <strong>Lamine Yamal y Rashford<\/strong>. Precisamente, el ingl\u00e9s pudo quitarse la espinita. Fall\u00f3 dos muy claras, pero logr\u00f3 el segundo gol de la noche en el 90&#8242;.<\/p>\n<p>\n                \u00bfQuieres seguir leyendo?\n            <\/p>\n<p>                Reg\u00edstrate GRATIS<\/p>\n<p class=\"ue-c-article__premium-club-marca-member\">\u00bfYa tienes cuenta?<br \/>\n                Inicia sesi\u00f3n\n            <\/p>\n","protected":false},"excerpt":{"rendered":"La porter\u00eda hab\u00eda sido el centro de atenci\u00f3n en la previa del debut del Barcelona en la Copa.&hellip;\n","protected":false},"author":2,"featured_media":292456,"comment_status":"","ping_status":"","sticky":false,"template":"","format":"standard","meta":{"footnotes":""},"categories":[5],"tags":[17,18,25,24,13,14,11,19,20,9,10,15,16,23,12,21,22],"class_list":{"0":"post-292455","1":"post","2":"type-post","3":"status-publish","4":"format-standard","5":"has-post-thumbnail","7":"category-titulares","8":"tag-breaking-news","9":"tag-breakingnews","10":"tag-es","11":"tag-espana","12":"tag-featured-news","13":"tag-featurednews","14":"tag-headlines","15":"tag-latest-news","16":"tag-latestnews","17":"tag-news","18":"tag-noticias","19":"tag-noticias-destacadas","20":"tag-noticiasdestacadas","21":"tag-spain","22":"tag-titulares","23":"tag-ultimas-noticias","24":"tag-ultimasnoticias"},"share_on_mastodon":{"url":"https:\/\/pubeurope.com\/@es\/115733912758729311","error":""},"_links":{"self":[{"href":"https:\/\/www.europesays.com\/es\/wp-json\/wp\/v2\/posts\/292455","targetHints":{"allow":["GET"]}}],"collection":[{"href":"https:\/\/www.europesays.com\/es\/wp-json\/wp\/v2\/posts"}],"about":[{"href":"https:\/\/www.europesays.com\/es\/wp-json\/wp\/v2\/types\/post"}],"author":[{"embeddable":true,"href":"https:\/\/www.europesays.com\/es\/wp-json\/wp\/v2\/users\/2"}],"replies":[{"embeddable":true,"href":"https:\/\/www.europesays.com\/es\/wp-json\/wp\/v2\/comments?post=292455"}],"version-history":[{"count":0,"href":"https:\/\/www.europesays.com\/es\/wp-json\/wp\/v2\/posts\/292455\/revisions"}],"wp:featuredmedia":[{"embeddable":true,"href":"https:\/\/www.europesays.com\/es\/wp-json\/wp\/v2\/media\/292456"}],"wp:attachment":[{"href":"https:\/\/www.europesays.com\/es\/wp-json\/wp\/v2\/media?parent=292455"}],"wp:term":[{"taxonomy":"category","embeddable":true,"href":"https:\/\/www.europesays.com\/es\/wp-json\/wp\/v2\/categories?post=292455"},{"taxonomy":"post_tag","embeddable":true,"href":"https:\/\/www.europesays.com\/es\/wp-json\/wp\/v2\/tags?post=292455"}],"curies":[{"name":"wp","href":"https:\/\/api.w.org\/{rel}","templated":true}]}}