{"id":292460,"date":"2025-12-17T08:22:15","date_gmt":"2025-12-17T08:22:15","guid":{"rendered":"https:\/\/www.europesays.com\/es\/292460\/"},"modified":"2025-12-17T08:22:15","modified_gmt":"2025-12-17T08:22:15","slug":"la-joya-de-16-anos-del-barca-de-basket-que-rompe-records-en-la-euroliga-bajo-la-lupa-de-xavi-pascual","status":"publish","type":"post","link":"https:\/\/www.europesays.com\/es\/292460\/","title":{"rendered":"La joya de 16 a\u00f1os del Bar\u00e7a de basket que rompe r\u00e9cords en la Euroliga bajo la lupa de Xavi Pascual"},"content":{"rendered":"<p>                <a href=\"https:\/\/cronicaglobal.elespanol.com\/culemania\/secciones\/\" class=\"kicker--section\" rel=\"nofollow noopener\" target=\"_blank\">Secciones<\/a><\/p>\n<p>\n    La joven promesa azulgrana se estren\u00f3 en la competici\u00f3n europea, marcando un hecho hist\u00f3rico en el torneo\n<\/p>\n<p>    Noticias relacionadas<\/p>\n<p class=\"paragraph\" id=\"paragraph_1\">La Mas\u00eda es una fuente inagotable de talento. De eso no hay ninguna duda.<strong> La cantera cul\u00e9 nutre todas las disciplinas del FC Barcelona diariamente y en el <a href=\"https:\/\/cronicaglobal.elespanol.com\/culemania\/secciones\/20251214\/sensibles-lesion-barca-basket-preocupacion-palau-blaugrana\/1003742715984_0.html?utm_cmp_rs=linksinline\" target=\"_blank\" rel=\"nofollow noopener\">Bar\u00e7a de basket<\/a> no reside la excepci\u00f3n<\/strong>. En el \u00faltimo partido del cuadro azulgrana, <a href=\"https:\/\/cronicaglobal.elespanol.com\/culemania\/secciones\/20251214\/descartes-joan-penarroya-barca-resurgen-xavi-pascual\/1003742715996_0.html?utm_cmp_rs=linksinline\" target=\"_blank\" rel=\"nofollow noopener\">Xavi Pascual<\/a> tom\u00f3 la decisi\u00f3n de hacer debutar a una joya de 16 a\u00f1os, que tras pisar el parqu\u00e9, rompi\u00f3 un <strong>r\u00e9cord hist\u00f3rico<\/strong> de la competici\u00f3n.<\/p>\n<p>S\u00e9ptima victoria consecutiva<\/p>\n<p class=\"paragraph\" id=\"paragraph_2\">Este martes, el Bar\u00e7a de basket visitaba la pista del <strong>Paris Basketball<\/strong> con el objetivo de dar continuidad a su racha de victorias en la Euroliga y<a href=\"https:\/\/cronicaglobal.elespanol.com\/culemania\/secciones\/20251215\/fichaje-inesperado-xavi-pascual-barca-basket-valoracion\/1003742716047_0.html?utm_cmp_rs=linksinline\" target=\"_blank\" rel=\"nofollow noopener\"> Pascual<\/a> no defraud\u00f3.<strong> Los cul\u00e9s se impusieron por 69 a 85<\/strong> en un choque en el que los del t\u00e9cnico de Gav\u00e1 estuvieron por encima en todo momento.<\/p>\n<p><img decoding=\"async\" alt=\"Will Clyburn en el Paris Basketball-Bar\u00e7a de basket de la Euroliga\" data-imgm=\"true\" height=\"180\" loading=\"lazy\"  src=\"https:\/\/www.europesays.com\/es\/wp-content\/uploads\/2025\/12\/1003742716688_15519502_1024x576.jpg\"  width=\"320\"\/><\/p>\n<p>                                                            Will Clyburn en el Paris Basketball-Bar\u00e7a de basket de la Euroliga<\/p>\n<p>                    FCB<\/p>\n<p><img decoding=\"async\" alt=\"Will Clyburn en el Paris Basketball-Bar\u00e7a de basket de la Euroliga\" data-imgm=\"true\" height=\"180\" loading=\"lazy\"  src=\"https:\/\/www.europesays.com\/es\/wp-content\/uploads\/2025\/12\/1003742716689_15519523_1024x576.jpg\"  width=\"320\"\/><\/p>\n<p>                                                            Will Clyburn en el Paris Basketball-Bar\u00e7a de basket de la Euroliga<\/p>\n<p>                    FCB<\/p>\n<p class=\"paragraph\" id=\"paragraph_3\">Un primer cuarto de 13 a 30 decant\u00f3 la balanza desde el minuto 1 y las grandes actuaciones de <strong>Kevin Punter (21) y Will Clyburn (19)<\/strong> lideraron el triunfo azulgrana. De este modo, el Bar\u00e7a de basket acumula <strong>siete victorias consecutivas<\/strong>, que plasman un 7 de 8 desde la llegada de Pascual al banquillo barcelon\u00e9s. Gran retorno.<\/p>\n<p>El debutante m\u00e1s joven de la historia<\/p>\n<p class=\"paragraph\" id=\"paragraph_4\">Sin embargo, ni las grandes actuaciones de Punter y Clyburn ni la confirmaci\u00f3n de la buena racha del conjunto cul\u00e9 fueron la mejor noticia de la noche. <strong>El foco de atenci\u00f3n se lo llev\u00f3 Nikola Kusturica<\/strong>. El alero serbio de 16 a\u00f1os debut\u00f3 con el FC Barcelona en la Euroliga, convirti\u00e9ndose en el<strong> jugador m\u00e1s joven<\/strong> de la historia en hacerlo del club catal\u00e1n: <strong>16 a\u00f1os, 7 meses y 16 d\u00edas<\/strong>.<\/p>\n<p><img loading=\"lazy\" decoding=\"async\" alt=\"Nikola Kusturica debuta con el Bar\u00e7a de basket en ACB con 16 a\u00f1os\" height=\"1776\" src=\"https:\/\/www.europesays.com\/es\/wp-content\/uploads\/2025\/12\/1003742696900_15267435_1706x1776.jpg\" width=\"1706\" data-lazy-status=\"processed\" data-lazy-info=\"remove loading item 1\"\/><\/p>\n<p>                                                            Nikola Kusturica debuta con el Bar\u00e7a de basket en ACB con 16 a\u00f1os<\/p>\n<p>                    FCB<\/p>\n<p class=\"paragraph\" id=\"paragraph_5\">El anterior valedor de dicho hito era <strong>James Nnaji, que en noviembre de 2021 debut\u00f3 con 17 a\u00f1os, 3 meses y 12 d\u00edas<\/strong>. Aunque tan solo estuvo encima de la pista durante <strong>un minuto y ocho segundos<\/strong>, el simple gesto de colocarlo en un escenario tan importante es la demostraci\u00f3n perfecta de que Pascual conf\u00eda en \u00e9l. Kusturica <strong>ya se estren\u00f3 en la Liga Endesa en dos ocasiones: contra el For\u00e7a Lleida y frente al Morabanc Andorra<\/strong>. Un futuro brillante.<\/p>\n","protected":false},"excerpt":{"rendered":"Secciones La joven promesa azulgrana se estren\u00f3 en la competici\u00f3n europea, marcando un hecho hist\u00f3rico en el torneo&hellip;\n","protected":false},"author":2,"featured_media":292461,"comment_status":"","ping_status":"","sticky":false,"template":"","format":"standard","meta":{"footnotes":""},"categories":[269],"tags":[299,298,168,25,24,4469,4470,23,167,4658],"class_list":{"0":"post-292460","1":"post","2":"type-post","3":"status-publish","4":"format-standard","5":"has-post-thumbnail","7":"category-baloncesto","8":"tag-baloncesto","9":"tag-basketball","10":"tag-deportes","11":"tag-es","12":"tag-espana","13":"tag-fcb-basket","14":"tag-secciones","15":"tag-spain","16":"tag-sports","17":"tag-xavi-pascual"},"share_on_mastodon":{"url":"https:\/\/pubeurope.com\/@es\/115733944910342774","error":""},"_links":{"self":[{"href":"https:\/\/www.europesays.com\/es\/wp-json\/wp\/v2\/posts\/292460","targetHints":{"allow":["GET"]}}],"collection":[{"href":"https:\/\/www.europesays.com\/es\/wp-json\/wp\/v2\/posts"}],"about":[{"href":"https:\/\/www.europesays.com\/es\/wp-json\/wp\/v2\/types\/post"}],"author":[{"embeddable":true,"href":"https:\/\/www.europesays.com\/es\/wp-json\/wp\/v2\/users\/2"}],"replies":[{"embeddable":true,"href":"https:\/\/www.europesays.com\/es\/wp-json\/wp\/v2\/comments?post=292460"}],"version-history":[{"count":0,"href":"https:\/\/www.europesays.com\/es\/wp-json\/wp\/v2\/posts\/292460\/revisions"}],"wp:featuredmedia":[{"embeddable":true,"href":"https:\/\/www.europesays.com\/es\/wp-json\/wp\/v2\/media\/292461"}],"wp:attachment":[{"href":"https:\/\/www.europesays.com\/es\/wp-json\/wp\/v2\/media?parent=292460"}],"wp:term":[{"taxonomy":"category","embeddable":true,"href":"https:\/\/www.europesays.com\/es\/wp-json\/wp\/v2\/categories?post=292460"},{"taxonomy":"post_tag","embeddable":true,"href":"https:\/\/www.europesays.com\/es\/wp-json\/wp\/v2\/tags?post=292460"}],"curies":[{"name":"wp","href":"https:\/\/api.w.org\/{rel}","templated":true}]}}