{"id":292462,"date":"2025-12-17T08:23:10","date_gmt":"2025-12-17T08:23:10","guid":{"rendered":"https:\/\/www.europesays.com\/es\/292462\/"},"modified":"2025-12-17T08:23:10","modified_gmt":"2025-12-17T08:23:10","slug":"estoy-dolido-su-despedida-para-mi-fue-dura","status":"publish","type":"post","link":"https:\/\/www.europesays.com\/es\/292462\/","title":{"rendered":"Estoy dolido, su despedida para m\u00ed fue dura"},"content":{"rendered":"<p data-gtm-element-container=\"modulo-texto-link\" class=\"paragraph\">Jon Mar\u00edtn destac\u00f3 la exigencia del encuentro en Elda. El defensa resalt\u00f3 la entrega del equipo y la complejidad de los compromisos, mostrando orgullo por la reacci\u00f3n de sus compa\u00f1eros en un duelo que exigi\u00f3 m\u00e1xima concentraci\u00f3n:\u00a0\u00a0\u00ab<strong>Se est\u00e1 viendo que los partidos no est\u00e1n siendo f\u00e1ciles<\/strong>. Le est\u00e1 costando a todo el mundo, incluso equipos de Primera se est\u00e1n quedando fuera. Hemos salido con todo, con muchas ganas. Al final lo hemos sacado\u00bb.<\/p>\n<p>    Lee tambi\u00e9n<\/p>\n<p data-gtm-element-container=\"modulo-texto-link\" class=\"paragraph\">Sobre la reciente despedida de Sergio Francisco, Jon Mar\u00edn confes\u00f3 su afecto y dolor: \u00abEs una pena. <strong>Sergio ha sido una persona muy importante para m\u00ed<\/strong>. Su despedida el otro d\u00eda para m\u00ed fue dura. No s\u00e9 si es justo o injusto, pero cuando las cosas no salen la paga el entrenador. Estoy <strong>dolido <\/strong>y con ese punto de <strong>responsabilidad <\/strong>porque los que estamos en el campo somos los que tenemos que responder\u00bb.\u00a0<\/p>\n<p data-gtm-element-container=\"modulo-texto-link\" class=\"paragraph\">Jon Mart\u00edn tambi\u00e9n celebr\u00f3 el debut de Lander Astiazaran, natural de Lasarte y amigo de su infancia: \u00ab<strong>Es amigo m\u00edo, de mi cuadrilla<\/strong>. Jugamos siempre desde que \u00e9ramos peque\u00f1os. Entramos juntos a la Real. <strong>Estoy muy contento por \u00e9l<\/strong>. Espero que haya m\u00e1s. En el gol, en la celebraci\u00f3n, Marrero me ha empujado y nos hemos dado con cabeza\u00bb.\u00a0<\/p>\n","protected":false},"excerpt":{"rendered":"Jon Mar\u00edtn destac\u00f3 la exigencia del encuentro en Elda. El defensa resalt\u00f3 la entrega del equipo y la&hellip;\n","protected":false},"author":2,"featured_media":292463,"comment_status":"","ping_status":"","sticky":false,"template":"","format":"standard","meta":{"footnotes":""},"categories":[268],"tags":[168,25,24,280,282,281,23,167],"class_list":{"0":"post-292462","1":"post","2":"type-post","3":"status-publish","4":"format-standard","5":"has-post-thumbnail","7":"category-futbol","8":"tag-deportes","9":"tag-es","10":"tag-espana","11":"tag-football","12":"tag-futbol","13":"tag-soccer","14":"tag-spain","15":"tag-sports"},"share_on_mastodon":{"url":"https:\/\/pubeurope.com\/@es\/115733948388964579","error":""},"_links":{"self":[{"href":"https:\/\/www.europesays.com\/es\/wp-json\/wp\/v2\/posts\/292462","targetHints":{"allow":["GET"]}}],"collection":[{"href":"https:\/\/www.europesays.com\/es\/wp-json\/wp\/v2\/posts"}],"about":[{"href":"https:\/\/www.europesays.com\/es\/wp-json\/wp\/v2\/types\/post"}],"author":[{"embeddable":true,"href":"https:\/\/www.europesays.com\/es\/wp-json\/wp\/v2\/users\/2"}],"replies":[{"embeddable":true,"href":"https:\/\/www.europesays.com\/es\/wp-json\/wp\/v2\/comments?post=292462"}],"version-history":[{"count":0,"href":"https:\/\/www.europesays.com\/es\/wp-json\/wp\/v2\/posts\/292462\/revisions"}],"wp:featuredmedia":[{"embeddable":true,"href":"https:\/\/www.europesays.com\/es\/wp-json\/wp\/v2\/media\/292463"}],"wp:attachment":[{"href":"https:\/\/www.europesays.com\/es\/wp-json\/wp\/v2\/media?parent=292462"}],"wp:term":[{"taxonomy":"category","embeddable":true,"href":"https:\/\/www.europesays.com\/es\/wp-json\/wp\/v2\/categories?post=292462"},{"taxonomy":"post_tag","embeddable":true,"href":"https:\/\/www.europesays.com\/es\/wp-json\/wp\/v2\/tags?post=292462"}],"curies":[{"name":"wp","href":"https:\/\/api.w.org\/{rel}","templated":true}]}}