{"id":292464,"date":"2025-12-17T08:24:15","date_gmt":"2025-12-17T08:24:15","guid":{"rendered":"https:\/\/www.europesays.com\/es\/292464\/"},"modified":"2025-12-17T08:24:15","modified_gmt":"2025-12-17T08:24:15","slug":"asi-es-ajla-etemovic-la-mujer-de-jota-peleteiro-con-la-que-se-caso-en-arabia-saudi-y-ahora-arremete-contra-jessica-bueno-que-verguenza","status":"publish","type":"post","link":"https:\/\/www.europesays.com\/es\/292464\/","title":{"rendered":"As\u00ed es Ajla Etemovic, la mujer de Jota Peleteiro con la que se cas\u00f3 en Arabia Saud\u00ed y ahora arremete contra Jessica Bueno: \u201cQu\u00e9 verg\u00fcenza\u201d"},"content":{"rendered":"<p data-gtm-element-container=\"modulo-texto-link\" class=\"paragraph\">Tres a\u00f1os dan para mucho, y si no, que se lo digan a Jota Peleteiro. El exfutbolista, casado hasta 2022 con Jessica Bueno, vive ahora una cotidianidad radicalmente distinta a sus a\u00f1os en matrimonio con la finalista de Supervivientes All Stars. Sin ir m\u00e1s lejos, el trato entre ellos no es especialmente bueno. As\u00ed lo dej\u00f3 claro a principios de mes en \u00a1De viernes!, donde explic\u00f3 que la comunicaci\u00f3n se limita a lo imprescindible y que el contacto con sus hijos se produce a diario a trav\u00e9s de tablets.<\/p>\n<p data-gtm-element-container=\"modulo-texto-link\" class=\"paragraph\">La entrevista, emitida el 6 de diciembre, fue tensa y extensa. El que fuera jugador del Celta, Eibar o Aston Villa acudi\u00f3 al programa para dar su versi\u00f3n del largo proceso judicial con la madre de sus dos hijos menores. Habl\u00f3 de acuerdos alcanzados, de una situaci\u00f3n econ\u00f3mica sin liquidez en el pasado y de su nueva vida profesional. Eso, adem\u00e1s de referirse al hijo mayor de su exmujer y a Kiko Rivera. El punto de inflexi\u00f3n que reaviv\u00f3 un conflicto que parec\u00eda contenido.<\/p>\n<p>                <img loading=\"lazy\" decoding=\"async\" data-full-src=\"https:\/\/www.lavanguardia.com\/uploads\/2024\/02\/21\/65d638da2d1e5.jpeg\" alt=\"Jota Peleteiro y Jessica Bueno\" width=\"449\" height=\"295\" src=\"https:\/\/www.europesays.com\/es\/wp-content\/uploads\/2025\/12\/65d638da2d1e5.r_d.842-363.jpeg\" class=\"lazy\"\/><\/p>\n<p class=\"caption-title \">Jota Peleteiro y Jessica Bueno pusieron fin a su matrimonio en 2022.<\/p>\n<p>                    Gtres<\/p>\n<p>De Serbia a Arabia Saud\u00ed<br \/>\nQui\u00e9n es la actual esposa del exfutbolista y c\u00f3mo se ha configurado su nueva vida lejos de Espa\u00f1a<\/p>\n<p data-gtm-element-container=\"modulo-texto-link\" class=\"paragraph\">La mujer que hoy acompa\u00f1a a Peleteiro se llama Ajla Etemovic. Es de origen serbio, tiene 33 a\u00f1os y se dedic\u00f3 durante a\u00f1os al modelaje. Antes de iniciar su relaci\u00f3n con el empresario gallego ya era madre de un ni\u00f1o, Zayn, fruto de una relaci\u00f3n anterior. La pareja hizo p\u00fablico su noviazgo a finales de 2023, pocos meses despu\u00e9s de que \u00e9l cerrara definitivamente su divorcio.<\/p>\n<p data-gtm-element-container=\"modulo-texto-link\" class=\"paragraph\">Ambos residen en Arabia Saud\u00ed, pa\u00eds al que \u00e9l se traslad\u00f3 por motivos profesionales tras su retirada del f\u00fatbol en 2021. All\u00ed desarrolla proyectos vinculados a la agrotecnolog\u00eda y la digitalizaci\u00f3n del sector primario. En julio de 2024 se casaron por sorpresa en la ciudad de Abha, en una ceremonia discreta. Cinco meses despu\u00e9s de convertirse al islam, el gallego formalizaba as\u00ed una nueva etapa personal.<\/p>\n<p>                <img loading=\"lazy\" decoding=\"async\" data-full-src=\"https:\/\/www.lavanguardia.com\/uploads\/2025\/12\/16\/6941c544d4675.jpeg\" alt=\"Jota y Ajla se casaron en julio de 2024.\" width=\"449\" height=\"561\" src=\"https:\/\/www.europesays.com\/es\/wp-content\/uploads\/2025\/12\/6941c544d4675.jpeg\" class=\"lazy\"\/><\/p>\n<p class=\"caption-title \">Jota y Ajla se casaron en julio de 2024.<\/p>\n<p>                    Instagram<\/p>\n<p data-gtm-element-container=\"modulo-texto-link\" class=\"paragraph\">En noviembre de 2024 naci\u00f3 su primer hijo en com\u00fan, Mansour Malik, el tercero para \u00e9l. La modelo comparte en redes sociales im\u00e1genes de su d\u00eda a d\u00eda familiar y del crecimiento del peque\u00f1o, as\u00ed como de la convivencia con los hijos que su marido tuvo durante su matrimonio anterior. Hasta ahora, su papel p\u00fablico hab\u00eda sido secundario y medido, siempre vinculado al apoyo a su pareja.<\/p>\n<p>\u201cQu\u00e9 verg\u00fcenza\u201d<br \/>\nEl cruce de declaraciones tras la respuesta televisiva de Jessica y la intervenci\u00f3n de Ajla a trav\u00e9s de Leticia Requejo<\/p>\n<p data-gtm-element-container=\"modulo-texto-link\" class=\"paragraph\">El pasado viernes, Jessica Bueno regres\u00f3 al mismo plat\u00f3 de Telecinco donde Jota dio su versi\u00f3n para responder a las palabras de su exmarido. \u201cEst\u00e1 contando mentiras para lavar su imagen y echarle la culpa al padre de mi hijo mayor\u201d, afirm\u00f3, en defensa de Kiko Rivera. Detall\u00f3 acuerdos pasados, decisiones tomadas durante la pandemia y cuestion\u00f3 la imagen de padre presente que, seg\u00fan ella, se estaba proyectando en televisi\u00f3n.<\/p>\n<p data-gtm-element-container=\"modulo-texto-link\" class=\"paragraph\">Dos d\u00edas despu\u00e9s, la actual esposa de Peleteiro romp\u00eda su silencio. Lo hizo a trav\u00e9s de la periodista Leticia Requejo, que desvel\u00f3 el mensaje recibido en El tiempo justo. \u201cQu\u00e9 verg\u00fcenza que haya ca\u00eddo tan bajo, hablando tan mal de alguien en la tele con mentiras y mentiras\u201d, le traslad\u00f3 Ajla al a comunicadora. En el mismo texto a\u00f1adi\u00f3: \u201cJota ayud\u00f3 a Jessica y a Fran desde que era un beb\u00e9; cuid\u00f3 de su hijo cuando su verdadero padre no le daba ni un euro\u201d.<\/p>\n<p>                <img loading=\"lazy\" decoding=\"async\" data-full-src=\"https:\/\/www.lavanguardia.com\/uploads\/2025\/12\/16\/6941c5773d2de.jpeg\" alt=\"Ajla Etemovic, ahora Ajla Peleteiro, tiene 33 a\u00f1os y es natural de Serbia.\" width=\"449\" height=\"561\" src=\"https:\/\/www.europesays.com\/es\/wp-content\/uploads\/2025\/12\/6941c5773d2de.jpeg\" class=\"lazy\"\/><\/p>\n<p class=\"caption-title \">Ajla Etemovic, ahora Ajla Peleteiro, tiene 33 a\u00f1os y es de origen serbio.<\/p>\n<p>                    Instagram<\/p>\n<p data-gtm-element-container=\"modulo-texto-link\" class=\"paragraph\">Es la primera vez que Ajla Etemovic arremete de forma directa contra la exmujer de su marido. Por el momento, no ha habido respuesta p\u00fablica a estas palabras. Mientras tanto, el conflicto sigue sumando cap\u00edtulos, con los protagonistas repartidos entre plat\u00f3s, comunicados y una vida que, aunque transcurre a miles de kil\u00f3metros, contin\u00faa muy presente en la actualidad televisiva.<\/p>\n","protected":false},"excerpt":{"rendered":"Tres a\u00f1os dan para mucho, y si no, que se lo digan a Jota Peleteiro. El exfutbolista, casado&hellip;\n","protected":false},"author":2,"featured_media":292465,"comment_status":"","ping_status":"","sticky":false,"template":"","format":"standard","meta":{"footnotes":""},"categories":[174],"tags":[255,146,147,25,24,256,23],"class_list":{"0":"post-292464","1":"post","2":"type-post","3":"status-publish","4":"format-standard","5":"has-post-thumbnail","7":"category-famosos","8":"tag-celebrities","9":"tag-entertainment","10":"tag-entretenimiento","11":"tag-es","12":"tag-espana","13":"tag-famosos","14":"tag-spain"},"share_on_mastodon":{"url":"https:\/\/pubeurope.com\/@es\/115733953250374597","error":""},"_links":{"self":[{"href":"https:\/\/www.europesays.com\/es\/wp-json\/wp\/v2\/posts\/292464","targetHints":{"allow":["GET"]}}],"collection":[{"href":"https:\/\/www.europesays.com\/es\/wp-json\/wp\/v2\/posts"}],"about":[{"href":"https:\/\/www.europesays.com\/es\/wp-json\/wp\/v2\/types\/post"}],"author":[{"embeddable":true,"href":"https:\/\/www.europesays.com\/es\/wp-json\/wp\/v2\/users\/2"}],"replies":[{"embeddable":true,"href":"https:\/\/www.europesays.com\/es\/wp-json\/wp\/v2\/comments?post=292464"}],"version-history":[{"count":0,"href":"https:\/\/www.europesays.com\/es\/wp-json\/wp\/v2\/posts\/292464\/revisions"}],"wp:featuredmedia":[{"embeddable":true,"href":"https:\/\/www.europesays.com\/es\/wp-json\/wp\/v2\/media\/292465"}],"wp:attachment":[{"href":"https:\/\/www.europesays.com\/es\/wp-json\/wp\/v2\/media?parent=292464"}],"wp:term":[{"taxonomy":"category","embeddable":true,"href":"https:\/\/www.europesays.com\/es\/wp-json\/wp\/v2\/categories?post=292464"},{"taxonomy":"post_tag","embeddable":true,"href":"https:\/\/www.europesays.com\/es\/wp-json\/wp\/v2\/tags?post=292464"}],"curies":[{"name":"wp","href":"https:\/\/api.w.org\/{rel}","templated":true}]}}