{"id":292466,"date":"2025-12-17T08:25:12","date_gmt":"2025-12-17T08:25:12","guid":{"rendered":"https:\/\/www.europesays.com\/es\/292466\/"},"modified":"2025-12-17T08:25:12","modified_gmt":"2025-12-17T08:25:12","slug":"filadelfia-devuelve-la-estatua-de-rocky-al-lugar-donde-nacio-la-leyenda","status":"publish","type":"post","link":"https:\/\/www.europesays.com\/es\/292466\/","title":{"rendered":"Filadelfia devuelve la estatua de Rocky al lugar donde naci\u00f3 la leyenda"},"content":{"rendered":"<p class=\"c-paragraph\">La ic\u00f3nica estatua de <a href=\"https:\/\/www.hobbyconsolas.com\/hobbycine\/rocky-ii-fue-esencial-para-que-martin-scorsese-pudiera-rodar-toro-salvaje_6881793_0.html\" title=\"Rocky II fue esencial para que Martin Scorsese pudiera rodar Toro salvaje\" rel=\"nofollow noopener\" target=\"_blank\">Rocky Balboa<\/a>, uno de los s\u00edmbolos m\u00e1s reconocibles de la saga cinematogr\u00e1fica, volver\u00e1 a ocupar el lugar que la convirti\u00f3 en un emblema mundial del cine y, sobre todo, de la ciudad de Filadelfia.<\/p>\n<p class=\"c-paragraph\">El pasado mi\u00e9rcoles <a href=\"https:\/\/www.nytimes.com\/2025\/12\/10\/us\/rocky-statue-philadelphia-art-museum-stallone.html\" rel=\"nofollow noreferrer noopener\" target=\"_blank\">se aprob\u00f3<\/a> de forma preliminar <b>el traslado de la estatua a la parte superior de las escaleras del Museo de Arte de Filadelfia<\/b>, el mismo lugar donde el personaje interpretado por <a href=\"https:\/\/www.hobbyconsolas.com\/hobbycine\/clint-eastwood-estuvo-cerca-protagonizar-acorralado-ser-un-rambo-muy-distinto_6881631_0.html\" title=\"Clint Eastwood estuvo cerca de protagonizar Acorralado y ser un Rambo muy distinto\" rel=\"nofollow noopener\" target=\"_blank\">Sylvester Stallone<\/a> culmina su famoso entrenamiento en la licencia original de Rocky.<\/p>\n<p class=\"c-paragraph\">La estatua fue creada en 1980 para Rocky III y, desde entonces, ha tenido varios emplazamientos en la ciudad. <b>Actualmente se encuentra a nivel de calle, junto a las escaleras del museo<\/b>, pero el nuevo plan contempla un recorrido previo dentro del museo antes de instalarla de forma definitiva en la cima de la escalinata.<\/p>\n<p class=\"c-paragraph\">Seg\u00fan lo acordado, <b>la estatua permanecer\u00e1 en exhibici\u00f3n dentro del museo durante la primavera y el verano de 2026, para despu\u00e9s trasladarse de manera permanente a su ubicaci\u00f3n hist\u00f3rica<\/b>.<\/p>\n<p class=\"c-paragraph\">Creative Philadelphia, el organismo municipal encargado del arte p\u00fablico, descart\u00f3 una propuesta anterior que planteaba entregar la estatua original a Sylvester Stallone y colocar un molde diferente en las escaleras. Cabe recordar que existe otra estatua id\u00e9ntica, realizada con el mismo molde, que se encuentra en el aeropuerto de Filadelfia.<\/p>\n<p class=\"c-paragraph\">Desde su primera instalaci\u00f3n frente al museo, la estatua ha generado debate y pol\u00e9mica. Parte del mundo del arte <b>consider\u00f3 durante a\u00f1os que se trataba \u00fanicamente de una pieza de utiler\u00eda cinematogr\u00e1fica, inapropiada para una instituci\u00f3n que alberga obras de artistas como Picasso<\/b>. Sin embargo, esas cr\u00edticas nunca han frenado su atractivo: millones de turistas hacen fila cada a\u00f1o para fotografiarse con Rocky.<\/p>\n<p class=\"c-paragraph\">La alcaldesa Cherelle Parker destac\u00f3 que la estatua se ha convertido \u201cen una piedra de toque cultural\u201d que refleja los valores, la determinaci\u00f3n y el esp\u00edritu de Filadelfia.<\/p>\n","protected":false},"excerpt":{"rendered":"La ic\u00f3nica estatua de Rocky Balboa, uno de los s\u00edmbolos m\u00e1s reconocibles de la saga cinematogr\u00e1fica, volver\u00e1 a&hellip;\n","protected":false},"author":2,"featured_media":292467,"comment_status":"","ping_status":"","sticky":false,"template":"","format":"standard","meta":{"footnotes":""},"categories":[173],"tags":[229,233,231,230,232,17798,234,146,147,25,24,2141,70015,2676,49426,23],"class_list":{"0":"post-292466","1":"post","2":"type-post","3":"status-publish","4":"format-standard","5":"has-post-thumbnail","7":"category-arte-y-diseno","8":"tag-arte","9":"tag-arte-y-diseno","10":"tag-arts","11":"tag-arts-and-design","12":"tag-design","13":"tag-devuelve","14":"tag-diseno","15":"tag-entertainment","16":"tag-entretenimiento","17":"tag-es","18":"tag-espana","19":"tag-estatua","20":"tag-filadelfia","21":"tag-lugar","22":"tag-rocky","23":"tag-spain"},"share_on_mastodon":{"url":"https:\/\/pubeurope.com\/@es\/115733956094155920","error":""},"_links":{"self":[{"href":"https:\/\/www.europesays.com\/es\/wp-json\/wp\/v2\/posts\/292466","targetHints":{"allow":["GET"]}}],"collection":[{"href":"https:\/\/www.europesays.com\/es\/wp-json\/wp\/v2\/posts"}],"about":[{"href":"https:\/\/www.europesays.com\/es\/wp-json\/wp\/v2\/types\/post"}],"author":[{"embeddable":true,"href":"https:\/\/www.europesays.com\/es\/wp-json\/wp\/v2\/users\/2"}],"replies":[{"embeddable":true,"href":"https:\/\/www.europesays.com\/es\/wp-json\/wp\/v2\/comments?post=292466"}],"version-history":[{"count":0,"href":"https:\/\/www.europesays.com\/es\/wp-json\/wp\/v2\/posts\/292466\/revisions"}],"wp:featuredmedia":[{"embeddable":true,"href":"https:\/\/www.europesays.com\/es\/wp-json\/wp\/v2\/media\/292467"}],"wp:attachment":[{"href":"https:\/\/www.europesays.com\/es\/wp-json\/wp\/v2\/media?parent=292466"}],"wp:term":[{"taxonomy":"category","embeddable":true,"href":"https:\/\/www.europesays.com\/es\/wp-json\/wp\/v2\/categories?post=292466"},{"taxonomy":"post_tag","embeddable":true,"href":"https:\/\/www.europesays.com\/es\/wp-json\/wp\/v2\/tags?post=292466"}],"curies":[{"name":"wp","href":"https:\/\/api.w.org\/{rel}","templated":true}]}}