{"id":292470,"date":"2025-12-17T08:28:25","date_gmt":"2025-12-17T08:28:25","guid":{"rendered":"https:\/\/www.europesays.com\/es\/292470\/"},"modified":"2025-12-17T08:28:25","modified_gmt":"2025-12-17T08:28:25","slug":"cinco-secretos-que-no-conocias-de-la-estrella-pop","status":"publish","type":"post","link":"https:\/\/www.europesays.com\/es\/292470\/","title":{"rendered":"cinco secretos que no conoc\u00edas de la estrella pop"},"content":{"rendered":"<p><strong>Antes de convertirse en la figura ic\u00f3nica que domina las listas musicales desde hace m\u00e1s de una d\u00e9cada, Katy Perry so\u00f1aba con un destino diferente. <\/strong>De hecho, durante su adolescencia lleg\u00f3 a considerar la posibilidad de convertirse en actriz o incluso dise\u00f1adora de <a href=\"https:\/\/www.ellitoral.com\/temas\/moda\" target=\"_self\" title=\"moda\" alt=\"moda\" rel=\"nofollow noopener\">moda<\/a>. <\/p>\n<p>Su camino hacia la m\u00fasica fue el resultado de una serie de giros inesperados, donde la persistencia y la b\u00fasqueda personal fueron claves.<\/p>\n<p><strong>Nacida en Santa B\u00e1rbara, <a href=\"https:\/\/www.ellitoral.com\/educacion\/santa-fe-california-experiencias-movilidad-estudiantil_0_sKIu1vhnUh.html\" target=\"_self\" title=\"California\" alt=\"California\" rel=\"nofollow noopener\">California<\/a>, en 1984, Katy creci\u00f3 en un hogar de estricta formaci\u00f3n religiosa. <\/strong>Su primer \u00e1lbum, de hecho, fue de m\u00fasica cristiana y pas\u00f3 desapercibido. Sin embargo, su ambici\u00f3n art\u00edstica nunca se detuvo.<\/p>\n<p><img decoding=\"async\" src=\"https:\/\/www.europesays.com\/es\/wp-content\/uploads\/2025\/12\/P2l26W7C5_870x580__1.jpg\" alt=\"Katy Perry, recipient of the Michael Jackson Video Vanguard Award and winner of the VMAs Most Iconic Performance award for &quot;Roar&quot; poses with her awards at the 2024 MTV Video Music Awards in Elmont, New York, U.S., September 11, 2024.\" width=\"870\" height=\"580\" class=\"styles_cover-image__pRCD1\" loading=\"lazy\"\/>Su camino hacia la m\u00fasica fue el resultado de una serie de giros inesperados. Cr\u00e9dito: Reuters. <\/p>\n<p><strong>Rechazos, reinvenciones y perseverancia<\/strong><\/p>\n<p>Lo que muchos no saben es que antes del \u00e9xito global con \u201cI Kissed a Girl\u201d en 2008,<strong> Perry atraves\u00f3 a\u00f1os de puertas cerradas y contratos discogr\u00e1ficos fallidos. <\/strong>Fue rechazada por al menos tres sellos importantes antes de firmar con Capitol Records.<\/p>\n<p>Durante esa etapa formativa, prob\u00f3 distintos estilos, escribi\u00f3 canciones para otros artistas y forj\u00f3 un car\u00e1cter que luego ser\u00eda clave en su carrera. Esa tenacidad es una de las razones por las que hoy se la reconoce no solo como cantante, sino como una empresaria y productora vers\u00e1til.<\/p>\n<p><a class=\"styles_nr-container__I5hdQ styles_paragraph-detail__IZKtN\" href=\"https:\/\/www.ellitoral.com\/show\/katy-perry-justin-trudeau-primeras-fotos-juntos-confirman-relacion-romance_0_vde3Lt3oW6.html\" rel=\"nofollow noopener\" target=\"_blank\"><img decoding=\"async\" src=\"https:\/\/www.europesays.com\/es\/wp-content\/uploads\/2025\/12\/eDyQLPgNz_248x166__1.jpg\" class=\"styles_image__YCaaA\" loading=\"lazy\"\/>Mir\u00e1 tambi\u00e9nKaty Perry confirma su relaci\u00f3n con Justin Trudeau en Jap\u00f3n y publica las primeras fotos juntos<\/a><\/p>\n<p><strong>Curiosidades fuera del escenario<\/strong><\/p>\n<p>Aunque su est\u00e9tica llamativa y shows llenos de color transmiten una imagen extrovertida, Katy es en realidad una persona reservada y algo supersticiosa. Es fan\u00e1tica de los documentales sobre el universo, y seg\u00fan su entorno, suele leer sobre astrolog\u00eda y fen\u00f3menos paranormales.<\/p>\n<p>Adem\u00e1s, ha revelado que mantiene una rutina estricta de meditaci\u00f3n diaria, algo que considera esencial para equilibrar su vida personal y profesional. Tambi\u00e9n es defensora activa de causas como los derechos LGBTQ+, la salud mental y la educaci\u00f3n en <a href=\"https:\/\/www.ellitoral.com\/temas\/estados-unidos\" target=\"_self\" title=\"Estados Unidos\" alt=\"Estados Unidos\" rel=\"nofollow noopener\">Estados Unidos<\/a>.<\/p>\n<p><a class=\"styles_nr-container__I5hdQ styles_paragraph-detail__IZKtN\" href=\"https:\/\/www.ellitoral.com\/show\/katy-perry-sorprendio-fans-repartiendo-empanadas-afuera-restaurante_0_Yf45F9bAz7.html\" rel=\"nofollow noopener\" target=\"_blank\"><img decoding=\"async\" src=\"https:\/\/www.europesays.com\/es\/wp-content\/uploads\/2025\/12\/KrrXE_ehe_248x166__1.jpg\" class=\"styles_image__YCaaA\" loading=\"lazy\"\/>Mir\u00e1 tambi\u00e9nKaty Perry sorprendi\u00f3 a sus fans repartiendo empanadas afuera de un restaurante<\/a><\/p>\n<p><strong>Su v\u00ednculo especial con los animales<\/strong><\/p>\n<p>Katy Perry es una amante declarada de los animales. Su mascota m\u00e1s famosa fue Kitty Purry, una gata que incluso lleg\u00f3 a formar parte de su imagen p\u00fablica en los primeros a\u00f1os de su carrera. Actualmente, comparte su hogar con su pareja, el actor Orlando Bloom, y su hija Daisy Dove, adem\u00e1s de sus perros Nugget y Butters.<\/p>\n<p>En varias entrevistas, ha reconocido que sus mascotas la ayudan a mantener los pies sobre la tierra, y no es raro verla en redes sociales compartiendo momentos con ellos.<\/p>\n<p><img decoding=\"async\" src=\"https:\/\/www.europesays.com\/es\/wp-content\/uploads\/2025\/12\/B1Bhaaqq0_870x580__1.jpg\" alt=\"Pop star Katy Perry comes out of the capsule in which she, journalists Gayle King, Lauren Sanchez, who is also billionaire Jeff Bezos' fiance and other participants, landed back on earth after blasting off into space on a Blue Origin rocket, as part of the New Shepard Mission NS-31, marking the first all-female flight crew in more than six decades, in West Texas, Texas, U.S., April 14, 2025, in this screen grab taken from a video. Blue Origin\/Handout via REUTERS    THIS IMAGE HAS BEEN SUPPLIED BY A THIRD PARTY. NO RESALES. NO ARCHIVES. MANDATORY CREDIT     TPX IMAGES OF THE DAY\" width=\"870\" height=\"580\" class=\"styles_cover-image__pRCD1\" loading=\"lazy\"\/>Perry fue una de las seleccionadas para participar en una misi\u00f3n espacial comercial. Cr\u00e9dito: Reuters. <\/p>\n<p><strong>La misi\u00f3n espacial<\/strong><\/p>\n<p>Uno de los datos m\u00e1s curiosos y recientes es que Perry fue una de las seleccionadas para participar en una misi\u00f3n espacial comercial, como parte de un proyecto tur\u00edstico que busca llevar a personalidades influyentes fuera de la \u00f3rbita terrestre.<\/p>\n<p> Aunque no hay fecha confirmada para el despegue, la propia cantante confirm\u00f3 su entusiasmo por la aventura y su deseo de \u201cver el mundo desde otra perspectiva\u201d.<\/p>\n<p>Katy Perry es mucho m\u00e1s que una voz potente o una estrella pop. Su historia es la de una mujer que supo reinventarse, resistir rechazos, cultivar intereses diversos y comprometerse con causas significativas. Detr\u00e1s del <a href=\"https:\/\/www.ellitoral.com\/nosotros\/belleza-tendencias-maquillaje-profesional-temporada-estilo-colores_0_yXdIpCXlZw.html\" target=\"_self\" title=\"maquillaje\" alt=\"maquillaje\" rel=\"nofollow noopener\">maquillaje<\/a> y los escenarios hay una artista aut\u00e9ntica, compleja y en constante evoluci\u00f3n.<\/p>\n","protected":false},"excerpt":{"rendered":"Antes de convertirse en la figura ic\u00f3nica que domina las listas musicales desde hace m\u00e1s de una d\u00e9cada,&hellip;\n","protected":false},"author":2,"featured_media":292471,"comment_status":"","ping_status":"","sticky":false,"template":"","format":"standard","meta":{"footnotes":""},"categories":[170],"tags":[146,147,25,24,70016,184,185,23],"class_list":{"0":"post-292470","1":"post","2":"type-post","3":"status-publish","4":"format-standard","5":"has-post-thumbnail","7":"category-musica","8":"tag-entertainment","9":"tag-entretenimiento","10":"tag-es","11":"tag-espana","12":"tag-especial-nosotros","13":"tag-music","14":"tag-musica","15":"tag-spain"},"share_on_mastodon":{"url":"https:\/\/pubeurope.com\/@es\/115733969179193268","error":""},"_links":{"self":[{"href":"https:\/\/www.europesays.com\/es\/wp-json\/wp\/v2\/posts\/292470","targetHints":{"allow":["GET"]}}],"collection":[{"href":"https:\/\/www.europesays.com\/es\/wp-json\/wp\/v2\/posts"}],"about":[{"href":"https:\/\/www.europesays.com\/es\/wp-json\/wp\/v2\/types\/post"}],"author":[{"embeddable":true,"href":"https:\/\/www.europesays.com\/es\/wp-json\/wp\/v2\/users\/2"}],"replies":[{"embeddable":true,"href":"https:\/\/www.europesays.com\/es\/wp-json\/wp\/v2\/comments?post=292470"}],"version-history":[{"count":0,"href":"https:\/\/www.europesays.com\/es\/wp-json\/wp\/v2\/posts\/292470\/revisions"}],"wp:featuredmedia":[{"embeddable":true,"href":"https:\/\/www.europesays.com\/es\/wp-json\/wp\/v2\/media\/292471"}],"wp:attachment":[{"href":"https:\/\/www.europesays.com\/es\/wp-json\/wp\/v2\/media?parent=292470"}],"wp:term":[{"taxonomy":"category","embeddable":true,"href":"https:\/\/www.europesays.com\/es\/wp-json\/wp\/v2\/categories?post=292470"},{"taxonomy":"post_tag","embeddable":true,"href":"https:\/\/www.europesays.com\/es\/wp-json\/wp\/v2\/tags?post=292470"}],"curies":[{"name":"wp","href":"https:\/\/api.w.org\/{rel}","templated":true}]}}