{"id":292482,"date":"2025-12-17T08:34:11","date_gmt":"2025-12-17T08:34:11","guid":{"rendered":"https:\/\/www.europesays.com\/es\/292482\/"},"modified":"2025-12-17T08:34:11","modified_gmt":"2025-12-17T08:34:11","slug":"endesa-supera-los-400-000-autoconsumos-conectados-a-su-red-de-distribucion","status":"publish","type":"post","link":"https:\/\/www.europesays.com\/es\/292482\/","title":{"rendered":"Endesa supera los 400.000 autoconsumos conectados a su red de distribuci\u00f3n"},"content":{"rendered":"<ul>\n<li>Los suministros con autoconsumo colectivo han superado la barrera de los 33.700, el doble que al cierre de 2024 y siete veces m\u00e1s que al finalizar 2023.<\/li>\n<li>La potencia de las instalaciones conectadas en la red de e-distribuci\u00f3n roza los 4,4 GW, suficiente para cubrir el consumo de 2,2 millones de hogares.<\/li>\n<\/ul>\n<p><strong>\u00a0<\/strong><\/p>\n<p>La filial de Redes de Endesa, e-distribuci\u00f3n, ha alcanzado un nuevo hito al <strong>superar los 400.000 suministros de autoconsumo conectados a su red de distribuci\u00f3n<\/strong>. Esta cifra representa un crecimiento del 20% respecto al acumulado en 2024 y confirma el liderazgo de Endesa en la activaci\u00f3n de las instalaciones autoconsumo en la red de distribuci\u00f3n el\u00e9ctrica espa\u00f1ola.<\/p>\n<p>En los <strong>\u00faltimos cinco a\u00f1os<\/strong> se ha <strong>multiplicado por m\u00e1s de 12 el n\u00famero de instalaciones conectadas<\/strong> a la red de e-distribuci\u00f3n, cifras que reflejan el compromiso de la compa\u00f1\u00eda con el desarrollo del nuevo modelo energ\u00e9tico, contribuyendo a que cada vez m\u00e1s personas y entidades puedan participar activamente en la generaci\u00f3n y gesti\u00f3n de su energ\u00eda.<\/p>\n<p>La potencia de las instalaciones de <strong>autoconsumo conectadas a la red de\u00a0 \u00a0 \u00a0 e-distribuci\u00f3n roza los 4,4 GW<\/strong>, con un incremento del 11,4% en el a\u00f1o. Estas instalaciones permiten evitar la emisi\u00f3n a la atm\u00f3sfera de 3,5 millones de toneladas de CO2 y generan la energ\u00eda suficiente para cubrir el consumo de 2,2 millones de hogares.<\/p>\n<p>e-distribuci\u00f3n, que gestiona la red de distribuci\u00f3n el\u00e9ctrica en Andaluc\u00eda, Catalu\u00f1a, Arag\u00f3n, Baleares, Canarias y parte de Extremadura, ha registrado crecimientos en la activaci\u00f3n de autoconsumos en todas las \u00e1reas, y tanto en los autoconsumos individuales como en los colectivos. Los primeros registran un incremento del 16% en el a\u00f1o hasta rozar los 368.000. Por su parte, los suministros de autoconsumo colectivo conectados a la red de Endesa han superado la barrera de los 33.700, el doble que al cierre de 2024 y siete veces m\u00e1s que al finalizar 2023.<\/p>\n<p>Aunque el autoconsumo individual sigue siendo el m\u00e1s numeroso, el colectivo gana peso a\u00f1o tras a\u00f1o, impulsado por <strong>comunidades de vecinos, pol\u00edgonos industriales y agrupaciones empresariales<\/strong> que apuestan por compartir la generaci\u00f3n renovable.<\/p>\n<p>\u00a0<\/p>\n<p><strong>Ayuda en la tramitaci\u00f3n y m\u00e1s informaci\u00f3n<\/strong><\/p>\n<p>Las mejoras introducidas en la tramitaci\u00f3n del autoconsumo, tanto en los procesos de validaci\u00f3n como en la informaci\u00f3n a los clientes, han permitido agilizar la activaci\u00f3n de estas instalaciones, especialmente en el caso de los autoconsumos colectivos.<\/p>\n<ul>\n<li>Endesa ha incorporado nuevas funcionalidades a la\u00a0<a href=\"https:\/\/www.edistribucion.com\/es\/red-electrica\/autoconsumo-electrico.html\" target=\"_blank\" rel=\"nofollow noopener\"><strong>web de e-distribuci\u00f3n<\/strong><\/a>, que facilitan la gesti\u00f3n de las solicitudes de autoconsumo. En la web se puede encontrar informaci\u00f3n completa y actualizada sobre las diferentes modalidades de autoconsumo, tr\u00e1mites y preguntas frecuentes para aclarar las dudas sobre los pasos a seguir.<\/li>\n<li>En el \u00e1rea privada, el cliente puede hacer un seguimiento en tiempo real de los tr\u00e1mites asociados a su solicitud de autoconsumo y saber en qu\u00e9 punto est\u00e1 en todo momento.<\/li>\n<li>Se han introducido mejoras en los formularios web para que resulte m\u00e1s f\u00e1cil para el ciudadano conocer la documentaci\u00f3n que debe adjuntar y se env\u00edan notificaciones autom\u00e1ticas con los siguientes pasos que deben seguirse para activar los suministros.<\/li>\n<li>En caso de duda, existe un n\u00famero de tel\u00e9fono (900 920 974) para atender las consultas sobre autoconsumo.<\/li>\n<li>Otra de las medidas implantadas en la web de e-distribuci\u00f3n es el <a href=\"https:\/\/www.edistribucion.com\/es\/red-electrica\/autoconsumo-electrico.html#validadortxtde\" target=\"_blank\" rel=\"nofollow noopener\">validador de ficheros TXT<\/a>. Este sistema detecta errores de formato en los documentos exigidos por el regulador para tramitar los autoconsumos colectivos, evitando retrasos y reinicios del proceso, y garantizando una contrataci\u00f3n m\u00e1s r\u00e1pida y eficiente.<\/li>\n<li>Tambi\u00e9n se incluye un simulador que permite validar si se cumplen las distancias recogidas en la regulaci\u00f3n para conectar autoconsumos a trav\u00e9s de la red.<\/li>\n<\/ul>\n<p>\u00a0<\/p>\n<p><strong>Sobre Endesa<\/strong><\/p>\n<p><a href=\"https:\/\/www.endesa.com\/\" target=\"_self\" rel=\"nofollow noopener\">Endesa<\/a>\u00a0es la compa\u00f1\u00eda el\u00e9ctrica l\u00edder en Espa\u00f1a y la segunda de Portugal. Adem\u00e1s, es el segundo operador gasista del mercado espa\u00f1ol. Desarrolla un negocio integrado de generaci\u00f3n, distribuci\u00f3n y comercializaci\u00f3n el\u00e9ctrica, y ofrece servicios de valor a\u00f1adido orientados a la electrificaci\u00f3n de los usos energ\u00e9ticos de hogares, empresas y administraciones p\u00fablicas. Endesa est\u00e1 comprometida con los\u00a0<a href=\"https:\/\/www.endesa.com\/es\/nuestro-compromiso\/nuestro-compromiso\/objetivos-desarrollo-sostenible\" target=\"_self\" rel=\"nofollow noopener\">ODS de Naciones Unidas<\/a>\u00a0y la responsabilidad social corporativa. En este \u00faltimo \u00e1mbito act\u00faa tambi\u00e9n desde la\u00a0<a href=\"http:\/\/www.fundacionendesa.org\/\" target=\"_blank\" rel=\"nofollow noopener\">Fundaci\u00f3n Endesa<\/a>. Nuestro equipo humano suma alrededor de 9.000 empleados. Endesa forma parte de\u00a0<a href=\"http:\/\/www.enel.com\/es\" target=\"_blank\" rel=\"nofollow noopener\">Enel<\/a>.<\/p>\n","protected":false},"excerpt":{"rendered":"Los suministros con autoconsumo colectivo han superado la barrera de los 33.700, el doble que al cierre de&hellip;\n","protected":false},"author":2,"featured_media":292483,"comment_status":"","ping_status":"","sticky":false,"template":"","format":"standard","meta":{"footnotes":""},"categories":[80],"tags":[82,95,94,25,24,23],"class_list":{"0":"post-292482","1":"post","2":"type-post","3":"status-publish","4":"format-standard","5":"has-post-thumbnail","7":"category-economia","8":"tag-business","9":"tag-economia","10":"tag-economy","11":"tag-es","12":"tag-espana","13":"tag-spain"},"share_on_mastodon":{"url":"https:\/\/pubeurope.com\/@es\/115733991739552903","error":""},"_links":{"self":[{"href":"https:\/\/www.europesays.com\/es\/wp-json\/wp\/v2\/posts\/292482","targetHints":{"allow":["GET"]}}],"collection":[{"href":"https:\/\/www.europesays.com\/es\/wp-json\/wp\/v2\/posts"}],"about":[{"href":"https:\/\/www.europesays.com\/es\/wp-json\/wp\/v2\/types\/post"}],"author":[{"embeddable":true,"href":"https:\/\/www.europesays.com\/es\/wp-json\/wp\/v2\/users\/2"}],"replies":[{"embeddable":true,"href":"https:\/\/www.europesays.com\/es\/wp-json\/wp\/v2\/comments?post=292482"}],"version-history":[{"count":0,"href":"https:\/\/www.europesays.com\/es\/wp-json\/wp\/v2\/posts\/292482\/revisions"}],"wp:featuredmedia":[{"embeddable":true,"href":"https:\/\/www.europesays.com\/es\/wp-json\/wp\/v2\/media\/292483"}],"wp:attachment":[{"href":"https:\/\/www.europesays.com\/es\/wp-json\/wp\/v2\/media?parent=292482"}],"wp:term":[{"taxonomy":"category","embeddable":true,"href":"https:\/\/www.europesays.com\/es\/wp-json\/wp\/v2\/categories?post=292482"},{"taxonomy":"post_tag","embeddable":true,"href":"https:\/\/www.europesays.com\/es\/wp-json\/wp\/v2\/tags?post=292482"}],"curies":[{"name":"wp","href":"https:\/\/api.w.org\/{rel}","templated":true}]}}