{"id":292484,"date":"2025-12-17T08:35:12","date_gmt":"2025-12-17T08:35:12","guid":{"rendered":"https:\/\/www.europesays.com\/es\/292484\/"},"modified":"2025-12-17T08:35:12","modified_gmt":"2025-12-17T08:35:12","slug":"margarita-robles-reitera-en-libano-el-compromiso-de-la-mision-espanola-con-la-paz-y-la-seguridad-en-la-region","status":"publish","type":"post","link":"https:\/\/www.europesays.com\/es\/292484\/","title":{"rendered":"Margarita Robles reitera en L\u00edbano el compromiso de la misi\u00f3n espa\u00f1ola con la paz y la seguridad en la regi\u00f3n"},"content":{"rendered":"<p class=\"main-image\">&#13; <img decoding=\"async\" alt=\"La ministra de Defensa, Margarita Robles, se dirige al contingente espa\u00f1ol desplegado en L\u00edbano\" title=\"La ministra de Defensa, Margarita Robles, se dirige al contingente espa\u00f1ol desplegado en L\u00edbano\" src=\"https:\/\/www.europesays.com\/es\/wp-content\/uploads\/2025\/12\/161225-robles-visita-libano.jpg\"\/>&#13;La ministra de Defensa, Margarita Robles, se dirige al contingente espa\u00f1ol desplegado en L\u00edbano como parte de la Fuerza Provisional de Naciones Unidas.&#13;&#13;<\/p>\n<p>La ministra de Defensa, Margarita Robles, que ha comenzado una visita de dos d\u00edas a L\u00edbano, ha destacado en un encuentro con el contingente espa\u00f1ol que, en unos momentos especialmente sensibles para la estabilidad de la regi\u00f3n, su labor sigue siendo esencial para la seguridad de la zona.<\/p>\n<p>Robles se ha dirigido as\u00ed a los integrantes de la BRILIB XLIV, que <a href=\"https:\/\/www.lamoncloa.gob.es\/serviciosdeprensa\/notasprensa\/defensa\/paginas\/2025\/201125-robles-despide-militares-libano.aspx\" onclick=\"javascript:GoogleTrackEvent(&#039;True&#039;,&#039;Contenido&#039;,&#039;Click&#039;,&#039;[https:\/\/www.lamoncloa.gob.es\/serviciosdeprensa\/notasprensa\/defensa\/Paginas\/2025\/161225-robles-visita-libano.aspx] despleg\u00f3 a finales de noviembre. [\/serviciosdeprensa\/notasprensa\/defensa\/paginas\/2025\/201125-robles-despide-militares-libano.aspx]&#039;);\" rel=\"nofollow noopener\" target=\"_blank\">despleg\u00f3 a finales de noviembre<\/a> para un per\u00edodo de seis meses, al mando del general de brigada Antonio Ram\u00f3n Bernal. Se trata de la misi\u00f3n de paz m\u00e1s numerosa a la que contribuye Espa\u00f1a, con casi 700 militares, que proceden en su gran mayor\u00eda de la Brigada &#8216;Guadarrama&#8217; XII (BRI XII).<\/p>\n<p>La ministra, que ha viajado acompa\u00f1ada del jefe de Estado Mayor de la Defensa (JEMAD), almirante general Teodoro L\u00f3pez Calder\u00f3n, se ha trasladado a la base &#8216;Miguel de Cervantes&#8217;, en Marjayoun, donde se encuentra el grueso del personal militar espa\u00f1ol. All\u00ed, ha recibido las \u00faltimas novedades de la misi\u00f3n de parte del jefe de la BRILIB, el general Bernal.<\/p>\n<p>La titular de Defensa ha reiterado en unas palabras al personal que la participaci\u00f3n de Espa\u00f1a en FINUL \u00abconsolida a Espa\u00f1a como socio fiable y responsable en el mantenimiento de la paz y la seguridad internacional\u00bb, y ha asistido a sendos actos de imposici\u00f3n de condecoraciones y de homenaje a los ca\u00eddos.<\/p>\n<p>Espa\u00f1a lidera en la zona la Brigada Multinacional Este, compuesta por unos 3.500 efectivos de 7 nacionalidades diferentes (India, Nepal, Indonesia, Serbia, El Salvador, Brasil y Espa\u00f1a). El contingente espa\u00f1ol, que lleg\u00f3 a contar con un m\u00e1ximo de 1.100 militares, se mantiene desde 2012 entre 600 y 700. Hasta el pasado mes de junio, Espa\u00f1a ostent\u00f3 el mando de Fuerza Provisional de Naciones Unidas para L\u00edbano.<\/p>\n<p>En la actualidad, y tras un acuerdo de cese de hostilidades acordado el pasado 24 de noviembre de 2024, la situaci\u00f3n en la zona se mantiene bajo una calma inestable.<\/p>\n<p>En este contexto y mediante una resoluci\u00f3n aprobada el pasado agosto, la ONU estableci\u00f3 el fin de las operaciones de FINUL para el 31 de diciembre de 2026, y el repliegue de las fuerzas a lo largo de 2027. En referencia a este tema, la ministra de Defensa ha manifestado que, de producirse esta finalizaci\u00f3n, la voluntad de Espa\u00f1a es mantener su apoyo al Gobierno de L\u00edbano y a las Fuerzas Armadas libanesas hasta que se den las condiciones oportunas.<\/p>\n<p>Como contribuci\u00f3n internacional, en la BRILIB XLIV est\u00e1n encuadradas una compa\u00f1\u00eda de Serbia, una secci\u00f3n de El Salvador y, por \u00faltimo, militares de Brasil, que est\u00e1n integrados en el Cuartel General.<\/p>\n<p>La misi\u00f3n de la ONU en L\u00edbano, a punto de cumplir 20 a\u00f1os<\/p>\n<p>La misi\u00f3n de la ONU en L\u00edbano tiene entre sus tareas vigilar el cese de las hostilidades entre Hezbol\u00e1 e Israel y acompa\u00f1ar y ayudar a las Fuerzas Armadas Libanesas en el sur del pa\u00eds y a lo largo de la separaci\u00f3n entre los dos estados, la llamada L\u00ednea Azul (&#8216;Blue Line&#8217;). Tambi\u00e9n garantiza el acceso humanitario a las poblaciones civiles y el retorno voluntario y seguro de las personas desplazadas, en colaboraci\u00f3n con las Fuerzas Armadas Libanesas.<\/p>\n<p>Espa\u00f1a participa en la misi\u00f3n de FINUL desde 2006, con el objetivo de contribuir a la implementaci\u00f3n de la Resoluci\u00f3n 1701 de Naciones Unidas para mantener la paz y seguridad internacionales y ayudar al Gobierno de L\u00edbano a restablecer su autoridad en la zona.<\/p>\n<p>La ministra tambi\u00e9n ha querido recordar a los cascos azules espa\u00f1oles el agradecimiento, tanto del Gobierno como del pueblo liban\u00e9s, por una labor que definen como \u00abinsustituible\u00bb.<\/p>\n<p>El grueso del contingente en la operaci\u00f3n &#8216;Libre Hidalgo&#8217; se encuentra en la base &#8216;Miguel de Cervantes&#8217;, y tambi\u00e9n hay personal espa\u00f1ol en el Cuartel General de la misi\u00f3n en Naqoura. Adem\u00e1s de la misi\u00f3n de la ONU, Espa\u00f1a tiene desplegados en L\u00edbano dos equipos m\u00f3viles de adiestramiento, uno de ellos de manera permanente en Sid\u00f3n, donde trabaja junto al contingente franc\u00e9s, y el otro de forma temporal en Beirut.<\/p>\n","protected":false},"excerpt":{"rendered":"&#13; &#13;La ministra de Defensa, Margarita Robles, se dirige al contingente espa\u00f1ol desplegado en L\u00edbano como parte de&hellip;\n","protected":false},"author":2,"featured_media":292485,"comment_status":"","ping_status":"","sticky":false,"template":"","format":"standard","meta":{"footnotes":""},"categories":[42],"tags":[517,17,18,1616,13,14,11,61,62,63,64,19,20,9,10,15,16,2330,12,21,22,65,66,67],"class_list":{"0":"post-292484","1":"post","2":"type-post","3":"status-publish","4":"format-standard","5":"has-post-thumbnail","7":"category-internacional","8":"tag-actualidad","9":"tag-breaking-news","10":"tag-breakingnews","11":"tag-defensa","12":"tag-featured-news","13":"tag-featurednews","14":"tag-headlines","15":"tag-internacional","16":"tag-international","17":"tag-international-news","18":"tag-internationalnews","19":"tag-latest-news","20":"tag-latestnews","21":"tag-news","22":"tag-noticias","23":"tag-noticias-destacadas","24":"tag-noticiasdestacadas","25":"tag-prensa","26":"tag-titulares","27":"tag-ultimas-noticias","28":"tag-ultimasnoticias","29":"tag-world","30":"tag-world-news","31":"tag-worldnews"},"share_on_mastodon":{"url":"https:\/\/pubeurope.com\/@es\/115733995818916003","error":""},"_links":{"self":[{"href":"https:\/\/www.europesays.com\/es\/wp-json\/wp\/v2\/posts\/292484","targetHints":{"allow":["GET"]}}],"collection":[{"href":"https:\/\/www.europesays.com\/es\/wp-json\/wp\/v2\/posts"}],"about":[{"href":"https:\/\/www.europesays.com\/es\/wp-json\/wp\/v2\/types\/post"}],"author":[{"embeddable":true,"href":"https:\/\/www.europesays.com\/es\/wp-json\/wp\/v2\/users\/2"}],"replies":[{"embeddable":true,"href":"https:\/\/www.europesays.com\/es\/wp-json\/wp\/v2\/comments?post=292484"}],"version-history":[{"count":0,"href":"https:\/\/www.europesays.com\/es\/wp-json\/wp\/v2\/posts\/292484\/revisions"}],"wp:featuredmedia":[{"embeddable":true,"href":"https:\/\/www.europesays.com\/es\/wp-json\/wp\/v2\/media\/292485"}],"wp:attachment":[{"href":"https:\/\/www.europesays.com\/es\/wp-json\/wp\/v2\/media?parent=292484"}],"wp:term":[{"taxonomy":"category","embeddable":true,"href":"https:\/\/www.europesays.com\/es\/wp-json\/wp\/v2\/categories?post=292484"},{"taxonomy":"post_tag","embeddable":true,"href":"https:\/\/www.europesays.com\/es\/wp-json\/wp\/v2\/tags?post=292484"}],"curies":[{"name":"wp","href":"https:\/\/api.w.org\/{rel}","templated":true}]}}