{"id":292486,"date":"2025-12-17T08:36:15","date_gmt":"2025-12-17T08:36:15","guid":{"rendered":"https:\/\/www.europesays.com\/es\/292486\/"},"modified":"2025-12-17T08:36:15","modified_gmt":"2025-12-17T08:36:15","slug":"la-afiliacion-de-extranjeros-suma-mas-de-200-000-afiliados-en-el-ultimo-ano-y-supera-los-3-120-000-ocupados-guia-para-solicitar-cita-previa-con-la-seguridad-social-guia-para-conocer-el-estado-de-tu-so","status":"publish","type":"post","link":"https:\/\/www.europesays.com\/es\/292486\/","title":{"rendered":"La afiliaci\u00f3n de extranjeros suma m\u00e1s de 200.000 afiliados en el \u00faltimo a\u00f1o y supera los 3.120.000 ocupados Gu\u00eda para solicitar cita previa con la Seguridad Social Gu\u00eda para conocer el estado de tu solicitud de Ingreso M\u00ednimo Vital Gu\u00eda sobre el complemento de Ayuda para la Infancia del Ingreso M\u00ednimo Vital (IMV) C\u00f3mo pedir la prestaci\u00f3n por nacimiento y cuidado de menor C\u00f3mo obtener el N\u00famero de la Seguridad Social Informe de Vida laboral: c\u00f3mo obtenerlo C\u00f3mo pedir el nuevo complemento para reducir la brecha de g\u00e9nero junto a la solicitud de su pensi\u00f3n C\u00f3mo dar de alta a un beneficiario en la Seguridad Social Importe de las Pensiones 2024 Ya puede consultar on-line el estado de la solicitud de los periodos sucesivos de la prestaci\u00f3n por nacimiento y cuidado del menor Gu\u00eda para solicitar cita previa con la Seguridad Social Gu\u00eda pr\u00e1ctica para simular tu futura jubilaci\u00f3n El informe m\u00e9dico de s\u00edntesis ya est\u00e1 disponible online \u00bfC\u00f3mo pido el Ingreso M\u00ednimo Vital? Consulta el estado de tu solicitud de prestaci\u00f3n identific\u00e1ndote v\u00eda SMS Gu\u00eda para solicitar la recuperaci\u00f3n de tus a\u00f1os de cotizaci\u00f3n por antiguas pr\u00e1cticas formativas C\u00f3mo solicitar la Tarjeta Sanitaria Europea C\u00f3mo simular tu futura jubilaci\u00f3n identific\u00e1ndote v\u00eda SMS Gu\u00eda per\u00edodos m\u00ednimos de cotizaci\u00f3n para acceder a las prestaciones de la Seguridad Social C\u00f3mo dar de alta a una persona empleada de hogar Guia equiparacion tiempo parcial 5 pasos para darse de alta como aut\u00f3nomo Novedades Simulador IMV C\u00f3mo obtener un certificado digital o registrarse en Clave para realizar tr\u00e1mites con la Seguridad Social \u00bfConoce las prestaciones familiares por hijo a cargo? El permiso por nacimiento y cuidado de menor ser\u00e1 de 16 semanas para ambos progenitores a partir de enero Gu\u00eda para entender tu informe de vida laboral Gu\u00eda de cotizaci\u00f3n de alumnos en pr\u00e1cticas no remuneradas La AEAT habilita un formulario para que los mutualistas jubilados soliciten las devoluciones de IRPF La Seguridad Social habilita nuevos tel\u00e9fonos de informaci\u00f3n y gesti\u00f3n de cita previa para pensiones y otras prestaciones Gu\u00eda para conocer los beneficios de demorar tu jubilaci\u00f3n Novedades incapacidad temporal C\u00f3mo realizar tr\u00e1mites en el INSS de manera telem\u00e1tica sin certificado digital ni clave Gu\u00eda sobre el complemento de Ayuda para la Infancia del Ingreso M\u00ednimo Vital (IMV) Novedades del IMV 2024 Qu\u00e9 documentaci\u00f3n debo presentar para solicitar el Ingreso M\u00ednimo Vital El convenio especial con la Seguridad Social La pensi\u00f3n de viudedad: preguntas y respuestas 20221003 baja empleada hogar Certificado Integral de Prestaciones Temario oposiciones administrativo Seguridad Social Gu\u00eda R\u00e1pida de la TSE"},"content":{"rendered":"<p>            La Seguridad Social ha registrado 3.122.003 afiliados extranjeros en noviembre si se descuenta el efecto calendario, tras sumar m\u00e1s de 200.000 en el \u00faltimo a\u00f1o (210.941), lo que supone un aumento del 7,2% de variaci\u00f3n interanual. En el \u00faltimo mes, se han sumado 21.000 ocupados.<\/p>\n<p>En la serie de afiliaci\u00f3n media, el n\u00famero de trabajadores de otros pa\u00edses es de 3.085.442 lo que implica un crecimiento del +7,3% interanual. Son casi cinco puntos por encima del conjunto de la afiliaci\u00f3n en total, que ha experimentado un incremento de +2,5% en el \u00faltimo a\u00f1o.<br \/>\u00a0\n<\/p>\n<p><img decoding=\"async\" alt=\"\" data-clarity-loaded=\"3u3b0q\" src=\"https:\/\/www.europesays.com\/es\/wp-content\/uploads\/2025\/12\/b8f66a71-1991-f97c-bb54-2d7c53b5558f\" style=\"margin: 0px;\"\/><br \/>\n<br \/>\nEl n\u00famero de trabajadores procedentes de Venezuela es el que m\u00e1s ha crecido estos \u00faltimos 12 meses, con 42.178 afiliados medios m\u00e1s. Le siguen Colombia (29.771) y Marruecos (28.028), que es adem\u00e1s el pa\u00eds que m\u00e1s trabajadores aporta: 370.346 en total.<\/p>\n<p>En conjunto, los afiliados extranjeros representan el 14,1% de los cotizantes, un 0,61% m\u00e1s que en noviembre de 2024. En este \u00faltimo a\u00f1o, lideran el crecimiento Asturias (22,1%), Galicia (15,2%) y Extremadura (14,9%). Son comunidades aut\u00f3nomas en las que el porcentaje de afiliados extranjeros sobre el total est\u00e1 muy por debajo de la media. En Asturias, son el 7,4% de los cotizantes; el 7,1% en Galicia y el 5,2% en Extremadura.<\/p>\n<p>\u201cLa aportaci\u00f3n de los trabajadores extranjeros al crecimiento de la afiliaci\u00f3n en el \u00faltimo a\u00f1o es muy positiva. Su presencia es fundamental en algunos sectores como la Hosteler\u00eda y en otros crece de manera muy interesante, como en las actividades de alto valor a\u00f1adido\u201d, explica Elma Saiz.<br \/>\u00a0<br \/><strong>R\u00e9gimen general<\/strong><br \/>La aportaci\u00f3n de los trabajadores for\u00e1neos es especialmente relevante en algunos sectores del R\u00e9gimen General. Es el caso Hosteler\u00eda, donde representan uno de cada tres ocupados (el 28,8% de los afiliados), Agricultura (25,3%), Construcci\u00f3n (23,2%), Transporte (17,8%) y Actividades Administrativas (17,6%).<br \/>En Transporte y Almacenamiento, la afiliaci\u00f3n de extranjeros crece de forma muy notable, con un 31,4% m\u00e1s que hace un a\u00f1o. Tambi\u00e9n aumenta el n\u00famero de ocupados en Suministro de Agua (14,4%) y Construcci\u00f3n, (13%), as\u00ed como en Agricultura (10,7%), Industrias Extractivas (10,4%) y Administraci\u00f3n P\u00fablica (11,2%), entre otros.<\/p>\n<p>Pero, adem\u00e1s, crecen de forma importante los sectores de m\u00e1s valor a\u00f1adido como las Actividades Sanitarias y Servicios Centrales (8%), Actividades Financieras (7,8%), Informaci\u00f3n y Comunicaciones (6,1%) y Actividades Profesionales y Cient\u00edfico-T\u00e9cnicas (6,2%).<br \/>\u00a0<br \/><strong>Crecimiento r\u00e9cord de aut\u00f3nomos extranjeros<\/strong><br \/>La afiliaci\u00f3n de trabajadores por cuenta propia de otros pa\u00edses se acerca en noviembre al medio mill\u00f3n y supera un nuevo m\u00e1ximo. Son 495.635 emprendedores, un 6,4% m\u00e1s que hace un a\u00f1o. Su crecimiento est\u00e1 muy por encima de la media del conjunto de aut\u00f3nomos, cuyo crecimiento ha sido del 1,2%.<br \/>\u00a0\n<\/p>\n<p><img decoding=\"async\" alt=\"\" data-clarity-loaded=\"1e8o8ei\" src=\"https:\/\/www.europesays.com\/es\/wp-content\/uploads\/2025\/12\/73f4b0f2-2a83-bac8-eb20-4fb540abc14f\" style=\"margin: 0px;\"\/><br \/>\n<br \/>\nEste incremento es a\u00fan m\u00e1s relevante en sectores altamente cualificados. En el \u00faltimo a\u00f1o, el n\u00famero de trabajadores extranjeros por cuenta propia ha aumentado un 26,4% en Informaci\u00f3n y Comunicaciones, en Suministro de Energ\u00eda, el 21%, un 19% en Actividades Profesionales, Cient\u00edficas y T\u00e9cnicas y el 14,6% en Actividades Financieras y de Seguros.<br \/>\n\u00a0<br \/>\nPara informaci\u00f3n adicional, consulta el Excel de la parte inferior o la <a href=\"https:\/\/w6.seg-social.es\/PXWeb\/pxweb\/es\" target=\"_blank\" rel=\"nofollow noopener\">web de &#8216;Base de datos de estad\u00edsticas de la Tesorer\u00eda General de la Seguridad Social<\/a>&#8216;.<\/p>\n<p>\u00a0\n            <\/p>\n","protected":false},"excerpt":{"rendered":"La Seguridad Social ha registrado 3.122.003 afiliados extranjeros en noviembre si se descuenta el efecto calendario, tras sumar&hellip;\n","protected":false},"author":2,"featured_media":292487,"comment_status":"","ping_status":"","sticky":false,"template":"","format":"standard","meta":{"footnotes":""},"categories":[8],"tags":[1382,68130,517,24470,63615,1655,70017,765,68143,68140,447,39834,68123,40552,44159,6814,68149,68141,48257,5078,17,18,68153,12554,68158,9410,68151,68115,17226,35793,68142,11255,11209,68144,985,68152,68134,53628,2996,25,24,4120,68113,13,14,4070,68110,11,2178,68111,18703,68147,68150,28288,68146,8803,68127,68114,68107,10759,68116,8881,23377,68145,11986,19,20,1913,29766,68112,17658,31856,68109,9,10,15,16,5285,68119,68118,68156,68148,6726,12865,68133,68125,68139,68129,68126,68108,68138,68155,68124,68154,24481,11755,68137,68131,68121,30357,8327,23,28744,68157,11189,68117,68136,68135,12,5067,68159,68132,68128,21,22,12856,226,68120,68122],"class_list":{"0":"post-292486","1":"post","2":"type-post","3":"status-publish","4":"format-standard","5":"has-post-thumbnail","7":"category-espana","8":"tag-1382","9":"tag-acceso-sms","10":"tag-actualidad","11":"tag-administracion-electronica","12":"tag-aeat","13":"tag-afiliacion","14":"tag-afiliacion-de-extranjeros","15":"tag-agencia-tributaria","16":"tag-alta-becarios","17":"tag-altas-y-bajas","18":"tag-alumnos","19":"tag-antiguas","20":"tag-asistencia-sanitaria","21":"tag-atencion-sanitaria","22":"tag-autonomos","23":"tag-baja","24":"tag-baja-laboral","25":"tag-becarios","26":"tag-beneficiario","27":"tag-beneficios","28":"tag-breaking-news","29":"tag-breakingnews","30":"tag-certificado-de-prestaciones","31":"tag-clave","32":"tag-como-obtener","33":"tag-complemento","34":"tag-complemento-ayuda-infancia","35":"tag-complemento-para-la-ayuda-a-la-infancia","36":"tag-convenio","37":"tag-cotizacion","38":"tag-cotizacion-practicas","39":"tag-cotizaciones","40":"tag-derecho","41":"tag-desde-dentro","42":"tag-dudas","43":"tag-empleada-hogar","44":"tag-empleo-de-hogar","45":"tag-empleo-publico","46":"tag-enfermedad","47":"tag-es","48":"tag-espana","49":"tag-estadisticas","50":"tag-estado-solicitud","51":"tag-featured-news","52":"tag-featurednews","53":"tag-guia","54":"tag-guias-practicas","55":"tag-headlines","56":"tag-igualdad","57":"tag-imv","58":"tag-incapacidad-permanente","59":"tag-incapacidad-temporal","60":"tag-incentivo-al-empleo","61":"tag-incentivos","62":"tag-incentivos-a-la-demora-de-la-jubilacion","63":"tag-informe","64":"tag-informe-medico-de-sintesis","65":"tag-ingreso-minimo-vital","66":"tag-inss","67":"tag-irpf","68":"tag-issa","69":"tag-jubilacion","70":"tag-jubilacion-anticipada","71":"tag-jubilacion-demorada","72":"tag-jubilados","73":"tag-latest-news","74":"tag-latestnews","75":"tag-maternidad","76":"tag-ministerio-de-inclusion","77":"tag-ministerio-de-inclusion-seguridad-social-y-migraciones","78":"tag-mutualistas","79":"tag-mutuas","80":"tag-nacimiento-y-cuidado-de-menor","81":"tag-news","82":"tag-noticias","83":"tag-noticias-destacadas","84":"tag-noticiasdestacadas","85":"tag-novedades","86":"tag-numero-de-la-seguridad-social","87":"tag-nuss","88":"tag-oep-2023","89":"tag-partes","90":"tag-paternidad","91":"tag-pensiones","92":"tag-periodos-minimos","93":"tag-periodos-sucesivos","94":"tag-pge-2021","95":"tag-practicas-formativas","96":"tag-prestacion-por-jubilacion","97":"tag-prestaciones","98":"tag-prestaciones-familiares","99":"tag-refuerzo-plantilla","100":"tag-revalorizacion-pensiones","101":"tag-sede-electrnonica-de-la-seguridad-social","102":"tag-sede-electronica","103":"tag-seguridad-social","104":"tag-simulador","105":"tag-simulador-jubilacion","106":"tag-slider","107":"tag-sms","108":"tag-solicitud","109":"tag-spain","110":"tag-tarifa-plana","111":"tag-tarjeta-sanitaria-europea","112":"tag-telefono","113":"tag-tgss","114":"tag-tiempo-completo","115":"tag-tiempo-parcial","116":"tag-titulares","117":"tag-tramites","118":"tag-tse","119":"tag-tu-seguridad-social","120":"tag-tutorial","121":"tag-ultimas-noticias","122":"tag-ultimasnoticias","123":"tag-viaje","124":"tag-viajes","125":"tag-vida-laboral","126":"tag-viudedad"},"share_on_mastodon":{"url":"","error":"Validation failed: Text character limit of 500 exceeded"},"_links":{"self":[{"href":"https:\/\/www.europesays.com\/es\/wp-json\/wp\/v2\/posts\/292486","targetHints":{"allow":["GET"]}}],"collection":[{"href":"https:\/\/www.europesays.com\/es\/wp-json\/wp\/v2\/posts"}],"about":[{"href":"https:\/\/www.europesays.com\/es\/wp-json\/wp\/v2\/types\/post"}],"author":[{"embeddable":true,"href":"https:\/\/www.europesays.com\/es\/wp-json\/wp\/v2\/users\/2"}],"replies":[{"embeddable":true,"href":"https:\/\/www.europesays.com\/es\/wp-json\/wp\/v2\/comments?post=292486"}],"version-history":[{"count":0,"href":"https:\/\/www.europesays.com\/es\/wp-json\/wp\/v2\/posts\/292486\/revisions"}],"wp:featuredmedia":[{"embeddable":true,"href":"https:\/\/www.europesays.com\/es\/wp-json\/wp\/v2\/media\/292487"}],"wp:attachment":[{"href":"https:\/\/www.europesays.com\/es\/wp-json\/wp\/v2\/media?parent=292486"}],"wp:term":[{"taxonomy":"category","embeddable":true,"href":"https:\/\/www.europesays.com\/es\/wp-json\/wp\/v2\/categories?post=292486"},{"taxonomy":"post_tag","embeddable":true,"href":"https:\/\/www.europesays.com\/es\/wp-json\/wp\/v2\/tags?post=292486"}],"curies":[{"name":"wp","href":"https:\/\/api.w.org\/{rel}","templated":true}]}}