{"id":292496,"date":"2025-12-17T08:46:10","date_gmt":"2025-12-17T08:46:10","guid":{"rendered":"https:\/\/www.europesays.com\/es\/292496\/"},"modified":"2025-12-17T08:46:10","modified_gmt":"2025-12-17T08:46:10","slug":"pablo-marin-da-el-pase-a-la-real-en-el-96","status":"publish","type":"post","link":"https:\/\/www.europesays.com\/es\/292496\/","title":{"rendered":"Pablo Mar\u00edn da el pase a la Real en el 96"},"content":{"rendered":"<p data-mrf-recirculation=\"Links P\u00e1rrafos\" class=\"ue-c-article__paragraph paragraph ue-c-article--first-letter-highlighted\">L<strong>a Real Sociedad disputar\u00e1 los octavos de final de la Copa<\/strong> del Rey, <strong>gracias a un gol de Pablo Mar\u00edn en el minuto 96, el \u00faltimo <\/strong>de un partido en el que el Eldense plant\u00f3 cara y por momentos hasta fue mejor. Antes de esa acci\u00f3n decisiva, Luka Sucic hab\u00eda adelantado a los txuriurdin, pero Quintana igual\u00f3 de inmediato para los locales, que al final se llevaron esa gran decepci\u00f3n.<\/p>\n<p data-mrf-recirculation=\"Links P\u00e1rrafos\" class=\"ue-c-article__paragraph paragraph\">La <strong>primera ocasi\u00f3n clara fue para el Eldense<\/strong>, con un zurdazo de Boston desde la frontal que se fue fuera no por mucho, por lo que si la Real no estaba ya avisada de que le pod\u00eda esperar un partido muy complicado, se dio cuenta enseguida. La cosa no qued\u00f3 ah\u00ed, porque los txuriurdin tambi\u00e9n encontraron rival para tener el bal\u00f3n y, adem\u00e1s, muy bien.<\/p>\n<p data-mrf-recirculation=\"Links P\u00e1rrafos\" class=\"ue-c-article__paragraph paragraph\">De hecho, hasta el <strong>minuto 21<\/strong> no lleg\u00f3 la primera acci\u00f3n de peligro de los ayer visitantes, un<strong> remate cercano que a Guedes se le fue arriba<\/strong>, tras gran pase de Zakharyan. Un centrochut inmediato alto de Kubo y, sobre todo, un <strong>derechazo del portugu\u00e9s que rechaz\u00f3 con una buena mano el portero Pablo Valencia<\/strong> confirmaron que los de Ansotegi ya mandaban. El japon\u00e9s pidi\u00f3 luego penalti, pero Hern\u00e1ndez Maeso le dijo que se hab\u00eda tirado y con raz\u00f3n. Un remate horrible de Zakharyan con todo a favor, uno mejor del local <strong>Quintana que detuvo Marrero<\/strong> y una <strong>gran parada de nuevo de Pablo Valencia<\/strong> a un zurdazo de Brais M\u00e9ndez que iba a la escuadra, fueron las \u00faltimas acciones destacadas antes del descanso.<\/p>\n<p>Un gol y un triunfo que deben aumentar la moral<\/p>\n<p data-mrf-recirculation=\"Links P\u00e1rrafos\" class=\"ue-c-article__paragraph paragraph\"><strong>Guedes insisti\u00f3 nada m\u00e1s volver de los vestuarios<\/strong>, pero su disparo encontr\u00f3 la pierna de un defensor, con<strong> Bustillo y Hamza Bellari<\/strong>, a los que Claudio meti\u00f3 de refresco, buscando hacer da\u00f1o enseguida, apunt\u00e1ndose tambi\u00e9n <strong>David Ruiz<\/strong> con un disparo no muy desviado y repitiendo Bellari con una falta arriba. Como <strong>la Real no creaba peligro<\/strong>, Ansotegi recurri\u00f3 a Karrikaburu, Sergio G\u00f3mez y<strong> Sucic<\/strong>, <strong>aprovechando<\/strong> el croata<strong> un fallo defensivo para poner el 0-1<\/strong>.<\/p>\n<p data-mrf-recirculation=\"Links P\u00e1rrafos\" class=\"ue-c-article__paragraph paragraph\">Los txuriurdin hicieron lo que parec\u00eda m\u00e1s dif\u00edcil, que era adelantarse, pero <strong>a los dos minutos Quintana puso el empate<\/strong> con un golazo por la escuadra. Cuando parec\u00eda que se llegaba a la pr\u00f3rroga, <strong>Pablo Mar\u00edn marc\u00f3 en el minuto 96, el \u00faltimo del partido, el 1-2 <\/strong>que dio el pase a la Real a los octavos de final y permiti\u00f3 que Jon Ansotegi se estrenase con victoria y no se agravase la crisis en la entidad guipuzcoana.<\/p>\n","protected":false},"excerpt":{"rendered":"La Real Sociedad disputar\u00e1 los octavos de final de la Copa del Rey, gracias a un gol de&hellip;\n","protected":false},"author":2,"featured_media":292497,"comment_status":"","ping_status":"","sticky":false,"template":"","format":"standard","meta":{"footnotes":""},"categories":[268],"tags":[168,25,24,280,282,281,23,167],"class_list":{"0":"post-292496","1":"post","2":"type-post","3":"status-publish","4":"format-standard","5":"has-post-thumbnail","7":"category-futbol","8":"tag-deportes","9":"tag-es","10":"tag-espana","11":"tag-football","12":"tag-futbol","13":"tag-soccer","14":"tag-spain","15":"tag-sports"},"share_on_mastodon":{"url":"https:\/\/pubeurope.com\/@es\/115734038844844295","error":""},"_links":{"self":[{"href":"https:\/\/www.europesays.com\/es\/wp-json\/wp\/v2\/posts\/292496","targetHints":{"allow":["GET"]}}],"collection":[{"href":"https:\/\/www.europesays.com\/es\/wp-json\/wp\/v2\/posts"}],"about":[{"href":"https:\/\/www.europesays.com\/es\/wp-json\/wp\/v2\/types\/post"}],"author":[{"embeddable":true,"href":"https:\/\/www.europesays.com\/es\/wp-json\/wp\/v2\/users\/2"}],"replies":[{"embeddable":true,"href":"https:\/\/www.europesays.com\/es\/wp-json\/wp\/v2\/comments?post=292496"}],"version-history":[{"count":0,"href":"https:\/\/www.europesays.com\/es\/wp-json\/wp\/v2\/posts\/292496\/revisions"}],"wp:featuredmedia":[{"embeddable":true,"href":"https:\/\/www.europesays.com\/es\/wp-json\/wp\/v2\/media\/292497"}],"wp:attachment":[{"href":"https:\/\/www.europesays.com\/es\/wp-json\/wp\/v2\/media?parent=292496"}],"wp:term":[{"taxonomy":"category","embeddable":true,"href":"https:\/\/www.europesays.com\/es\/wp-json\/wp\/v2\/categories?post=292496"},{"taxonomy":"post_tag","embeddable":true,"href":"https:\/\/www.europesays.com\/es\/wp-json\/wp\/v2\/tags?post=292496"}],"curies":[{"name":"wp","href":"https:\/\/api.w.org\/{rel}","templated":true}]}}