{"id":292498,"date":"2025-12-17T08:47:10","date_gmt":"2025-12-17T08:47:10","guid":{"rendered":"https:\/\/www.europesays.com\/es\/292498\/"},"modified":"2025-12-17T08:47:10","modified_gmt":"2025-12-17T08:47:10","slug":"silvia-abril-el-apoyo-de-andreu-buenafuente-en-su-peor-momento","status":"publish","type":"post","link":"https:\/\/www.europesays.com\/es\/292498\/","title":{"rendered":"Silvia Abril, el apoyo de Andreu Buenafuente en su peor momento"},"content":{"rendered":"<p>No va a ser posible dar las campanadas con S\u00edlvia Abril\u201d. Seguramente estas han sido unas de <strong>las palabras m\u00e1s dif\u00edciles que Andreu Buenafuente<\/strong> ha pronunciado en su vida. Finalmente, el humorista y su esposa no estar\u00e1n al frente de una de las emisiones televisivas m\u00e1s vistas del a\u00f1o. \u201c<a href=\"https:\/\/www.lecturas.com\/actualidad\/andreu-buenafuente-obligado-a-detener-sus-compromisos-profesionales-por-prescripcion-medica_184691\" rel=\"nofollow noopener\" target=\"_blank\">Tuve un episodio de estr\u00e9s<\/a>. Esto es lento. Si queremos hacerlo bien va a llevar un poco de tiempo, no tengo que acelerar la recuperaci\u00f3n, tengo que estar bien para hacer lo que me hace feliz\u201d, se sincera.<\/p>\n<p>Las Campanadas eran <strong>el \u00fanico proyecto que manten\u00eda en pie<\/strong> a pesar del par\u00f3n profesional que se ha visto obligado a dar por prescripci\u00f3n m\u00e9dica y debido a una sobrecarga de trabajo.<\/p>\n<p><img loading=\"lazy\" decoding=\"async\"   src=\"https:\/\/www.europesays.com\/es\/wp-content\/uploads\/2025\/12\/portada-silvia-abril_793b96be_251217063706_1200x1584.webp.webp\" alt=\"Portada Silvia Abril\" class=\"lazyload\" width=\"1200\" height=\"1584\" data-aspectratio=\"1200\/1584\"\/>&#13;Lecturas<\/p>\n<p>En su comunicado, <strong>Andreu agradece la oleada de cari\u00f1o<\/strong> y comprensi\u00f3n que ha recibido y reconoce: \u201cEs muy emocionante comprobar que esto es muy com\u00fan y que todos hemos aprendido un poquito a sobrellevarlo, el que lo sufre y el que asiste al que lo sufre\u201d. En su caso, la figura que le asiste es su c\u00f3mplice y mayor apoyo en estos momentos, S\u00edlvia Abril, con la que forma <strong>uno de los matrimonios m\u00e1s s\u00f3lidos<\/strong> y queridos de nuestro panorama nacional.<\/p>\n<p>Gracias a ella <strong>abandon\u00f3 Andreu la solter\u00eda pasados los 40<\/strong> y con ella afront\u00f3 un reto que ni se hab\u00eda planteado: el de la paternidad. \u201cCuando entra S\u00edlvia en mi vida me da unos valores y unos equilibrios muy bonitos y coloca las cosas en su sitio\u201d, revel\u00f3 hace un tiempo.<\/p>\n<p>Una mujer diferente<\/p>\n<p>La chispa salt\u00f3 de la forma m\u00e1s inesperada en 2007. <strong>Andreu se fij\u00f3 en S\u00edlvia al verla dando vida a La Ni\u00f1a de Shrek<\/strong>, uno de los personajes m\u00e1s famosos de la humorista: \u201cTrabajaba en mi productora y yo pensaba, \u2018Esta t\u00eda es diferente\u2019. Un d\u00eda me hace La ni\u00f1a de Shrek y se levanta la falda y yo, no s\u00e9 si es que tengo una mente enfermiza o qu\u00e9, pero pens\u00e9: \u2018De alguna manera esto es para m\u00ed\u201d.<\/p>\n<p>Luchando contra su timidez, Andreu la conquist\u00f3 con su arma m\u00e1s infalible: el humor. No confirmaron su relaci\u00f3n hasta 2010 y en 2012 dieron la bienvenida a su hija. Esa llegada puso la vida de Andreu patas arriba: \u201cEn estos momentos me encanta el equilibrio que tengo, o sea, que pueda inventar una locura, pero volver a casa para poner a mi ni\u00f1a a dormir. Ahora disfruto de llevar a mi ni\u00f1a al cole y de las peque\u00f1as cosas, yendo a buscarla, ley\u00e9ndole cuentos\u201d.<\/p>\n<p>El 12 de julio de 2017 celebraron su enlace civil en Barcelona. Los cas\u00f3 Ada Colau, la entonces alcaldesa de la ciudad, y entre los invitados se encontraba Concha Velasco. Puedes leer el reportaje al completo con todas las im\u00e1genes en el \u00faltimo n\u00famero de la revista Lecturas. <strong>Ya a la venta en tu kiosco y en Amazon<\/strong>.<\/p>\n","protected":false},"excerpt":{"rendered":"No va a ser posible dar las campanadas con S\u00edlvia Abril\u201d. Seguramente estas han sido unas de las&hellip;\n","protected":false},"author":2,"featured_media":292499,"comment_status":"","ping_status":"","sticky":false,"template":"","format":"standard","meta":{"footnotes":""},"categories":[174],"tags":[255,146,147,25,24,256,23],"class_list":{"0":"post-292498","1":"post","2":"type-post","3":"status-publish","4":"format-standard","5":"has-post-thumbnail","7":"category-famosos","8":"tag-celebrities","9":"tag-entertainment","10":"tag-entretenimiento","11":"tag-es","12":"tag-espana","13":"tag-famosos","14":"tag-spain"},"share_on_mastodon":{"url":"https:\/\/pubeurope.com\/@es\/115734043067990995","error":""},"_links":{"self":[{"href":"https:\/\/www.europesays.com\/es\/wp-json\/wp\/v2\/posts\/292498","targetHints":{"allow":["GET"]}}],"collection":[{"href":"https:\/\/www.europesays.com\/es\/wp-json\/wp\/v2\/posts"}],"about":[{"href":"https:\/\/www.europesays.com\/es\/wp-json\/wp\/v2\/types\/post"}],"author":[{"embeddable":true,"href":"https:\/\/www.europesays.com\/es\/wp-json\/wp\/v2\/users\/2"}],"replies":[{"embeddable":true,"href":"https:\/\/www.europesays.com\/es\/wp-json\/wp\/v2\/comments?post=292498"}],"version-history":[{"count":0,"href":"https:\/\/www.europesays.com\/es\/wp-json\/wp\/v2\/posts\/292498\/revisions"}],"wp:featuredmedia":[{"embeddable":true,"href":"https:\/\/www.europesays.com\/es\/wp-json\/wp\/v2\/media\/292499"}],"wp:attachment":[{"href":"https:\/\/www.europesays.com\/es\/wp-json\/wp\/v2\/media?parent=292498"}],"wp:term":[{"taxonomy":"category","embeddable":true,"href":"https:\/\/www.europesays.com\/es\/wp-json\/wp\/v2\/categories?post=292498"},{"taxonomy":"post_tag","embeddable":true,"href":"https:\/\/www.europesays.com\/es\/wp-json\/wp\/v2\/tags?post=292498"}],"curies":[{"name":"wp","href":"https:\/\/api.w.org\/{rel}","templated":true}]}}