{"id":292512,"date":"2025-12-17T08:55:42","date_gmt":"2025-12-17T08:55:42","guid":{"rendered":"https:\/\/www.europesays.com\/es\/292512\/"},"modified":"2025-12-17T08:55:42","modified_gmt":"2025-12-17T08:55:42","slug":"inscripcion-taller-trabajo-sensorial-y-pantomima-por-angel-sagues","status":"publish","type":"post","link":"https:\/\/www.europesays.com\/es\/292512\/","title":{"rendered":"INSCRIPCI\u00d3N TALLER | \u00abTRABAJO SENSORIAL Y PANTOMIMA\u00bb Por \u00c1ngel Sag\u00fc\u00e9s"},"content":{"rendered":"<p>\u00abLa interpretaci\u00f3n nos propone retos que tienen que ver con la investigaci\u00f3n sensorial. Trasmitir sensaciones como el fr\u00edo polar, el calor de un volc\u00e1n. Tener sue\u00f1o, estar despierto. Sentirnos en lo alto de una monta\u00f1a o en el fondo del mar. Remar una barca, conducir un coche de caballos. Ir montada en un ascensor, hablar por tel\u00e9fono. Caminar sobre barro, cristales o entre ratas. Pelar una manzana, inflar un globo, coser un bot\u00f3n, todos ellos imaginarios. Son algunos ejemplos de acciones que se pueden dar en escena. Pararnos a reflexionar sobre ello y ejercitarlo es lo que proponemos en este taller.<\/p>\n<p>Situaremos el taller en un tema espec\u00edfico y algo de ello se integrar\u00e1 en la <a href=\"https:\/\/teatrogayarre.com\/muestra-final-una-historia-de-brujas\/\" rel=\"nofollow noopener\" target=\"_blank\">muestra final del taller de teatro Con 60 velas. \u2018Una historia de brujas\u2019 del martes 21 de abril<\/a> de 2026 en el Teatro Gayarre (19:00h)\u00bb.<\/p>\n<p style=\"text-align: right;\"><strong>\u00c1ngel Sag\u00fc\u00e9s<\/strong><\/p>\n<p><strong>INFORMACI\u00d3N DE INTER\u00c9S PARA LA INSCRIPCI\u00d3N EN EL TALLER<\/strong><\/p>\n<p><img fetchpriority=\"high\" decoding=\"async\" class=\"alignnone size-medium wp-image-552743 aligncenter\" src=\"https:\/\/www.europesays.com\/es\/wp-content\/uploads\/2025\/12\/Taller-Angel-Sagues_600x500-300x250.jpg\" alt=\"\" width=\"300\" height=\"250\"  \/><\/p>\n<p><strong>Impartido por<\/strong> \u00c1ngel Sag\u00fc\u00e9s (Atikus teatro)<\/p>\n<p><strong>Dirigido a<\/strong> p\u00fablico general de todas las edades (sin necesidad de experiencia previa).<\/p>\n<p><strong>Fecha y lugar de formaci\u00f3n:<\/strong> s\u00e1bado 18 y domingo 19 de abril de 10:00 a 13:00 horas.\u00a0<\/p>\n<p><strong>Inscripci\u00f3n: hasta el mi\u00e9rcoles 8 de abril.<\/strong><\/p>\n<p><strong>Tarifas:<\/strong> General: 25\u20ac \/ Gayarre Amigo\/a , Gayarre Joven y Pase Maestro: 8\u20ac<\/p>\n<p>\u00a0<\/p>\n<p><strong>BREVE BIOGRAF\u00cdA DE \u00c1NGEL SAG\u00dc\u00c9S<\/strong><\/p>\n<p>Profesional navarro de amplia trayectoria como actor, director, autor, core\u00f3grafo y docente. Coordina junto con Asun Abad la compa\u00f1\u00eda de producciones art\u00edsticas ATIKUS. Ha dirigido montajes como \u00abEl beso del agua\u00bb, \u00abBecket 5\u00bb, \u00abConciertos escolares del Gobierno de Navarra\u00bb, y \u00ab\u00bfMorirse?\u2026 No es para tanto\u00bb, entre muchos otros. Como docente ha trabajado en la Escuela Laboral de Estella y el Instituto Irubide de Pamplona e imparte talleres de teatro de forma habitual. Desde 2018 conduce el taller de teatro participativo \u00abCon 60 velas y m\u00e1s\u00bb en el Teatro Gayarre.<\/p>\n<p>\u00a0<\/p>\n<p><strong>M\u00e1s informaci\u00f3n <a href=\"https:\/\/teatrogayarre.com\/wp-content\/uploads\/2025\/12\/Taller-Trabajo-sensorial-y-pantomima.pdf\" rel=\"nofollow noopener\" target=\"_blank\">aqu\u00ed <\/a>o escribiendo a producciones@teatrogayarre.com.\u00a0<\/strong><\/p>\n","protected":false},"excerpt":{"rendered":"\u00abLa interpretaci\u00f3n nos propone retos que tienen que ver con la investigaci\u00f3n sensorial. Trasmitir sensaciones como el fr\u00edo&hellip;\n","protected":false},"author":2,"featured_media":292513,"comment_status":"","ping_status":"","sticky":false,"template":"","format":"standard","meta":{"footnotes":""},"categories":[91],"tags":[146,147,25,24,23,17034,39393],"class_list":{"0":"post-292512","1":"post","2":"type-post","3":"status-publish","4":"format-standard","5":"has-post-thumbnail","7":"category-entretenimiento","8":"tag-entertainment","9":"tag-entretenimiento","10":"tag-es","11":"tag-espana","12":"tag-spain","13":"tag-taller","14":"tag-teatro-gayarre"},"share_on_mastodon":{"url":"https:\/\/pubeurope.com\/@es\/115734074584425677","error":""},"_links":{"self":[{"href":"https:\/\/www.europesays.com\/es\/wp-json\/wp\/v2\/posts\/292512","targetHints":{"allow":["GET"]}}],"collection":[{"href":"https:\/\/www.europesays.com\/es\/wp-json\/wp\/v2\/posts"}],"about":[{"href":"https:\/\/www.europesays.com\/es\/wp-json\/wp\/v2\/types\/post"}],"author":[{"embeddable":true,"href":"https:\/\/www.europesays.com\/es\/wp-json\/wp\/v2\/users\/2"}],"replies":[{"embeddable":true,"href":"https:\/\/www.europesays.com\/es\/wp-json\/wp\/v2\/comments?post=292512"}],"version-history":[{"count":0,"href":"https:\/\/www.europesays.com\/es\/wp-json\/wp\/v2\/posts\/292512\/revisions"}],"wp:featuredmedia":[{"embeddable":true,"href":"https:\/\/www.europesays.com\/es\/wp-json\/wp\/v2\/media\/292513"}],"wp:attachment":[{"href":"https:\/\/www.europesays.com\/es\/wp-json\/wp\/v2\/media?parent=292512"}],"wp:term":[{"taxonomy":"category","embeddable":true,"href":"https:\/\/www.europesays.com\/es\/wp-json\/wp\/v2\/categories?post=292512"},{"taxonomy":"post_tag","embeddable":true,"href":"https:\/\/www.europesays.com\/es\/wp-json\/wp\/v2\/tags?post=292512"}],"curies":[{"name":"wp","href":"https:\/\/api.w.org\/{rel}","templated":true}]}}