{"id":292520,"date":"2025-12-17T08:59:09","date_gmt":"2025-12-17T08:59:09","guid":{"rendered":"https:\/\/www.europesays.com\/es\/292520\/"},"modified":"2025-12-17T08:59:09","modified_gmt":"2025-12-17T08:59:09","slug":"presentacion-del-libro-el-tunel-de-ezequias","status":"publish","type":"post","link":"https:\/\/www.europesays.com\/es\/292520\/","title":{"rendered":"Presentaci\u00f3n del libro &#8216;El t\u00fanel de Ezequ\u00edas&#8217;"},"content":{"rendered":"<p>El Club de Lectura de la Facultad de Derecho de la Universidad de Sevilla organiza la\u00a0presentaci\u00f3n del \u00faltimo libro de Emilio Garc\u00eda Ferr\u00edn, profesor de la Facultad de Filolog\u00eda de la US. La presentaci\u00f3n de &#8216;El t\u00fanel de Ezequ\u00edas&#8217; incluir\u00e1 una charla con el autor.\u00a0<\/p>\n<p><strong>Fecha: 23 de enero de 2026.\u00a0<\/strong><\/p>\n<p><strong>Hora: 17 horas.\u00a0<\/strong><\/p>\n<p><strong>Lugar: sal\u00f3n de grados de la Facultad de Derecho.\u00a0<\/strong><\/p>\n<p><strong>Entrada libre hasta completar aforo.<\/strong><\/p>\n<p><strong><img decoding=\"async\" alt=\"cartel\" data-entity-type=\"file\" data-entity-uuid=\"fd952819-6e26-4308-aa36-368977ebd6b5\" src=\"https:\/\/www.europesays.com\/es\/wp-content\/uploads\/2025\/12\/tunel ezequias emilio gonzalez ferrin.jpg\" class=\"align-left\"\/><\/strong><\/p>\n","protected":false},"excerpt":{"rendered":"El Club de Lectura de la Facultad de Derecho de la Universidad de Sevilla organiza la\u00a0presentaci\u00f3n del \u00faltimo&hellip;\n","protected":false},"author":2,"featured_media":292521,"comment_status":"","ping_status":"","sticky":false,"template":"","format":"standard","meta":{"footnotes":""},"categories":[8],"tags":[17,18,25,24,13,14,11,19,20,9,10,15,16,70025,23,12,21,22,70024],"class_list":{"0":"post-292520","1":"post","2":"type-post","3":"status-publish","4":"format-standard","5":"has-post-thumbnail","7":"category-espana","8":"tag-breaking-news","9":"tag-breakingnews","10":"tag-es","11":"tag-espana","12":"tag-featured-news","13":"tag-featurednews","14":"tag-headlines","15":"tag-latest-news","16":"tag-latestnews","17":"tag-news","18":"tag-noticias","19":"tag-noticias-destacadas","20":"tag-noticiasdestacadas","21":"tag-sevillauniversidad","22":"tag-spain","23":"tag-titulares","24":"tag-ultimas-noticias","25":"tag-ultimasnoticias","26":"tag-universidaddesevilla"},"share_on_mastodon":{"url":"https:\/\/pubeurope.com\/@es\/115734090156420877","error":""},"_links":{"self":[{"href":"https:\/\/www.europesays.com\/es\/wp-json\/wp\/v2\/posts\/292520","targetHints":{"allow":["GET"]}}],"collection":[{"href":"https:\/\/www.europesays.com\/es\/wp-json\/wp\/v2\/posts"}],"about":[{"href":"https:\/\/www.europesays.com\/es\/wp-json\/wp\/v2\/types\/post"}],"author":[{"embeddable":true,"href":"https:\/\/www.europesays.com\/es\/wp-json\/wp\/v2\/users\/2"}],"replies":[{"embeddable":true,"href":"https:\/\/www.europesays.com\/es\/wp-json\/wp\/v2\/comments?post=292520"}],"version-history":[{"count":0,"href":"https:\/\/www.europesays.com\/es\/wp-json\/wp\/v2\/posts\/292520\/revisions"}],"wp:featuredmedia":[{"embeddable":true,"href":"https:\/\/www.europesays.com\/es\/wp-json\/wp\/v2\/media\/292521"}],"wp:attachment":[{"href":"https:\/\/www.europesays.com\/es\/wp-json\/wp\/v2\/media?parent=292520"}],"wp:term":[{"taxonomy":"category","embeddable":true,"href":"https:\/\/www.europesays.com\/es\/wp-json\/wp\/v2\/categories?post=292520"},{"taxonomy":"post_tag","embeddable":true,"href":"https:\/\/www.europesays.com\/es\/wp-json\/wp\/v2\/tags?post=292520"}],"curies":[{"name":"wp","href":"https:\/\/api.w.org\/{rel}","templated":true}]}}