{"id":292527,"date":"2025-12-17T09:14:08","date_gmt":"2025-12-17T09:14:08","guid":{"rendered":"https:\/\/www.europesays.com\/es\/292527\/"},"modified":"2025-12-17T09:14:08","modified_gmt":"2025-12-17T09:14:08","slug":"ter-stegen-ha-vuelto-pero-solo-para-este-partido","status":"publish","type":"post","link":"https:\/\/www.europesays.com\/es\/292527\/","title":{"rendered":"Ter Stegen ha vuelto, pero solo para este partido"},"content":{"rendered":"<p data-mrf-recirculation=\"Links P\u00e1rrafos\" class=\"ue-c-article__paragraph paragraph ue-c-article--first-letter-highlighted\"><strong>Hansi Flick<\/strong> valor\u00f3 el\u00a0 encuentro de <strong>Copa del Rey<\/strong> contra el <strong>D\u00e9por Guadalajara<\/strong>. El t\u00e9cnico germano destac\u00f3 la mentalidad de sus hombres en el cruce de dieciseisavos de final. El <strong>Bar\u00e7a<\/strong> gan\u00f3 2-0, a un rival de Primera RFEF, pero no movi\u00f3 el marcador hasta el minuto 76.\u00a0<\/p>\n<p data-mrf-recirculation=\"Links P\u00e1rrafos\" class=\"ue-c-article__paragraph paragraph\"><strong>Partido<\/strong><\/p>\n<p data-mrf-recirculation=\"Links P\u00e1rrafos\" class=\"ue-c-article__paragraph paragraph\">\u00abEstoy muy contento con la actitud de los futbolistas y la victoria. Estos partidos de Copa son dif\u00edciles, pero hemos estado bien. Lo importante es la actitud y la mentalidad que hemos tenido durante todo el encuentro\u00bb.<\/p>\n<p data-mrf-recirculation=\"Links P\u00e1rrafos\" class=\"ue-c-article__paragraph paragraph\"><strong>Ter Stegen<\/strong><\/p>\n<p data-mrf-recirculation=\"Links P\u00e1rrafos\" class=\"ue-c-article__paragraph paragraph\">\u00abMarc es el capit\u00e1n y ha jugado muchos partidos en los 12 a\u00f1os que lleva aqu\u00ed. Hablamos con el resto de t\u00e9cnicos y le quisimos dar la oportunidad de jugar. Ha vuelto, es solo para este partido y creo que es un buen siguiente paso\u00bb.<\/p>\n<blockquote class=\"ue-c-article__blockquote\">\n<p>Hablamos con el resto de t\u00e9cnicos y le quisimos dar a Ter Stegen la oportunidad de jugar<\/p>\n<p>Hansi Flick<\/p><\/blockquote>\n<p data-mrf-recirculation=\"Links P\u00e1rrafos\" class=\"ue-c-article__paragraph paragraph\"><strong>Guadalajara<\/strong><\/p>\n<p data-mrf-recirculation=\"Links P\u00e1rrafos\" class=\"ue-c-article__paragraph paragraph\">\u00abEstos partidos no son f\u00e1ciles, ya lo dije antes. Estoy contento con la actitud en el campo de mis jugadores. Esa es la clave que explica nuestra victoria. No siempre es f\u00e1cil marcar en encuentros as\u00ed, pero lo hicimos\u00bb.<\/p>\n","protected":false},"excerpt":{"rendered":"Hansi Flick valor\u00f3 el\u00a0 encuentro de Copa del Rey contra el D\u00e9por Guadalajara. El t\u00e9cnico germano destac\u00f3 la&hellip;\n","protected":false},"author":2,"featured_media":292528,"comment_status":"","ping_status":"","sticky":false,"template":"","format":"standard","meta":{"footnotes":""},"categories":[268],"tags":[168,25,24,280,282,281,23,167],"class_list":{"0":"post-292527","1":"post","2":"type-post","3":"status-publish","4":"format-standard","5":"has-post-thumbnail","7":"category-futbol","8":"tag-deportes","9":"tag-es","10":"tag-espana","11":"tag-football","12":"tag-futbol","13":"tag-soccer","14":"tag-spain","15":"tag-sports"},"share_on_mastodon":{"url":"https:\/\/pubeurope.com\/@es\/115734149067447266","error":""},"_links":{"self":[{"href":"https:\/\/www.europesays.com\/es\/wp-json\/wp\/v2\/posts\/292527","targetHints":{"allow":["GET"]}}],"collection":[{"href":"https:\/\/www.europesays.com\/es\/wp-json\/wp\/v2\/posts"}],"about":[{"href":"https:\/\/www.europesays.com\/es\/wp-json\/wp\/v2\/types\/post"}],"author":[{"embeddable":true,"href":"https:\/\/www.europesays.com\/es\/wp-json\/wp\/v2\/users\/2"}],"replies":[{"embeddable":true,"href":"https:\/\/www.europesays.com\/es\/wp-json\/wp\/v2\/comments?post=292527"}],"version-history":[{"count":0,"href":"https:\/\/www.europesays.com\/es\/wp-json\/wp\/v2\/posts\/292527\/revisions"}],"wp:featuredmedia":[{"embeddable":true,"href":"https:\/\/www.europesays.com\/es\/wp-json\/wp\/v2\/media\/292528"}],"wp:attachment":[{"href":"https:\/\/www.europesays.com\/es\/wp-json\/wp\/v2\/media?parent=292527"}],"wp:term":[{"taxonomy":"category","embeddable":true,"href":"https:\/\/www.europesays.com\/es\/wp-json\/wp\/v2\/categories?post=292527"},{"taxonomy":"post_tag","embeddable":true,"href":"https:\/\/www.europesays.com\/es\/wp-json\/wp\/v2\/tags?post=292527"}],"curies":[{"name":"wp","href":"https:\/\/api.w.org\/{rel}","templated":true}]}}