{"id":292531,"date":"2025-12-17T09:16:13","date_gmt":"2025-12-17T09:16:13","guid":{"rendered":"https:\/\/www.europesays.com\/es\/292531\/"},"modified":"2025-12-17T09:16:13","modified_gmt":"2025-12-17T09:16:13","slug":"kristine-guzman-directora-adjunta-del-ivam-en-valencia","status":"publish","type":"post","link":"https:\/\/www.europesays.com\/es\/292531\/","title":{"rendered":"Kristine Guzm\u00e1n, directora adjunta del IVAM en Val\u00e8ncia"},"content":{"rendered":"<p class=\"ft-text ft-helper-closenews\"><strong>\u00bfC\u00f3mo ha sido su aterrizaje en el IVAM y en Val\u00e8ncia?<\/strong><\/p>\n<p class=\"ft-text\">El aterrizaje ha sido muy intenso porque me pill\u00f3 dos semanas seguidas de inauguraciones: <a class=\"ft-link ft-link--decoration\" href=\"https:\/\/www.levante-emv.com\/cultura\/2025\/12\/08\/cristina-garcia-rodero-exposicion-espana-oculta-ivam-valencia-124488616.html\" target=\"_blank\" rel=\"nofollow noopener\">primero con Cristina Garc\u00eda Rodero<\/a>, &#8216;<a class=\"ft-link ft-link--decoration\" href=\"https:\/\/www.uv.es\/uvweb\/cultura\/es\/exposiciones\/centre-cultural-nau\/programas-especificos\/rebrot-obres-ivam-uv-1286462439000.html\" target=\"_blank\" rel=\"nofollow noopener\">Rebrot<\/a>&#8216; y ahora con<a class=\"ft-link ft-link--decoration\" href=\"https:\/\/ivam.es\/es\/exposiciones\/andrea-canepa-entre-lo-profundo-y-lo-distante\/\" target=\"_blank\" rel=\"nofollow noopener\"> Andrea Canepa<\/a>. Han sido dos semanas de much\u00edsima actividad, adem\u00e1s de entrevistarme con el equipo y conocer c\u00f3mo funciona cada departamento. Realmente no me ha dado tiempo a procesar toda la informaci\u00f3n. Adem\u00e1s, he conocido la vida cultural de Val\u00e8ncia yendo a inauguraciones en galer\u00edas y a visitar otros museos. No he parado.<\/p>\n<p class=\"ft-text\"><strong>\u00bfQu\u00e9 idea ten\u00eda del museo antes de asumir el cargo y qu\u00e9 te ha sorprendido al conocerlo desde dentro?<\/strong><\/p>\n<p class=\"ft-text\">Conoc\u00eda el IVAM desde hace unos veinte a\u00f1os, fue uno de los primeros museos que visit\u00e9 cuando est\u00e1bamos poniendo en marcha el <a class=\"ft-link ft-link--decoration\" href=\"https:\/\/musac.es\/\" target=\"_blank\" rel=\"nofollow noopener\">MUSAC<\/a>. De hecho, Blanca [De la Torre] form\u00f3 parte de ese equipo fundador. En 2004 empezamos a trabajar en el museo y, aunque no ten\u00edamos muchas referencias, el IVAM fue uno de los primeros centros que visitamos para conocer c\u00f3mo funcionaba el registro, los almacenes o la estructura interna. La diferencia es que el este museo fue muy grande desde su inicio, con muchos medios humanos, mientras que en el MUSAC \u00e9ramos menos de diez personas para todo, ha sido una escuela muy completa. Ahora es muy grato conocer el IVAM desde dentro y pensar que puedo contribuir de forma directa.<\/p>\n<p class=\"ft-text\"><strong>\u00bfCu\u00e1l va a ser esa contribuci\u00f3n desde la direcci\u00f3n adjunta?<\/strong><\/p>\n<p class=\"ft-text\">Mi papel es ayudar a Blanca [De la Torre] a llevar a cabo su proyecto de museo, que gira en torno a tres ejes: sostenibilidad, patrimonio y territorio. La sostenibilidad no solo a nivel de programaci\u00f3n, sino en c\u00f3mo lograr que los procesos internos del museo sean sostenibles. En cuanto al patrimonio, se trata de c\u00f3mo activar la colecci\u00f3n, c\u00f3mo aprovecharla mejor mediante exposiciones m\u00e1s permanentes y tambi\u00e9n c\u00f3mo internacionalizarla, teniendo en cuenta la amplia red de contactos de Blanca. Por \u00faltimo, el territorio: c\u00f3mo integrar el arte valenciano en los proyectos y en la programaci\u00f3n del IVAM.<\/p>\n<p class=\"ft-text\"><strong>Ah\u00ed entra tambi\u00e9n su perfil m\u00e1s t\u00e9cnico y de gesti\u00f3n, fruto de su experiencia en el MUSAC.<\/strong><\/p>\n<p class=\"ft-text\">S\u00ed. Era la coordinadora general, asum\u00eda funciones que hoy corresponder\u00edan a una gerencia, siempre en colaboraci\u00f3n con la fundaci\u00f3n. Todos esos procesos administrativos los conozco porque los he vivido en primera persona. Pero tambi\u00e9n tengo una vertiente art\u00edstica, ya que fui comisaria de varias exposiciones. Se trata de conjugar esa doble experiencia, tanto t\u00e9cnica como art\u00edstica.<\/p>\n<p><img decoding=\"async\" src=\"https:\/\/www.europesays.com\/es\/wp-content\/uploads\/2025\/12\/7e86d9ee-1cae-4fd4-ac20-5b922ed58381_alta-libre-aspect-ratio_default_0.jpg\" width=\"1200\" height=\"800\" alt=\"Kristine Guzm\u00e1n, directora adjunta del IVAM, en la sala Julio Gonz\u00e1lez del museo.\" class=\"ft-helper-img-rd\" loading=\"lazy\"\/><\/p>\n<p class=\"ft-helper-fontColor-quaternary ft-helper-fontSize-body-S ft-helper-spacer-t-xxs\">Kristine Guzm\u00e1n, directora adjunta del IVAM, en la sala Julio Gonz\u00e1lez del museo.  \/ Germ\u00e1n Caballero<\/p>\n<p class=\"ft-text\"><strong>\u00bfHar\u00e1 t\u00e1ndem con Blanca en la programaci\u00f3n y en las propuestas futuras?<\/strong><\/p>\n<p class=\"ft-text\">S\u00ed. Por ahora no hemos trabajado en la programaci\u00f3n de 2027, pero m\u00e1s adelante tendremos ocasi\u00f3n de hacerlo conjuntamente.<\/p>\n<p class=\"ft-text\"><strong>\u00bfCree que el a\u00f1o sin direcci\u00f3n ha afectado a la reputaci\u00f3n del museo?<\/strong><\/p>\n<p class=\"ft-text\">Yo no viv\u00eda en Val\u00e8ncia, as\u00ed que toda la informaci\u00f3n que tengo ha sido a trav\u00e9s de los medios. No quiero entrar en el pasado del IVAM; prefiero pensar en el futuro y en todo lo que podemos aportar para hacer un museo m\u00e1s vivo, m\u00e1s cercano, que la gente sienta como su casa, y para atraer nuevos p\u00fablicos y cumplir los objetivos del proyecto de Blanca.<\/p>\n<p class=\"ft-text\"><strong>\u00bfLe gusta el legado que han dejado las anteriores directores y directoras?<\/strong><\/p>\n<p class=\"ft-text\">S\u00ed, sobre todo en la colecci\u00f3n. El IVAM tiene una de las colecciones de arte m\u00e1s importantes de Espa\u00f1a, muy potente, que hay que valorar. Ese es uno de los grandes legados: haber tenido el criterio y la visi\u00f3n para construir esa colecci\u00f3n.<\/p>\n<p class=\"ft-text\"><strong>\u00bfQu\u00e9 quieren hacer ahora con esa colecci\u00f3n? <\/strong><\/p>\n<p class=\"ft-text\">La colecci\u00f3n se est\u00e1 estudiando junto con el comit\u00e9 asesor para detectar lagunas y tambi\u00e9n para abordar cuestiones como la igualdad, incorporando m\u00e1s mujeres artistas. Creo que las futuras adquisiciones ir\u00e1n en esa direcci\u00f3n.<\/p>\n<p class=\"ft-text\"><strong>Y como dijo la directora, ponerla en valor a trav\u00e9s de exposiciones.<\/strong><\/p>\n<p class=\"ft-text\">Exacto. Parte de la programaci\u00f3n de 2026 incluye exposiciones dedicadas a Julio Gonz\u00e1lez o a Pinazo. Se trata de identificar las fortalezas de la colecci\u00f3n y potenciarlas.<\/p>\n<p class=\"ft-text\"><strong>Otra cuesti\u00f3n clave es el futuro del parque trasero del museo. \u00bfHa podido estudiar ya esa situaci\u00f3n?<\/strong><\/p>\n<p class=\"ft-text\">Se est\u00e1 estudiando ahora mismo. Es un tema muy delicado y el barrio necesita cierta reparaci\u00f3n o regeneraci\u00f3n, pero hay que hacerlo con mucho cuidado. Requiere tiempo y prefiero ser prudente.<\/p>\n<p class=\"ft-text\"><strong>Su formaci\u00f3n inicial es arquitectura y restauraci\u00f3n. \u00bfQu\u00e9 le aporta a su papel de directora?<\/strong><\/p>\n<p class=\"ft-text\">La arquitectura me ha ayudado mucho en mis trabajos anteriores, sobre todo en la manera de entender el espacio. Como comisaria, no concibo una exposici\u00f3n eligiendo obras para luego colocarlas en un espacio; pienso el espacio al mismo tiempo que la exposici\u00f3n. Esa formaci\u00f3n me puede servir a nivel museol\u00f3gico y tambi\u00e9n en futuros proyectos de ampliaci\u00f3n o para abordar el problema del patio trasero, aunque eso est\u00e1 a\u00fan por estudiar.<\/p>\n<p class=\"ft-text\"><strong>Ha hablado del inter\u00e9s por la intersecci\u00f3n entre disciplinas. \u00bfCree que el IVAM ha explotado todo su potencial en ese sentido?<\/strong><\/p>\n<p class=\"ft-text\">Una de las cosas que Blanca [De la Torre] quiere impulsar es la transdisciplinariedad: integrar m\u00fasica, danza y artes esc\u00e9nicas en la programaci\u00f3n del museo. Es algo que me interesa mucho. En el MUSAC, por ejemplo, desarroll\u00e9 una l\u00ednea llamada &#8216;Arte y Arquitectura&#8217;, centrada en pr\u00e1cticas que est\u00e1n en la frontera entre ambas disciplinas. Hoy el arte se mezcla constantemente y muchos artistas trabajan con m\u00faltiples medios. Esa transdisciplinariedad es uno de los pilares del proyecto de Blanca.<\/p>\n<p class=\"ft-text\"><strong>\u00bfC\u00f3mo se gestiona un museo p\u00fablico en un contexto pol\u00edtico tan cambiante?<\/strong><\/p>\n<p class=\"ft-text\">Espero que la pol\u00edtica d\u00e9 a los museos la estabilidad que necesitan. Un proyecto muse\u00edstico requiere muchos a\u00f1os. Blanca tiene un contrato de cinco a\u00f1os, tiempo suficiente para desarrollar su proyecto. Si la pol\u00edtica interfiere, ese proyecto se trunca y se pierde un tiempo muy valioso.<\/p>\n<p><img decoding=\"async\" src=\"https:\/\/www.europesays.com\/es\/wp-content\/uploads\/2025\/12\/4f28f584-31d6-4675-ae9d-1d4f5bc76128_alta-libre-aspect-ratio_default_0.jpg\" width=\"1200\" height=\"800\" alt=\"Kristine Guzm\u00e1n, directora adjunta del IVAM, el martes.\" class=\"ft-helper-img-rd\" loading=\"lazy\"\/><\/p>\n<p class=\"ft-helper-fontColor-quaternary ft-helper-fontSize-body-S ft-helper-spacer-t-xxs\">Kristine Guzm\u00e1n, directora adjunta del IVAM, el martes.  \/ Germ\u00e1n Caballero<\/p>\n<p class=\"ft-text\"><strong>En un contexto de recortes presupuestarios, \u00bfse apuesta de verdad por la cultura y el arte contempor\u00e1neo en la Comunitat Valenciana?<\/strong><\/p>\n<p class=\"ft-text\">Nosotros tenemos que trabajar con los medios que se nos dan. El presupuesto ronda los 12 millones de euros y la programaci\u00f3n se adapta a esos recursos. Es una cuesti\u00f3n de adaptaci\u00f3n.<\/p>\n<p class=\"ft-text\"><strong>Abrir el museo a la ciudadan\u00eda a trav\u00e9s de otras disciplinas es una de las claves del proyecto. \u00bfComparte esa visi\u00f3n?<\/strong><\/p>\n<p class=\"ft-text\">Totalmente. Es una forma de atraer nuevos p\u00fablicos. No todo el mundo se acerca con facilidad al arte contempor\u00e1neo, as\u00ed que hay que buscar otras f\u00f3rmulas y ofrecer alternativas.<\/p>\n<p class=\"ft-text\"><strong>Esa diversidad se ve tambi\u00e9n en la convivencia de artistas como Andrea Canepa o Cristina Garc\u00eda Rodero.<\/strong><\/p>\n<p class=\"ft-text\">S\u00ed, esa diversidad en la programaci\u00f3n es fundamental.<\/p>\n<p class=\"ft-text\"><strong>\u00bfA qu\u00e9 p\u00fablico cree que se dirige hoy el IVAM?<\/strong><\/p>\n<p class=\"ft-text\">Hay una oferta para todos los p\u00fablicos. En un d\u00eda normal encuentras ni\u00f1os, adolescentes, adultos\u2026 Pero tambi\u00e9n es importante estudiar qu\u00e9 sectores no vienen al museo, entender por qu\u00e9 y buscar maneras de atraerlos.<\/p>\n<p class=\"ft-text\"><strong>\u00bfQu\u00e9 cree que no deber\u00eda volver a ocurrir en un museo p\u00fablico como el IVAM?<\/strong><\/p>\n<p class=\"ft-text\">Creo que lo importante es escuchar a la comunidad. El IVAM est\u00e1 en un barrio concreto y debe tener una relaci\u00f3n directa con \u00e9l, pero tambi\u00e9n ofrecer una programaci\u00f3n para toda Val\u00e8ncia, a nivel nacional e internacional. El objetivo es que el museo sea tanto para el vecino de al lado como para alguien que viene de fuera a visitarlo.<\/p>\n<p class=\"ft-text\"><strong>Por \u00faltimo, \u00bfqu\u00e9 cree que puedes aportar espec\u00edficamente a este museo?<\/strong><\/p>\n<p class=\"ft-text\">Puedo aportar muchos a\u00f1os de experiencia en distintas instituciones, tanto museos como fundaciones culturales. Una experiencia muy diversa, que abarca no solo el arte contempor\u00e1neo, sino tambi\u00e9n m\u00fasica, poes\u00eda, danza, artes esc\u00e9nicas y, m\u00e1s recientemente, el audiovisual. Ese bagaje multidisciplinar, unido a mi formaci\u00f3n como arquitecta, es lo que creo que puedo aportar al museo.<\/p>\n<p data-close=\"closedContent\" class=\"subscribeHideForDisplay\">Suscr\u00edbete para seguir leyendo<\/p>\n","protected":false},"excerpt":{"rendered":"\u00bfC\u00f3mo ha sido su aterrizaje en el IVAM y en Val\u00e8ncia? El aterrizaje ha sido muy intenso porque&hellip;\n","protected":false},"author":2,"featured_media":292532,"comment_status":"","ping_status":"","sticky":false,"template":"","format":"standard","meta":{"footnotes":""},"categories":[173],"tags":[58132,801,229,2875,233,231,230,209,232,8365,234,146,147,25,24,50,32481,70026,470,3873,952,8485,23],"class_list":{"0":"post-292531","1":"post","2":"type-post","3":"status-publish","4":"format-standard","5":"has-post-thumbnail","7":"category-arte-y-diseno","8":"tag-adjunta","9":"tag-arquitectura","10":"tag-arte","11":"tag-arte-contemporaneo","12":"tag-arte-y-diseno","13":"tag-arts","14":"tag-arts-and-design","15":"tag-cultura","16":"tag-design","17":"tag-directora","18":"tag-diseno","19":"tag-entertainment","20":"tag-entretenimiento","21":"tag-es","22":"tag-espana","23":"tag-guzman","24":"tag-ivam","25":"tag-kirstine","26":"tag-museo","27":"tag-museos","28":"tag-politica","29":"tag-programacion","30":"tag-spain"},"share_on_mastodon":{"url":"https:\/\/pubeurope.com\/@es\/115734156690393630","error":""},"_links":{"self":[{"href":"https:\/\/www.europesays.com\/es\/wp-json\/wp\/v2\/posts\/292531","targetHints":{"allow":["GET"]}}],"collection":[{"href":"https:\/\/www.europesays.com\/es\/wp-json\/wp\/v2\/posts"}],"about":[{"href":"https:\/\/www.europesays.com\/es\/wp-json\/wp\/v2\/types\/post"}],"author":[{"embeddable":true,"href":"https:\/\/www.europesays.com\/es\/wp-json\/wp\/v2\/users\/2"}],"replies":[{"embeddable":true,"href":"https:\/\/www.europesays.com\/es\/wp-json\/wp\/v2\/comments?post=292531"}],"version-history":[{"count":0,"href":"https:\/\/www.europesays.com\/es\/wp-json\/wp\/v2\/posts\/292531\/revisions"}],"wp:featuredmedia":[{"embeddable":true,"href":"https:\/\/www.europesays.com\/es\/wp-json\/wp\/v2\/media\/292532"}],"wp:attachment":[{"href":"https:\/\/www.europesays.com\/es\/wp-json\/wp\/v2\/media?parent=292531"}],"wp:term":[{"taxonomy":"category","embeddable":true,"href":"https:\/\/www.europesays.com\/es\/wp-json\/wp\/v2\/categories?post=292531"},{"taxonomy":"post_tag","embeddable":true,"href":"https:\/\/www.europesays.com\/es\/wp-json\/wp\/v2\/tags?post=292531"}],"curies":[{"name":"wp","href":"https:\/\/api.w.org\/{rel}","templated":true}]}}