{"id":292561,"date":"2025-12-17T09:40:20","date_gmt":"2025-12-17T09:40:20","guid":{"rendered":"https:\/\/www.europesays.com\/es\/292561\/"},"modified":"2025-12-17T09:40:20","modified_gmt":"2025-12-17T09:40:20","slug":"no-quiero-pasar-la-nochebuena-con-tu-madre","status":"publish","type":"post","link":"https:\/\/www.europesays.com\/es\/292561\/","title":{"rendered":"\u2018no quiero pasar la Nochebuena con tu madre\u2019\u201d"},"content":{"rendered":"<p>La Navidad est\u00e1 a la vuelta de la esquina. Se trata de una de las \u00e9pocas m\u00e1s m\u00e1gicas del a\u00f1o, en la que muchas familias aprovechan para reunirse y celebrar estas festividades. Es algo que no parece que vaya a suceder en casa de Anabel Pantoja (39 a\u00f1os), ya que la tensi\u00f3n entre su madre y su novio contin\u00faa. Luis Pliego, director de la revista Lecturas, desvela la frase de David Rodr\u00edguez que demuestra que la relaci\u00f3n con Merchi no es del todo buena, ya que <strong>no quiere pasar Nochebuena con ella.<\/strong><\/p>\n<p>No ha sido la primera vez que se ha puesto en entredicho la <a href=\"https:\/\/www.lecturas.com\/actualidad\/exclusiva-luis-pliego-director-lecturas-sobre-tension-entre-merchi-madre-anabel-pantoja-y-david-rodriguez-no-se-hablan-se-esquivan_184846\" rel=\"nofollow noopener\" target=\"_blank\">poca cordialidad entre suegra y yerno<\/a>. La situaci\u00f3n que mantuvo a la hija de Anabel y el fisioterapeuta ingresada en un hospital canario ha significado un punto de inflexi\u00f3n en su relaci\u00f3n. El propio Luis Pliego ya ha hablado con anterioridad de esta tensi\u00f3n entre ellos cada vez que han coincidido. La \u00faltima ocasi\u00f3n ha sido el primer cumplea\u00f1os de la peque\u00f1a, en la que apenas se han dirigido la palabra, poniendo en una <strong>situaci\u00f3n complicada a la influencer.<\/strong><\/p>\n<p>Su Navidad m\u00e1s amarga<\/p>\n<p>Como cada martes, Luis Pliego acude a \u2018El tiempo justo\u2019 para ofrecer un adelanto de lo que el d\u00eda siguiente se podr\u00e1 ver en las p\u00e1ginas de la revista Lecturas. <strong>\u201cNo una movida al uso. Ruptura familiar en Nochebuena\u201d<\/strong>, as\u00ed resume el periodista esta situaci\u00f3n al inicio del programa de las tardes de Telecinco. Instantes despu\u00e9s, ofrece m\u00e1s detalles al desvelar que se trata de una situaci\u00f3n inc\u00f3moda para Anabel Pantoja.<\/p>\n<p><img loading=\"lazy\" decoding=\"async\"   src=\"https:\/\/www.europesays.com\/es\/wp-content\/uploads\/2025\/12\/luis-pliego_fa747a96_251216173504_1200x671.webp.webp\" alt=\"Luis Pliego\" class=\"lazyload\" width=\"1200\" height=\"671\" data-aspectratio=\"1200\/671\"\/><\/p>\n<p>David le ha pedido a Anabel que su madre no pase las Navidades con ellos en Canarias.<\/p>\n<p>&#13;Telecinco<\/p>\n<p>\u201cNochebuena en el infierno\u201d, resume Pliego esta informaci\u00f3n. En realidad, se refiere a los preparativos de las pr\u00f3ximas fiestas que re\u00fanen a las familias en las copiosas comidas. \u201cEste fin de semana David se plant\u00f3 y le dijo: <strong>\u2018Anabel, no quiero pasar la Nochebuena con tu madre\u2019<\/strong>\u201d, confiesa el director de la revista Lecturas. Una frase que \u00e9l mismo define como \u201crotunda\u201d sobre las verdaderas intenciones del fisioterapeuta cordob\u00e9s.<\/p>\n<p><img decoding=\"async\" src=\"https:\/\/www.europesays.com\/es\/wp-content\/uploads\/2025\/12\/carmen-janeiro_00000000_e848dda9_251216125336_800x800.webp.webp\" alt=\"Carmen Janeiro\" class=\"image lazyload\"\/><img loading=\"lazy\" decoding=\"async\" src=\"https:\/\/www.europesays.com\/es\/wp-content\/uploads\/2025\/12\/carmen-janeiro_00000000_e848dda9_251216125341_1280x720.webp.webp\" alt=\"Carmen Janeiro se marcha a M\u00f3naco: as\u00ed es la vida actual de la hermana de Jesul\u00edn de Ubrique\" class=\"image lazyload\" width=\"1280\" height=\"720\" data-aspectratio=\"1280\/720\"\/><\/p>\n<p>Pero, \u00bfc\u00f3mo afecta esta tesitura a la propia Anabel? De nuevo, Pliego tiene todas las respuestas posibles. \u201cAnabel estuvo llorando todo el fin de semana y no sabe bien qu\u00e9 es lo que va a hacer y c\u00f3mo va a pasar la Nochebuena\u201d, expresa Pliego sobre la reacci\u00f3n inmediata de la influencer. \u201cEl a\u00f1o pasado Merchi viaj\u00f3 a Canarias, lo pasaron all\u00ed y este a\u00f1o<strong> David ha dicho que all\u00ed no entra mientras est\u00e9 \u00e9l<\/strong>. Hasta ese punto hemos llegado\u201d, confiesa el periodista.<\/p>\n<p>Mala relaci\u00f3n suegra y yerno<\/p>\n<p>Esta importante revelaci\u00f3n de Luis Pliego ha conllevado que en el plat\u00f3 de Telecinco hayan vuelto a hablar de la relaci\u00f3n existente entre Merchi y David. \u201cHasta ahora habl\u00e1bamos de una relaci\u00f3n tensa. Ahora de una hostilidad abierta, de <strong>una relaci\u00f3n mal\u00edsima que roza el odio<\/strong>\u201d, ha asegurado el director de la revista Lecturas. Una situaci\u00f3n que ha cambiado con el paso de las semanas entre ellos.<\/p>\n<p><img loading=\"lazy\" decoding=\"async\"   src=\"https:\/\/www.europesays.com\/es\/wp-content\/uploads\/2025\/12\/luis-pliego_cd544452_251216173531_1200x673.webp.webp\" alt=\"Luis Pliego\" class=\"lazyload\" width=\"1200\" height=\"673\" data-aspectratio=\"1200\/673\"\/><\/p>\n<p>La relaci\u00f3n entre suegra y yerno ha dejado de ser tensa para pasar a casi el odio.<\/p>\n<p>&#13;Telecinco<\/p>\n<p>Anabel tiene por delante una Navidad un tanto amarga, ya que se trata de una situaci\u00f3n totalmente inesperada. \u201c<strong>Tiene el coraz\u00f3n absolutamente roto<\/strong>, una disyuntiva\u201d, explica Pliego sobre los sentimientos de la sobrina de la tonadillera. No obstante, existen otras alternativas posibles para que Anabel pueda disfrutar de unos d\u00edas con su pareja, pero tambi\u00e9n con su madre en Canarias.<\/p>\n<p><img decoding=\"async\" src=\"https:\/\/www.europesays.com\/es\/wp-content\/uploads\/2025\/12\/anabel-pantoja_a2e8d9f7_251125172648_800x800.webp.webp\" alt=\"Anabel Pantoja\" class=\"image lazyload\"\/><img loading=\"lazy\" decoding=\"async\" src=\"https:\/\/www.europesays.com\/es\/wp-content\/uploads\/2025\/12\/anabel-pantoja_a2e8d9f7_251125172652_1280x720.webp.webp\" alt=\"Luis Pliego, director de Lecturas, sobre Merchi, madre de Anabel Pantoja, y David Rodr\u00edguez: \u201cNo se hablan, se esquivan\u201d\" class=\"image lazyload\" width=\"1280\" height=\"720\" data-aspectratio=\"1280\/720\"\/><\/p>\n<p>\u201cHay uno de los planes que Merchi se quede en casa de una de las amigas de Anabel\u201d, asegura Pliego sobre esta idea. Sin embargo, la postura de Rodr\u00edguez es firme al respecto. <strong>\u201cDavid no quiere que pise la casa\u201d<\/strong>, sentencia el director de la publicaci\u00f3n. No obstante, habr\u00e1 que esperar unos d\u00edas para conocer si finalmente llegan a un entendimiento o pasan estas fiestas totalmente separados debido a esta mala relaci\u00f3n entre David y Merchi.<\/p>\n<p>La raz\u00f3n del distanciamiento<\/p>\n<p>Aunque el propio Pliego ha ofrecido un avance del motivo por el que procede este distanciamiento, en anteriores ocasiones ha hablado tambi\u00e9n de esta pol\u00e9mica familiar. Sin ir m\u00e1s lejos, el pasado fin de semana en \u2018D Coraz\u00f3n\u2019 <a href=\"https:\/\/www.lecturas.com\/actualidad\/luis-pliego-director-revista-lecturas-sobre-tension-entre-david-rodriguez-merchi-toda-familia-anabel-pantoja-le-culpa-incidente_185807\" rel=\"nofollow noopener\" target=\"_blank\">revel\u00f3 algunos detalles<\/a>. \u201cCuando \u00e9l, los viernes, llegaba a Madrid desde C\u00f3rdoba, <strong>ella se iba corriendo<\/strong>\u201d, expres\u00f3 el periodista sobre esa tensi\u00f3n familiar tan comentada.<\/p>\n<p><img loading=\"lazy\" decoding=\"async\"   src=\"https:\/\/www.europesays.com\/es\/wp-content\/uploads\/2025\/12\/luis-pliego_f9f258d4_251216175029_1200x670.webp.webp\" alt=\"Luis Pliego\" class=\"lazyload\" width=\"1200\" height=\"670\" data-aspectratio=\"1200\/670\"\/><\/p>\n<p>La familia de Anabel culpa a David del incidente que mantuvo a la peque\u00f1a ingresada durante d\u00edas en el hospital.<\/p>\n<p>&#13;Telecinco<\/p>\n<p>El director de la revista Lecturas quiso contar la raz\u00f3n por la que se produjo esta lejan\u00eda entre suegra y yerno, remont\u00e1ndose al ingreso hospitalario de la hija de la influencer. <strong>\u201cToda la familia Pantoja culpa a David del incidente [con la ni\u00f1a]\u201d<\/strong>, asegur\u00f3 Pliego el pasado fin de semana. De esta manera, esta culpa provoc\u00f3 que la familia de Anabel no haya realizado un acercamiento con el fisioterapeuta debido a la causa judicial que todav\u00eda tiene pendiente la pareja sobre su hija.<\/p>\n","protected":false},"excerpt":{"rendered":"La Navidad est\u00e1 a la vuelta de la esquina. Se trata de una de las \u00e9pocas m\u00e1s m\u00e1gicas&hellip;\n","protected":false},"author":2,"featured_media":292562,"comment_status":"","ping_status":"","sticky":false,"template":"","format":"standard","meta":{"footnotes":""},"categories":[174],"tags":[255,146,147,25,24,256,23],"class_list":{"0":"post-292561","1":"post","2":"type-post","3":"status-publish","4":"format-standard","5":"has-post-thumbnail","7":"category-famosos","8":"tag-celebrities","9":"tag-entertainment","10":"tag-entretenimiento","11":"tag-es","12":"tag-espana","13":"tag-famosos","14":"tag-spain"},"share_on_mastodon":{"url":"https:\/\/pubeurope.com\/@es\/115734251429613050","error":""},"_links":{"self":[{"href":"https:\/\/www.europesays.com\/es\/wp-json\/wp\/v2\/posts\/292561","targetHints":{"allow":["GET"]}}],"collection":[{"href":"https:\/\/www.europesays.com\/es\/wp-json\/wp\/v2\/posts"}],"about":[{"href":"https:\/\/www.europesays.com\/es\/wp-json\/wp\/v2\/types\/post"}],"author":[{"embeddable":true,"href":"https:\/\/www.europesays.com\/es\/wp-json\/wp\/v2\/users\/2"}],"replies":[{"embeddable":true,"href":"https:\/\/www.europesays.com\/es\/wp-json\/wp\/v2\/comments?post=292561"}],"version-history":[{"count":0,"href":"https:\/\/www.europesays.com\/es\/wp-json\/wp\/v2\/posts\/292561\/revisions"}],"wp:featuredmedia":[{"embeddable":true,"href":"https:\/\/www.europesays.com\/es\/wp-json\/wp\/v2\/media\/292562"}],"wp:attachment":[{"href":"https:\/\/www.europesays.com\/es\/wp-json\/wp\/v2\/media?parent=292561"}],"wp:term":[{"taxonomy":"category","embeddable":true,"href":"https:\/\/www.europesays.com\/es\/wp-json\/wp\/v2\/categories?post=292561"},{"taxonomy":"post_tag","embeddable":true,"href":"https:\/\/www.europesays.com\/es\/wp-json\/wp\/v2\/tags?post=292561"}],"curies":[{"name":"wp","href":"https:\/\/api.w.org\/{rel}","templated":true}]}}