{"id":292588,"date":"2025-12-17T10:01:17","date_gmt":"2025-12-17T10:01:17","guid":{"rendered":"https:\/\/www.europesays.com\/es\/292588\/"},"modified":"2025-12-17T10:01:17","modified_gmt":"2025-12-17T10:01:17","slug":"previa-del-encuentro-entre-el-baskonia-y-el-monaco","status":"publish","type":"post","link":"https:\/\/www.europesays.com\/es\/292588\/","title":{"rendered":"Previa del encuentro entre el Baskonia y el M\u00f3naco"},"content":{"rendered":"<p>\n        Decir que <strong>el AS M\u00f3naco, uno de los nuevos ricos de la Euroliga que lleg\u00f3 al m\u00e1ximo torneo continental en el verano de 2021<\/strong>, es uno de los rivales hist\u00f3ricos del <a href=\"https:\/\/www.noticiasdealava.eus\/baskonia\/\" title=\"Kosner Baskonia\" class=\"link copy\" rel=\"nofollow noopener\" target=\"_blank\">Kosner Baskonia<\/a> ser\u00eda un disparate. Sin embargo, s\u00ed que es <strong>un oponente que no trae para nada buenos recuerdos<\/strong> a los gasteiztarras.\n<\/p>\n<p class=\"article-body__text \">\n        El conjunto azulgrana <strong>intentar\u00e1 hoy a partir de las 20.30 horas en el Fernando Buesa Arena hacer valer el factor cancha para poner fin a una nefasta racha de siete derrotas consecutivas contra el M\u00f3naco<\/strong>. Los vitorianos se impusieron al equipo del exbaskonista Mike James la primera vez que se vieron las caras el 22 de octubre de 2021, pero desde entonces, medirse al equipo del Principado ha sido sin\u00f3nimo de derrota.\n<\/p>\n<p>            <a href=\"https:\/\/www.noticiasdealava.eus\/baskonia\/2025\/12\/16\/paolo-galbiati-club-quiero-kobi-10476995.html\" title=\"Paolo Galbiati: &quot;El club sabe lo que quiero con Kobi Simmons&quot;\" class=\"new__media\" rel=\"nofollow noopener\" target=\"_blank\"><\/p>\n<p>                <img alt=\"Paolo Galbiati: &quot;El club sabe lo que quiero con Kobi Simmons&quot;\" data-src=\"https:\/\/www.europesays.com\/es\/wp-content\/uploads\/2025\/12\/a8dd1df6-5045-413c-9a69-5fe35db86e78_16-9-aspect-ratio_default_0_x1069y298.jpg\" class=\"lozad\"\/><\/p>\n<p>        <\/a><\/p>\n<p>        <a href=\"https:\/\/www.noticiasdealava.eus\/baskonia\/2025\/12\/16\/paolo-galbiati-club-quiero-kobi-10476995.html\" title=\"Paolo Galbiati: &quot;El club sabe lo que quiero con Kobi Simmons&quot;\" class=\"new__headline\" rel=\"nofollow noopener\" target=\"_blank\"><br \/>\n            Paolo Galbiati: \u00abEl club sabe lo que quiero con Kobi Simmons\u00bb<br \/>\n        <\/a><\/p>\n<p class=\"article-body__text \">\n        Esa misma campa\u00f1a 2021-22, el M\u00f3naco se impuso en su cancha por 78-68 y en las tres siguientes gan\u00f3 en todos sus encuentros: 79-74 y 93-102 en la 2022-23, 75-77 y 93-83 en la 2023-24 y 75-87 y 92-85 el curso pasado. <strong>El cuadro monegasco, con una plantilla corta, pero con talento y f\u00edsico a raudales, se ha convertido en una bestia negra para el Baskonia<\/strong>, que sabe perfectamente c\u00f3mo se las gastan los hombres de Vassilis Spanoulis.\n<\/p>\n<p class=\"article-body__text \">\n        Finalistas de la pasada Euroliga, <strong>a\u00fan siguen en b\u00fasqueda de su primer entorchado, el gran deseo del incombustible Mike James<\/strong>. El m\u00e1ximo anotador de la historia de la competici\u00f3n sigue a sus 35 a\u00f1os registrando n\u00fameros espectaculares con <strong>16,7 puntos, 6,5 asistencias, 2,9 rebotes y 18,3 cr\u00e9ditos de valoraci\u00f3n<\/strong>. El juego gira a su alrededor, pero no es la \u00fanica estrella del M\u00f3naco.\n<\/p>\n<p>            <a href=\"https:\/\/www.noticiasdealava.eus\/baskonia\/2025\/12\/16\/eugene-omoruyi-aficionados-ver-doy-presentacion-10477975.html\" title=\"Eugene Omoruyi: &quot;Los aficionados van a ver que doy el cien por cien en cada posesi\u00f3n&quot;\" class=\"new__media\" rel=\"nofollow noopener\" target=\"_blank\"><\/p>\n<p>                <img alt=\"Eugene Omoruyi: &quot;Los aficionados van a ver que doy el cien por cien en cada posesi\u00f3n&quot;\" data-src=\"https:\/\/www.europesays.com\/es\/wp-content\/uploads\/2025\/12\/15a746f9-b254-49da-a4fa-526741fcde35_16-9-aspect-ratio_default_0.jpg\" class=\"lozad\"\/><\/p>\n<p>        <\/a><\/p>\n<p>        <a href=\"https:\/\/www.noticiasdealava.eus\/baskonia\/2025\/12\/16\/eugene-omoruyi-aficionados-ver-doy-presentacion-10477975.html\" title=\"Eugene Omoruyi: &quot;Los aficionados van a ver que doy el cien por cien en cada posesi\u00f3n&quot;\" class=\"new__headline\" rel=\"nofollow noopener\" target=\"_blank\"><br \/>\n            Eugene Omoruyi: \u00abLos aficionados van a ver que doy el cien por cien en cada posesi\u00f3n\u00bb<br \/>\n        <\/a><\/p>\n<p class=\"article-body__text \">\n        El norteamericano est\u00e1 bien rodeado por <strong>portentos f\u00edsicos como Blossomgame, Diallo y Hayes o el talento anotador de Strazel, Okobo, Theis y Mirotic<\/strong>, su fichaje estrella de este curso. Eso s\u00ed, han perdido fondo de armario con las marchas de Papagiannis, Loyd, Jaiteh y Calathes, por lo que quiz\u00e1s no es un equipo con tantos recursos como en la temporada pasada.\n<\/p>\n<p class=\"article-body__text \">\n        En cualquier caso, el Baskonia deber\u00e1 completar una actuaci\u00f3n redonda e<strong> imponer un ritmo alto para romper el juego de mayor control de los visitantes<\/strong> para poner fin a su racha negativa y arrancar con buen pie su particular marat\u00f3n de cuatro partidos en siete d\u00edas. Sedekerskis es baja por el lado local y Nedovic y Michineau por el visitante.<\/p>\n","protected":false},"excerpt":{"rendered":"Decir que el AS M\u00f3naco, uno de los nuevos ricos de la Euroliga que lleg\u00f3 al m\u00e1ximo torneo&hellip;\n","protected":false},"author":2,"featured_media":292589,"comment_status":"","ping_status":"","sticky":false,"template":"","format":"standard","meta":{"footnotes":""},"categories":[269],"tags":[51734,299,298,4714,11550,42664,168,25,24,62853,24635,3684,23,167],"class_list":{"0":"post-292588","1":"post","2":"type-post","3":"status-publish","4":"format-standard","5":"has-post-thumbnail","7":"category-baloncesto","8":"tag-as-monaco","9":"tag-baloncesto","10":"tag-basketball","11":"tag-baskonia","12":"tag-bestia","13":"tag-buesa-arena","14":"tag-deportes","15":"tag-es","16":"tag-espana","17":"tag-kosner","18":"tag-negra","19":"tag-recibe","20":"tag-spain","21":"tag-sports"},"share_on_mastodon":{"url":"https:\/\/pubeurope.com\/@es\/115734333767455777","error":""},"_links":{"self":[{"href":"https:\/\/www.europesays.com\/es\/wp-json\/wp\/v2\/posts\/292588","targetHints":{"allow":["GET"]}}],"collection":[{"href":"https:\/\/www.europesays.com\/es\/wp-json\/wp\/v2\/posts"}],"about":[{"href":"https:\/\/www.europesays.com\/es\/wp-json\/wp\/v2\/types\/post"}],"author":[{"embeddable":true,"href":"https:\/\/www.europesays.com\/es\/wp-json\/wp\/v2\/users\/2"}],"replies":[{"embeddable":true,"href":"https:\/\/www.europesays.com\/es\/wp-json\/wp\/v2\/comments?post=292588"}],"version-history":[{"count":0,"href":"https:\/\/www.europesays.com\/es\/wp-json\/wp\/v2\/posts\/292588\/revisions"}],"wp:featuredmedia":[{"embeddable":true,"href":"https:\/\/www.europesays.com\/es\/wp-json\/wp\/v2\/media\/292589"}],"wp:attachment":[{"href":"https:\/\/www.europesays.com\/es\/wp-json\/wp\/v2\/media?parent=292588"}],"wp:term":[{"taxonomy":"category","embeddable":true,"href":"https:\/\/www.europesays.com\/es\/wp-json\/wp\/v2\/categories?post=292588"},{"taxonomy":"post_tag","embeddable":true,"href":"https:\/\/www.europesays.com\/es\/wp-json\/wp\/v2\/tags?post=292588"}],"curies":[{"name":"wp","href":"https:\/\/api.w.org\/{rel}","templated":true}]}}