{"id":292647,"date":"2025-12-17T10:36:17","date_gmt":"2025-12-17T10:36:17","guid":{"rendered":"https:\/\/www.europesays.com\/es\/292647\/"},"modified":"2025-12-17T10:36:17","modified_gmt":"2025-12-17T10:36:17","slug":"vodafone-amplia-el-roaming-gratis-a-estados-unidos","status":"publish","type":"post","link":"https:\/\/www.europesays.com\/es\/292647\/","title":{"rendered":"Vodafone ampl\u00eda el roaming gratis a Estados Unidos"},"content":{"rendered":"<p class=\"ws10-u--mb5x ws10-m-article__schedule\"><strong>Madrid, <\/strong><strong>17 de diciembre de 2025<\/strong> &#8211; Tiempo de lectura 1 min <\/p>\n<p><img decoding=\"async\" loading=\"lazy\" class=\"ws10-m-article__img ws10-c-lazy-load\" data-ws10-js=\"lazy-load\" src=\"https:\/\/www.europesays.com\/es\/wp-content\/uploads\/2025\/12\/roaming_eeuu 1.jpg\" alt=\"&lt;strong&gt;Vodafone ampl\u00eda el roaming gratis a Estados Unidos&lt;\/strong&gt;\"\/><\/p>\n<p style=\"text-align: justify;\">Vodafone anuncia que ampl\u00eda el roaming gratis a Estados Unidos con los planes que incluyen una l\u00ednea m\u00f3vil ilimitada hasta el pr\u00f3ximo 30 de junio de 2026. De esta forma, los clientes que ya lo tuvieran incluido seguir\u00e1n disfrutando de este servicio y para los nuevos est\u00e1 disponible en los planes m\u00f3viles y convergentes a partir de 25\u20ac\/mes.\u00a0<\/p>\n<p>El n\u00famero de clientes que viajan al extranjero se ha incrementado este a\u00f1o un 25%, respecto al mismo periodo del a\u00f1o anterior, y se consolida la tendencia de subida a\u00f1o tras a\u00f1o. Los planes de Vodafone incluyen los siguientes beneficios de roaming:\u00a0<\/p>\n<ul>\n<li><strong>Destinos incluidos dentro de la UE<\/strong>, ofreciendo la misma disponibilidad de uso en llamadas y datos que una tarifa nacional y por el mismo precio.<\/li>\n<li><strong>Destinos adicionales a la UE<\/strong> incluidos en tarifa: c\u00f3mo EEUU, incluido en tarifas ilimitadas o Reino Unido, Suiza o Turqu\u00eda, incluidos en todas las tarifas del operador.<\/li>\n<li><strong>Tarifas especiales para viajar fuera de la UE<\/strong>, como la tarifa viaje Mundo que por una\u00a0cuota diaria de 15\u20ac\/d\u00eda que incluye minutos ilimitados y 2GB\/d\u00eda\u00a0para usar el m\u00f3vil en el extranjero\u00a0navegando a m\u00e1xima velocidad. En destinos muy habituales de viajes en estas fechas como vacaciones de esqu\u00ed en Andorra o playas como Costa Rica, Rep\u00fablica Dominicana, Indonesia, Tailandia o visitas familiares por Navidad de residentes en Espa\u00f1a como es el caso de Colombia, Ecuador, China, Argentina o Per\u00fa.<\/li>\n<\/ul>\n<p>Vodafone siempre facilita la comunicaci\u00f3n y la conexi\u00f3n con familia y amigos en estas fechas tan especiales. M\u00e1s informaci\u00f3n en:\u00a0\u00a0<br \/><a href=\"https:\/\/eur03.safelinks.protection.outlook.com\/?url=http%3A%2F%2Fwww.vodafone.es%2Fc%2Fparticulares%2Fes%2Fproductos-y-servicios%2Fmovil%2Froaming-y-llamadas-internacionales%2F&amp;data=05%7C02%7Calicia.morejudo%40vodafone.com%7C7cdc816c0ca643ef440f08de3bd97f89%7C68283f3b84874c86adb3a5228f18b893%7C0%7C0%7C639014002531370902%7CUnknown%7CTWFpbGZsb3d8eyJFbXB0eU1hcGkiOnRydWUsIlYiOiIwLjAuMDAwMCIsIlAiOiJXaW4zMiIsIkFOIjoiTWFpbCIsIldUIjoyfQ%3D%3D%7C0%7C%7C%7C&amp;sdata=BLsiRb4y3g9cs0GfZHibVHAIizyl9QQuEm2EFsKcCKM%3D&amp;reserved=0\" rel=\"nofollow noopener\" target=\"_blank\">www.vodafone.es\/c\/particulares\/es\/productos-y-servicios\/movil\/roaming-y-llamadas-internacionales\/<\/a><\/p>\n<p><a class=\"ws10-m-article__rrss-container-link\" onclick=\"downloadPdf()\" data-analytics-category=\"link\" data-analytics-context=\"strongVodafone ampliacutea el roaming gratis a Estados Unidosstrong\" data-analytics-element=\"descargar el articulo en pdf\">Descargar art\u00edculo en PDF<\/a><\/p>\n","protected":false},"excerpt":{"rendered":"Madrid, 17 de diciembre de 2025 &#8211; Tiempo de lectura 1 min Vodafone anuncia que ampl\u00eda el roaming&hellip;\n","protected":false},"author":2,"featured_media":292648,"comment_status":"","ping_status":"","sticky":false,"template":"","format":"standard","meta":{"footnotes":""},"categories":[80],"tags":[82,95,94,25,24,58175,23],"class_list":{"0":"post-292647","1":"post","2":"type-post","3":"status-publish","4":"format-standard","5":"has-post-thumbnail","7":"category-economia","8":"tag-business","9":"tag-economia","10":"tag-economy","11":"tag-es","12":"tag-espana","13":"tag-sala-de-prensa-noticias-notas-infografias-recursos-multimedia","14":"tag-spain"},"share_on_mastodon":{"url":"https:\/\/pubeurope.com\/@es\/115734471418227870","error":""},"_links":{"self":[{"href":"https:\/\/www.europesays.com\/es\/wp-json\/wp\/v2\/posts\/292647","targetHints":{"allow":["GET"]}}],"collection":[{"href":"https:\/\/www.europesays.com\/es\/wp-json\/wp\/v2\/posts"}],"about":[{"href":"https:\/\/www.europesays.com\/es\/wp-json\/wp\/v2\/types\/post"}],"author":[{"embeddable":true,"href":"https:\/\/www.europesays.com\/es\/wp-json\/wp\/v2\/users\/2"}],"replies":[{"embeddable":true,"href":"https:\/\/www.europesays.com\/es\/wp-json\/wp\/v2\/comments?post=292647"}],"version-history":[{"count":0,"href":"https:\/\/www.europesays.com\/es\/wp-json\/wp\/v2\/posts\/292647\/revisions"}],"wp:featuredmedia":[{"embeddable":true,"href":"https:\/\/www.europesays.com\/es\/wp-json\/wp\/v2\/media\/292648"}],"wp:attachment":[{"href":"https:\/\/www.europesays.com\/es\/wp-json\/wp\/v2\/media?parent=292647"}],"wp:term":[{"taxonomy":"category","embeddable":true,"href":"https:\/\/www.europesays.com\/es\/wp-json\/wp\/v2\/categories?post=292647"},{"taxonomy":"post_tag","embeddable":true,"href":"https:\/\/www.europesays.com\/es\/wp-json\/wp\/v2\/tags?post=292647"}],"curies":[{"name":"wp","href":"https:\/\/api.w.org\/{rel}","templated":true}]}}