{"id":292651,"date":"2025-12-17T10:44:26","date_gmt":"2025-12-17T10:44:26","guid":{"rendered":"https:\/\/www.europesays.com\/es\/292651\/"},"modified":"2025-12-17T10:44:26","modified_gmt":"2025-12-17T10:44:26","slug":"majadahonda-acogera-este-fin-de-semana-la-ii-copa-iberica-de-goalball-en-el-polideportivo-la-granadilla-ayuntamiento-de-majadahonda","status":"publish","type":"post","link":"https:\/\/www.europesays.com\/es\/292651\/","title":{"rendered":"Majadahonda acoger\u00e1 este fin de semana la II Copa Ib\u00e9rica de Goalball en el polideportivo \u201cLa Granadilla\u201d \u00a0 &#8211; Ayuntamiento de Majadahonda"},"content":{"rendered":"<ul>\n<li><strong>Tres equipos espa\u00f1oles y tres portugueses se enfrentar\u00e1n entre s\u00ed los pr\u00f3ximos 20 y 21 de diciembre.\u00a0<\/strong><\/li>\n<li><strong>El Ayuntamiento de Majadahonda, reconocido por su labor impulsora del deporte inclusivo, colabora con las organizaciones convocantes.<\/strong><\/li>\n<\/ul>\n<p>Majadahonda acoger\u00e1 el pr\u00f3ximo fin de semana la celebraci\u00f3n de la II Copa Ib\u00e9rica de Clubes de Goalball que enfrentar\u00e1 a equipos de Espa\u00f1a y Portugal en el polideportivo municipal \u201cLa Granadilla\u201d (c\/ Miguel Hern\u00e1ndez, 17). La competici\u00f3n est\u00e1 organizada por la Federaci\u00f3n Espa\u00f1ola de Deportes para Ciegos (FEDC) y la Associac\u00e3o Nacional de Desporto para a Defici\u00eancia Visual (ANDDVIS) de Portugal y cuenta con la colaboraci\u00f3n del Ayuntamiento de Majadahonda, recientemente reconocido por su apoyo al deporte inclusivo por la Federaci\u00f3n Espa\u00f1ola de Deportes para Ciegos (FEDC).<\/p>\n<p>La segunda edici\u00f3n de este torneo internacional se celebrar\u00e1 el s\u00e1bado 20 de diciembre y domingo 21 de diciembre y enfrentar\u00e1 a los tres mejores equipos del pasado Campeonato de Espa\u00f1a, Madrid Sur Blind Sports, Goalball Arag\u00f3n y Catalunya, en representaci\u00f3n de la FEDC, con los equipos portugueses FC Porto, Sporting CP y Cast\u00ealo da Maia GC. Se enfrentar\u00e1n con el m\u00e9todo \u201cRound Robin\u201d, en el que los equipos de un pa\u00eds juegan contra todos los equipos del otro. En caso de empate final se aplica el sistema de desempate establecido en el reglamento del goalball, es decir, pr\u00f3rroga con \u201cgol de oro\u201d. La primera edici\u00f3n, disputada en Portugal, termin\u00f3 con una rotunda victoria de los anfitriones por 8 a 1.\u00a0<\/p>\n<p>Los partidos ser\u00e1n retransmitidos en el canal de YouTube de la ONCE <a href=\"https:\/\/www.youtube.com\/playlist?list=PLozzZqfL-rc8oF0LVckFNZCV8kbFM2PjL\" rel=\"nofollow noopener\" target=\"_blank\">https:\/\/www.youtube.com\/playlist?list=PLozzZqfL-rc8oF0LVckFNZCV8kbFM2PjL<\/a> El primero de los encuentros se disputar\u00e1 el pr\u00f3ximo s\u00e1bado a las 10 horas y enfrentar\u00e1 al Catalunya con el FC Porto.<\/p>\n<p>El goalball es el \u00fanico deporte paral\u00edmpico creado espec\u00edficamente para personas ciegas y con discapacidad visual. Participan dos equipos con tres jugadores cada uno. La pelota con la que juegan dispone de cascabeles en su interior y es ese sonido el que permite a los jugadores detectar su trayectoria. La pr\u00e1ctica del goalball requiere de un afinado sentido auditivo, fortaleza f\u00edsica, t\u00e1ctica y gran capacidad espacial.<br \/>\u00a0<\/p>\n","protected":false},"excerpt":{"rendered":"Tres equipos espa\u00f1oles y tres portugueses se enfrentar\u00e1n entre s\u00ed los pr\u00f3ximos 20 y 21 de diciembre.\u00a0 El&hellip;\n","protected":false},"author":2,"featured_media":292652,"comment_status":"","ping_status":"","sticky":false,"template":"","format":"standard","meta":{"footnotes":""},"categories":[5],"tags":[17,18,168,25,24,13,14,11,19,20,45696,9,10,45698,45697,15,16,23,12,21,22],"class_list":{"0":"post-292651","1":"post","2":"type-post","3":"status-publish","4":"format-standard","5":"has-post-thumbnail","7":"category-titulares","8":"tag-breaking-news","9":"tag-breakingnews","10":"tag-deportes","11":"tag-es","12":"tag-espana","13":"tag-featured-news","14":"tag-featurednews","15":"tag-headlines","16":"tag-latest-news","17":"tag-latestnews","18":"tag-majadahonda","19":"tag-news","20":"tag-noticias","21":"tag-noticias-ayuntamiento-de-majadahonda","22":"tag-noticias-de-majadahonda","23":"tag-noticias-destacadas","24":"tag-noticiasdestacadas","25":"tag-spain","26":"tag-titulares","27":"tag-ultimas-noticias","28":"tag-ultimasnoticias"},"share_on_mastodon":{"url":"https:\/\/pubeurope.com\/@es\/115734502649584477","error":""},"_links":{"self":[{"href":"https:\/\/www.europesays.com\/es\/wp-json\/wp\/v2\/posts\/292651","targetHints":{"allow":["GET"]}}],"collection":[{"href":"https:\/\/www.europesays.com\/es\/wp-json\/wp\/v2\/posts"}],"about":[{"href":"https:\/\/www.europesays.com\/es\/wp-json\/wp\/v2\/types\/post"}],"author":[{"embeddable":true,"href":"https:\/\/www.europesays.com\/es\/wp-json\/wp\/v2\/users\/2"}],"replies":[{"embeddable":true,"href":"https:\/\/www.europesays.com\/es\/wp-json\/wp\/v2\/comments?post=292651"}],"version-history":[{"count":0,"href":"https:\/\/www.europesays.com\/es\/wp-json\/wp\/v2\/posts\/292651\/revisions"}],"wp:featuredmedia":[{"embeddable":true,"href":"https:\/\/www.europesays.com\/es\/wp-json\/wp\/v2\/media\/292652"}],"wp:attachment":[{"href":"https:\/\/www.europesays.com\/es\/wp-json\/wp\/v2\/media?parent=292651"}],"wp:term":[{"taxonomy":"category","embeddable":true,"href":"https:\/\/www.europesays.com\/es\/wp-json\/wp\/v2\/categories?post=292651"},{"taxonomy":"post_tag","embeddable":true,"href":"https:\/\/www.europesays.com\/es\/wp-json\/wp\/v2\/tags?post=292651"}],"curies":[{"name":"wp","href":"https:\/\/api.w.org\/{rel}","templated":true}]}}