{"id":292661,"date":"2025-12-17T10:54:08","date_gmt":"2025-12-17T10:54:08","guid":{"rendered":"https:\/\/www.europesays.com\/es\/292661\/"},"modified":"2025-12-17T10:54:08","modified_gmt":"2025-12-17T10:54:08","slug":"sydney-sweeney-y-amanda-seyfried-deslumbran-en-este-video-en-el-estreno-de-la-asistenta","status":"publish","type":"post","link":"https:\/\/www.europesays.com\/es\/292661\/","title":{"rendered":"Sydney Sweeney y Amanda Seyfried deslumbran en este v\u00eddeo en el estreno de &#8216;La asistenta&#8217;"},"content":{"rendered":"<p class=\"L6-news-detail__text\"><b><a title=\"Sydney Sweeney\" href=\"https:\/\/www.lasexta.com\/programas\/arusitys\/jennifer-lopez-sydney-sweeney-video-mejores-looks-governors-awards_20251117691b1ce9360d0840bce5452b.html\" target=\"_blank\" rel=\"nofollow noopener\">Sydney Sweeney<\/a><\/b><b> y <\/b><b><a title=\"Amanda Seyfried\" href=\"https:\/\/www.lasexta.com\/programas\/arusitys\/alfonso-arus-saber-que-amanda-seyfried-pidio-prestado-look-festival-venecia-julia-roberts-pero-tiene-nada-especial_2025090268b6b3cf1b455b7567f2f202.html\" target=\"_blank\" rel=\"nofollow noopener\">Amanda Seyfried<\/a><\/b><b> han deslumbrado en la premier de su \u00faltima pel\u00edcula, &#8216;La asistenta&#8217;<\/b>, basada en el exitoso libro. En el v\u00eddeo, ambas aparecen posando en la alfombra roja, demostrando una gran complicidad.<\/p>\n<p class=\"L6-news-detail__text\"><b>Amanda Seyfried<\/b>, conocida por las pel\u00edculas &#8216;Mamma M\u00eda&#8217;, &#8216;Cartas a Julieta&#8217; o &#8216;Querido John&#8217;, ha lucido un <b>vestido cobre brillante de Monse Pre-Fall 2025<\/b>. Por su parte, <b>Sydney Sweeney,<\/b> que salt\u00f3 al estrellato con la serie &#8216;Euphoria&#8217;, ha llevado un vestido vaporoso blanco que a muchos les recordaba a <b>Marilyn Monroe firmado por Galia Lahav.<\/b><\/p>\n<p class=\"L6-news-detail__text\">\u00abDicen que es un ic\u00f3nico vestido con mucha historia\u00bb, explica Alfonso Ar\u00fas en el plat\u00f3, donde<b> Tatiana Ar\u00fas analiza el vestido de Sydney Sweeney<\/b>: \u00abDentro de que tiene un escote muy pronunciado, el vestido por su estructura y tejido es elegante y sofisticado\u00bb.<\/p>\n<p class=\"L6-news-detail__text\"><b><a title=\"*Sigue a laSexta en Google. Toda la actualidad y el mejor contenido aqu\u00ed.\" href=\"https:\/\/profile.google.com\/cp\/CgkvbS8wZG5xejA\" target=\"_blank\" rel=\"nofollow noopener\">*Sigue a laSexta en Google. Toda la actualidad y el mejor contenido aqu\u00ed.<\/a><\/b><\/p>\n<p class=\"L6-support-news-video__title\">Navidad<\/p>\n<p>            <a href=\"https:\/\/www.lasexta.com\/programas\/arusitys\/ruptura-carmen-lomana-amistad-agatha-ruiz-prada-luismi-chatarrero-asi-pasaran-navidad-famosos_202512176942692622f0db7daff47c09.html\" class=\"L6-news__link\" rel=\"nofollow noopener\" target=\"_blank\"><br \/>\n                De la ruptura de Carmen Lomana a la amistad de \u00c1gatha Ruiz de la Prada y Luismi &#8216;El Chatarrero&#8217;: as\u00ed pasar\u00e1n la Navidad los famosos<\/p>\n<p class=\"recirculation-video-desc\">Carmen Lomana, \u00c1gatha Ruiz de la Prada, Pilar Rubio, Mario Vaquerizo&#8230; los famosos cuentan en este v\u00eddeo c\u00f3mo pasar\u00e1n la Navidad.<\/p>\n<p>            <\/a><\/p>\n","protected":false},"excerpt":{"rendered":"Sydney Sweeney y Amanda Seyfried han deslumbrado en la premier de su \u00faltima pel\u00edcula, &#8216;La asistenta&#8217;, basada en&hellip;\n","protected":false},"author":2,"featured_media":292662,"comment_status":"","ping_status":"","sticky":false,"template":"","format":"standard","meta":{"footnotes":""},"categories":[174],"tags":[255,146,147,25,24,256,23],"class_list":{"0":"post-292661","1":"post","2":"type-post","3":"status-publish","4":"format-standard","5":"has-post-thumbnail","7":"category-famosos","8":"tag-celebrities","9":"tag-entertainment","10":"tag-entretenimiento","11":"tag-es","12":"tag-espana","13":"tag-famosos","14":"tag-spain"},"share_on_mastodon":{"url":"https:\/\/pubeurope.com\/@es\/115734542007178125","error":""},"_links":{"self":[{"href":"https:\/\/www.europesays.com\/es\/wp-json\/wp\/v2\/posts\/292661","targetHints":{"allow":["GET"]}}],"collection":[{"href":"https:\/\/www.europesays.com\/es\/wp-json\/wp\/v2\/posts"}],"about":[{"href":"https:\/\/www.europesays.com\/es\/wp-json\/wp\/v2\/types\/post"}],"author":[{"embeddable":true,"href":"https:\/\/www.europesays.com\/es\/wp-json\/wp\/v2\/users\/2"}],"replies":[{"embeddable":true,"href":"https:\/\/www.europesays.com\/es\/wp-json\/wp\/v2\/comments?post=292661"}],"version-history":[{"count":0,"href":"https:\/\/www.europesays.com\/es\/wp-json\/wp\/v2\/posts\/292661\/revisions"}],"wp:featuredmedia":[{"embeddable":true,"href":"https:\/\/www.europesays.com\/es\/wp-json\/wp\/v2\/media\/292662"}],"wp:attachment":[{"href":"https:\/\/www.europesays.com\/es\/wp-json\/wp\/v2\/media?parent=292661"}],"wp:term":[{"taxonomy":"category","embeddable":true,"href":"https:\/\/www.europesays.com\/es\/wp-json\/wp\/v2\/categories?post=292661"},{"taxonomy":"post_tag","embeddable":true,"href":"https:\/\/www.europesays.com\/es\/wp-json\/wp\/v2\/tags?post=292661"}],"curies":[{"name":"wp","href":"https:\/\/api.w.org\/{rel}","templated":true}]}}