{"id":292663,"date":"2025-12-17T10:55:12","date_gmt":"2025-12-17T10:55:12","guid":{"rendered":"https:\/\/www.europesays.com\/es\/292663\/"},"modified":"2025-12-17T10:55:12","modified_gmt":"2025-12-17T10:55:12","slug":"lo-que-importa-a-los-escolares-de-torrelavega-plasmado-en-cinco-esculturas-y-una-torre-por-el-artista-jose-luis-serzo","status":"publish","type":"post","link":"https:\/\/www.europesays.com\/es\/292663\/","title":{"rendered":"Lo que importa a los escolares de Torrelavega, plasmado en cinco esculturas y una torre por el artista Jos\u00e9 Luis Serzo"},"content":{"rendered":"<p style=\"text-align: justify;\">Dentro de la programaci\u00f3n \u2018La Navidad es Torrelavega\u2019, el Ayuntamiento presenta el proyecto <strong>\u2018TheWelcome. El arte de ser humanos\u2019<\/strong>, una iniciativa de arte contempor\u00e1neo y transformaci\u00f3n social que ha contado con la participaci\u00f3n de 575 escolares de 5\u00ba de Primaria de los 19 centros educativos del municipio, incluido el Centro Fernando Arce, junto al artista <strong>Jos\u00e9 Luis Serzo<\/strong>. La propuesta nace de una idea original de <strong>Rosa Poo<\/strong>, responsable de Aldea del Talento, y supone la continuaci\u00f3n del proyecto \u2018Los Ni\u00f1os Construyen la Navidad\u2019.<\/p>\n<p style=\"text-align: justify;\">El concejal de Dinamizaci\u00f3n, <strong>Jes\u00fas S\u00e1nchez<\/strong>; junto a Rosa Poo y a Jos\u00e9 Luis Serzo, ha presentado esta nueva iniciativa que vuelve a convertir a los ni\u00f1os en protagonistas de la Navidad en la capital del Besaya. El objetivo ha sido invitar a los ni\u00f1os a reflexionar sobre una pregunta esencial: <strong>\u00bfQu\u00e9 es lo que de verdad te importa, lo que te hace bien?<\/strong><\/p>\n<p style=\"text-align: justify;\">Seg\u00fan ha explicado S\u00e1nchez, han sido muchos meses de trabajo en los que el artista Jos\u00e9 Luis Serzo se ha reunido con los en unos talleres realizados en la Agencia de Desarrollo Local para buscar que el que realmente les importa, qu\u00e9 es aquello que es bienvenido en su vida (TherWelcom). A partir de ah\u00ed, ha se\u00f1alado, Serzo ha llevado a cabo <strong>cinco\u00a0esculturas<\/strong> que intentan plasmar las sensaciones que le han transmitido los escolares en los talleres y que se expondr\u00e1n desde el 19 de diciembre en el Bulevar Demetrio Herrero, en una carpa.<\/p>\n<p style=\"text-align: justify;\">Y <strong>una torre de casi ocho\u00a0metros de altura<\/strong> desde la que se va a proyectar en la fachada del Palacio Municipal un videomapping titulado \u2018De los sue\u00f1os a la luz\u2019 todos los viernes y s\u00e1bados en pases a las 19:30 horas y 20:30 horas.<\/p>\n<p style=\"text-align: justify;\">Durante la presentaci\u00f3n el concejal de Dinamizaci\u00f3n ha destacado la ilusi\u00f3n que le genera esta propuesta: \u201ces uno de los proyectos que m\u00e1s ilusi\u00f3n me ha hecho en mis 15 a\u00f1os como concejal. Hemos querido trasladar la voz de los ni\u00f1os de Torrelavega para que nos digan qu\u00e9 es lo importante. Hemos unido arte y participaci\u00f3n infantil en algo \u00fanico para nuestra ciudad. Desde junio trabajamos en esta idea, que nos parec\u00eda extraordinaria, detectar qu\u00e9 es lo m\u00e1s importante para los ni\u00f1os y ni\u00f1as de Torrelavega y convertirlo en arte.\u201d<\/p>\n<p style=\"text-align: justify;\">Por su parte, Rosa Poo ha hecho hincapi\u00e9 en las respuestas de los escolares y en el por qu\u00e9 de este proyecto. \u201cQuer\u00edamos dar continuidad a \u2018Los Ni\u00f1os Construyen la Navidad\u2019, pero con un mayor significado. Les hicimos detenerse y preguntarse qu\u00e9 les hace bien. Las respuestas han sido maravillosas: familia, amistad, naturaleza, mascotas\u2026 y una palabra que me reson\u00f3 mucho: tranquilidad.\u201d<\/p>\n<p style=\"text-align: justify;\">Mientras que Jos\u00e9 Luis Serzo, ha reconocido que esta experiencia ha sido \u201cun reto\u201d en el que ha sido \u201cmuy dif\u00edcil sintetizar en cinco esculturas los m\u00e1s de 500 TheWelcome de los m\u00e1s de 500 ni\u00f1os\u201d que han participado. \u201cSintetizar m\u00e1s de 500 ideas en cinco esculturas no ha sido f\u00e1cil, pero me dej\u00e9 guiar por la intuici\u00f3n y por frases que me emocionaron, como \u2018lo m\u00e1s importante son los macarrones de mi bisabuela\u2019 o \u2018para m\u00ed lo m\u00e1s importante es todo\u2019. Este proyecto es un faro de esperanza\u201d, ha indicado.<\/p>\n<p style=\"text-align: justify;\"><strong>INAUGURACI\u00d3N \u2018THEWELCOME\u2019<\/strong><\/p>\n<p style=\"text-align: justify;\">En cuanto a la inauguraci\u00f3n de esta nueva propuesta navide\u00f1a, S\u00e1nchez ha informado que ser\u00e1 el viernes, 19 de diciembre, con el siguiente horario:<\/p>\n<ul>\n<li style=\"text-align: justify;\">18:00 h: Pase exclusivo por la carpa de esculturas para los ni\u00f1os participantes y sus profesores, con actuaci\u00f3n de Lucy Tunes.<\/li>\n<li style=\"text-align: justify;\">19:00 h: Presentaci\u00f3n oficial del proyecto.<\/li>\n<li style=\"text-align: justify;\">19:30 h: Proyecci\u00f3n del videomapping \u201cDe los sue\u00f1os a la luz\u201d.<\/li>\n<li style=\"text-align: justify;\">19:45 h: Reconocimiento a los participantes con entrega de placas a los colegios y obsequios a los escolares.<\/li>\n<\/ul>\n<p style=\"text-align: justify;\">Las esculturas estar\u00e1n expuestas en una carpa transparente en el Bulevar Demetrio Herrero durante toda la Navidad. El videomapping se proyectar\u00e1 todos los viernes y s\u00e1bados en dos pases: 19:30 horas y 20:30 horas.<\/p>\n","protected":false},"excerpt":{"rendered":"Dentro de la programaci\u00f3n \u2018La Navidad es Torrelavega\u2019, el Ayuntamiento presenta el proyecto \u2018TheWelcome. El arte de ser&hellip;\n","protected":false},"author":2,"featured_media":292664,"comment_status":"","ping_status":"","sticky":false,"template":"","format":"standard","meta":{"footnotes":""},"categories":[173],"tags":[229,233,231,230,2771,2027,232,234,146,147,25,24,2951,26402,23,10956],"class_list":{"0":"post-292663","1":"post","2":"type-post","3":"status-publish","4":"format-standard","5":"has-post-thumbnail","7":"category-arte-y-diseno","8":"tag-arte","9":"tag-arte-y-diseno","10":"tag-arts","11":"tag-arts-and-design","12":"tag-cantabria","13":"tag-colegios","14":"tag-design","15":"tag-diseno","16":"tag-entertainment","17":"tag-entretenimiento","18":"tag-es","19":"tag-espana","20":"tag-navidad","21":"tag-radio-studio","22":"tag-spain","23":"tag-torrelavega"},"share_on_mastodon":{"url":"https:\/\/pubeurope.com\/@es\/115734545879564554","error":""},"_links":{"self":[{"href":"https:\/\/www.europesays.com\/es\/wp-json\/wp\/v2\/posts\/292663","targetHints":{"allow":["GET"]}}],"collection":[{"href":"https:\/\/www.europesays.com\/es\/wp-json\/wp\/v2\/posts"}],"about":[{"href":"https:\/\/www.europesays.com\/es\/wp-json\/wp\/v2\/types\/post"}],"author":[{"embeddable":true,"href":"https:\/\/www.europesays.com\/es\/wp-json\/wp\/v2\/users\/2"}],"replies":[{"embeddable":true,"href":"https:\/\/www.europesays.com\/es\/wp-json\/wp\/v2\/comments?post=292663"}],"version-history":[{"count":0,"href":"https:\/\/www.europesays.com\/es\/wp-json\/wp\/v2\/posts\/292663\/revisions"}],"wp:featuredmedia":[{"embeddable":true,"href":"https:\/\/www.europesays.com\/es\/wp-json\/wp\/v2\/media\/292664"}],"wp:attachment":[{"href":"https:\/\/www.europesays.com\/es\/wp-json\/wp\/v2\/media?parent=292663"}],"wp:term":[{"taxonomy":"category","embeddable":true,"href":"https:\/\/www.europesays.com\/es\/wp-json\/wp\/v2\/categories?post=292663"},{"taxonomy":"post_tag","embeddable":true,"href":"https:\/\/www.europesays.com\/es\/wp-json\/wp\/v2\/tags?post=292663"}],"curies":[{"name":"wp","href":"https:\/\/api.w.org\/{rel}","templated":true}]}}