{"id":292679,"date":"2025-12-17T11:05:15","date_gmt":"2025-12-17T11:05:15","guid":{"rendered":"https:\/\/www.europesays.com\/es\/292679\/"},"modified":"2025-12-17T11:05:15","modified_gmt":"2025-12-17T11:05:15","slug":"trump-amplia-la-prohibicion-de-entrada-a-eeuu-a-ciudadanos-de-varios-paises-incluidos-palestinos","status":"publish","type":"post","link":"https:\/\/www.europesays.com\/es\/292679\/","title":{"rendered":"Trump ampl\u00eda la prohibici\u00f3n de entrada a EEUU a ciudadanos de varios pa\u00edses, incluidos palestinos"},"content":{"rendered":"<p><img id=\"fotoPrincipalNoticia\" src=\"https:\/\/www.europesays.com\/es\/wp-content\/uploads\/2025\/12\/fotonoticia_20251216215915_690.jpg\" loading=\"eager\" decoding=\"async\" style=\"view-transition-name: fechor_20251216215915;\" border=\"0\" alt=\"El presidente de EEUU, Donald Trump, firma un documento en el Despacho Oval de la Casa Blanca\" fetchpriority=\"high\" title=\"Trump ampl\u00eda la prohibici\u00f3n de entrada a EEUU a ciudadanos de varios pa\u00edses, incluidos palestinos\" width=\"690\" height=\"460\" itemprop=\"image\"\/><\/p>\n<p>El presidente de EEUU, Donald Trump, firma un documento en el Despacho Oval de la Casa Blanca &#8211; Europa Press\/Contacto\/Bonnie Cash &#8211; Pool via CNP<\/p>\n<p>    MADRID 16 Dic. (EUROPA PRESS) &#8211; <\/p>\n<p>   El presidente de Estados Unidos, Donald Trump, ha ampliado este martes la prohibici\u00f3n de entrada al pa\u00eds norteamericano de ciudadanos de varios pa\u00edses de \u00c1frica y Oriente Pr\u00f3ximo, incluidas las personas que tengan documentos de viaje emitidos por la Autoridad Palestina.<\/p>\n<p>   Durante la jornada, la Casa Blanca ha decidido restringir y limitar completamente la entrada de ciudadanos de Burkina Faso, Mal\u00ed, N\u00edger, Sud\u00e1n del Sur, Siria y Palestina. Tambi\u00e9n impone restricciones totales a Laos y Sierra Leona, que hasta ahora solamente contaban con \u00abrestricciones parciales\u00bb.<\/p>\n<p>   Adem\u00e1s, incluye en el listado de \u00abrestricciones parciales\u00bb a otros 15 pa\u00edses: Angola, Antigua y Barbuda, Ben\u00edn, Costa de Marfil, Dominica, Gab\u00f3n, Gambia, Malaui, Mauritania, Nigeria, Senegal, Tanzania, Tonga, Zambia y Zimbabue.<\/p>\n<p>   Washington ha defendido que \u00abvarios grupos terroristas sancionados por Estados Unidos operan activamente en Cisjordania y la Franja de Gaza\u00bb, y, en el marco del \u00abescaso o nulo control que ejerce la Autoridad Palestina sobre estas zonas\u00bb, sus documentos de viaje \u00abno pueden ser debidamente investigados ni aprobados\u00bb.<\/p>\n<p>   En cuanto a Siria, ha apuntado a que el pa\u00eds \u00abest\u00e1 saliendo de un prolongado periodo de inestabilidad civil y conflictos internos\u00bb, pero que, aunque las nuevas autoridades est\u00e1n \u00abtrabajando para abordar sus desaf\u00edos de seguridad\u00bb, todav\u00eda \u00abcarece de una autoridad central adecuada\u00bb para la emisi\u00f3n de pasaportes y para el control de ellos.<\/p>\n<p>   En cuanto a Burkina Faso, N\u00edger, Sud\u00e1n del Sur, Laos y Sierra Leona, la Casa Blanca ha citado como argumento que han registrado una tasa de permanencia excedida de visados. Tambi\u00e9n ha indicado que la mayor\u00eda de ellos se han negado a aceptar la acogida de sus ciudadanos sujetos a deportaci\u00f3n. La inclusi\u00f3n de Mal\u00ed se debe a que \u00ablas organizaciones terroristas operan libremente en ciertas zonas\u00bb del pa\u00eds africano.<\/p>\n<p>   A principios de junio, Trump prohibi\u00f3 la entrada al pa\u00eds a una docena de pa\u00edses, incluyendo Afganist\u00e1n, Hait\u00ed, Libia, Somalia o Sud\u00e1n, despu\u00e9s de que se diera a conocer que el hombre acusado del ataque incendiario contra un grupo de manifestantes proisrael\u00edes en la localidad de Boulder (Colorado) dispon\u00eda de un visado de turista que caduc\u00f3 en febrero de 2023.<\/p>\n","protected":false},"excerpt":{"rendered":"El presidente de EEUU, Donald Trump, firma un documento en el Despacho Oval de la Casa Blanca &#8211;&hellip;\n","protected":false},"author":2,"featured_media":292680,"comment_status":"","ping_status":"","sticky":false,"template":"","format":"standard","meta":{"footnotes":""},"categories":[42],"tags":[17,18,13,14,11,61,62,63,64,19,20,9,10,15,16,12,21,22,65,66,67],"class_list":{"0":"post-292679","1":"post","2":"type-post","3":"status-publish","4":"format-standard","5":"has-post-thumbnail","7":"category-internacional","8":"tag-breaking-news","9":"tag-breakingnews","10":"tag-featured-news","11":"tag-featurednews","12":"tag-headlines","13":"tag-internacional","14":"tag-international","15":"tag-international-news","16":"tag-internationalnews","17":"tag-latest-news","18":"tag-latestnews","19":"tag-news","20":"tag-noticias","21":"tag-noticias-destacadas","22":"tag-noticiasdestacadas","23":"tag-titulares","24":"tag-ultimas-noticias","25":"tag-ultimasnoticias","26":"tag-world","27":"tag-world-news","28":"tag-worldnews"},"share_on_mastodon":{"url":"https:\/\/pubeurope.com\/@es\/115734585670303145","error":""},"_links":{"self":[{"href":"https:\/\/www.europesays.com\/es\/wp-json\/wp\/v2\/posts\/292679","targetHints":{"allow":["GET"]}}],"collection":[{"href":"https:\/\/www.europesays.com\/es\/wp-json\/wp\/v2\/posts"}],"about":[{"href":"https:\/\/www.europesays.com\/es\/wp-json\/wp\/v2\/types\/post"}],"author":[{"embeddable":true,"href":"https:\/\/www.europesays.com\/es\/wp-json\/wp\/v2\/users\/2"}],"replies":[{"embeddable":true,"href":"https:\/\/www.europesays.com\/es\/wp-json\/wp\/v2\/comments?post=292679"}],"version-history":[{"count":0,"href":"https:\/\/www.europesays.com\/es\/wp-json\/wp\/v2\/posts\/292679\/revisions"}],"wp:featuredmedia":[{"embeddable":true,"href":"https:\/\/www.europesays.com\/es\/wp-json\/wp\/v2\/media\/292680"}],"wp:attachment":[{"href":"https:\/\/www.europesays.com\/es\/wp-json\/wp\/v2\/media?parent=292679"}],"wp:term":[{"taxonomy":"category","embeddable":true,"href":"https:\/\/www.europesays.com\/es\/wp-json\/wp\/v2\/categories?post=292679"},{"taxonomy":"post_tag","embeddable":true,"href":"https:\/\/www.europesays.com\/es\/wp-json\/wp\/v2\/tags?post=292679"}],"curies":[{"name":"wp","href":"https:\/\/api.w.org\/{rel}","templated":true}]}}