{"id":292692,"date":"2025-12-17T11:16:10","date_gmt":"2025-12-17T11:16:10","guid":{"rendered":"https:\/\/www.europesays.com\/es\/292692\/"},"modified":"2025-12-17T11:16:10","modified_gmt":"2025-12-17T11:16:10","slug":"sama-nomoko-operado-con-exito-de-la-rodilla-tendra-un-duro-periodo-de-recuperacion","status":"publish","type":"post","link":"https:\/\/www.europesays.com\/es\/292692\/","title":{"rendered":"Sama Nomoko: operado con \u00e9xito de la rodilla, tendr\u00e1 un duro periodo de recuperaci\u00f3n"},"content":{"rendered":"<p class=\"ft-text\"><strong>P\u00e9simas noticias para el FC Barcelona y Sama Nomoko.<\/strong> El desbordante extremo, que se lesion\u00f3 en el partido de la Youth League contra el Eintracht de Frankfurt, ya conoce el tiempo que estar\u00e1 fuera de los terrenos de juego, despu\u00e9s de operarse este pasado martes, <a class=\"ft-link ft-link--decoration\" href=\"https:\/\/www.sport.es\/es\/noticias\/barca\/sama-nomoko-operado-martes-doctor-124810865\" target=\"_blank\" rel=\"nofollow noopener\">tal y como inform\u00f3 SPORT<\/a>. El jugador nacido en Mali <strong>permanecer\u00e1 en el dique seco doce meses.<\/strong><\/p>\n<p class=\"ft-text\">Nomoko, <a class=\"ft-link ft-link--decoration\" href=\"https:\/\/www.sport.es\/es\/noticias\/barca\/duro-golpe-sama-nomoko-ejemplar-124639192\" target=\"_blank\" rel=\"nofollow noopener\">que es el octavo futbolista del filial que pasa por quir\u00f3fano<\/a> esta temporada, fue operado en el Hospital de Barcelona a cargo del doctor Joan Carles Monllau, <strong>el mismo que intervino este a\u00f1o a Gavi o Joan Garcia<\/strong>, y bajo la supervisi\u00f3n de los servicios m\u00e9dicos del club. El extremo de 17 a\u00f1os, todav\u00eda juvenil de segundo a\u00f1o, sufri\u00f3 <strong>una rotura de ligamento cruzado anterior de su rodilla derecha<\/strong> con lesi\u00f3n asociada a los dos meniscos de esa misma rodilla.<\/p>\n<p class=\"ft-text\">Tras la operaci\u00f3n, el Bar\u00e7a ha anunciado que necesitar\u00e1 un a\u00f1o para recuperarse completamente, por lo que Nomoko<strong> no volver\u00e1 a enfundarse la el\u00e1tica azulgrana hasta pr\u00e1cticamente 2027<\/strong>. Esta grave lesi\u00f3n supone un duro contratiempo para el filial catal\u00e1n, pues el internacional con las categor\u00edas inferiores de la selecci\u00f3n espa\u00f1ola es uno de los grandes talentos de La Masia y un habitual en los planes de Juliano Belletti. Sama, en su campa\u00f1a de debut con el Bar\u00e7a Atl\u00e8tic, <strong>sumaba 14 participaciones, en las que marc\u00f3 dos goles y dio tres asistencias.<\/strong><\/p>\n<p class=\"ft-text\">El joven futbolista lanz\u00f3 un mensaje a trav\u00e9s de sus redes sociales, en el que promete que regresar\u00e1 con m\u00e1s fuerza. <strong>\u00abUna piedra en el camino. Un motivo m\u00e1s para regresar m\u00e1s fuerte. <\/strong>Desgraciadamente, se han confirmado los malos presagios de la lesi\u00f3n, pero lo que m\u00e1s me duele es no poder estar en c\u00e9sped acompa\u00f1ando a mis compa\u00f1eros en los objetivos tan bonitos que ten\u00edamos esta temporada. <strong>Hoy es el primer d\u00eda de una nueva etapa, pero tambi\u00e9n un d\u00eda menos para volver. <\/strong>Gracias por los mensajes de apoyo. For\u00e7a Bar\u00e7a!\u00bb, escribi\u00f3 el canterano azulgrana.<\/p>\n","protected":false},"excerpt":{"rendered":"P\u00e9simas noticias para el FC Barcelona y Sama Nomoko. El desbordante extremo, que se lesion\u00f3 en el partido&hellip;\n","protected":false},"author":2,"featured_media":292693,"comment_status":"","ping_status":"","sticky":false,"template":"","format":"standard","meta":{"footnotes":""},"categories":[268],"tags":[59564,168,25,24,881,280,282,70048,281,23,167,70047],"class_list":{"0":"post-292692","1":"post","2":"type-post","3":"status-publish","4":"format-standard","5":"has-post-thumbnail","7":"category-futbol","8":"tag-barca-atletic","9":"tag-deportes","10":"tag-es","11":"tag-espana","12":"tag-fc-barcelona","13":"tag-football","14":"tag-futbol","15":"tag-sama-nomoko","16":"tag-soccer","17":"tag-spain","18":"tag-sports","19":"tag-tiempo-de-baja"},"share_on_mastodon":{"url":"https:\/\/pubeurope.com\/@es\/115734628644256004","error":""},"_links":{"self":[{"href":"https:\/\/www.europesays.com\/es\/wp-json\/wp\/v2\/posts\/292692","targetHints":{"allow":["GET"]}}],"collection":[{"href":"https:\/\/www.europesays.com\/es\/wp-json\/wp\/v2\/posts"}],"about":[{"href":"https:\/\/www.europesays.com\/es\/wp-json\/wp\/v2\/types\/post"}],"author":[{"embeddable":true,"href":"https:\/\/www.europesays.com\/es\/wp-json\/wp\/v2\/users\/2"}],"replies":[{"embeddable":true,"href":"https:\/\/www.europesays.com\/es\/wp-json\/wp\/v2\/comments?post=292692"}],"version-history":[{"count":0,"href":"https:\/\/www.europesays.com\/es\/wp-json\/wp\/v2\/posts\/292692\/revisions"}],"wp:featuredmedia":[{"embeddable":true,"href":"https:\/\/www.europesays.com\/es\/wp-json\/wp\/v2\/media\/292693"}],"wp:attachment":[{"href":"https:\/\/www.europesays.com\/es\/wp-json\/wp\/v2\/media?parent=292692"}],"wp:term":[{"taxonomy":"category","embeddable":true,"href":"https:\/\/www.europesays.com\/es\/wp-json\/wp\/v2\/categories?post=292692"},{"taxonomy":"post_tag","embeddable":true,"href":"https:\/\/www.europesays.com\/es\/wp-json\/wp\/v2\/tags?post=292692"}],"curies":[{"name":"wp","href":"https:\/\/api.w.org\/{rel}","templated":true}]}}