{"id":292694,"date":"2025-12-17T11:17:12","date_gmt":"2025-12-17T11:17:12","guid":{"rendered":"https:\/\/www.europesays.com\/es\/292694\/"},"modified":"2025-12-17T11:17:12","modified_gmt":"2025-12-17T11:17:12","slug":"victoria-federica-ilusionada-con-un-empresario-de-la-noche","status":"publish","type":"post","link":"https:\/\/www.europesays.com\/es\/292694\/","title":{"rendered":"Victoria Federica, ilusionada con un empresario de la noche"},"content":{"rendered":"<p>Desde su nacimiento, Victoria Federica (25 a\u00f1os) ha estado acostumbrada al foco medi\u00e1tico. Su pertenencia a la Familia Real espa\u00f1ola ha provocado que se haya convertido en una de las personas m\u00e1s buscadas del panorama social de nuestro pa\u00eds. De hecho, han sido muchas las veces que se ha hablado de posibles conquistas sentimentales, aunque ella no haya confirmado ni desmentido la mayor\u00eda de ellas. Ahora ha apostado de nuevo por el amor, llevando <strong>dos meses de relaci\u00f3n con un empresario madrile\u00f1o.<\/strong><\/p>\n<p>La hija de la infanta Elena ha roto muchos esquemas. Con su faceta de influencer ha ofrecido algunos detalles que nunca se hubiera imaginado de una persona de la Casa Real. Pero tambi\u00e9n ha formado parte de diferentes entrevistas y programas de televisi\u00f3n. Su participaci\u00f3n en \u2018El Desaf\u00edo\u2019 ha marcado un antes y un despu\u00e9s, ya que hemos podido conocerla de un modo distinto. <strong>Una imagen que ha conseguido cambiar<\/strong> en los \u00faltimos tiempos, pese a las pol\u00e9micas familiares existentes en la actualidad.<\/p>\n<p>Su nueva ilusi\u00f3n<\/p>\n<p>Desde que el pasado verano supimos que la relaci\u00f3n que habr\u00eda empezado a principios de a\u00f1o con el empresario y relaciones p\u00fablicas Borja Moreno hab\u00eda llegado a su fin, a Victoria Federica no se le hab\u00eda conocido ninguna nueva ilusi\u00f3n. Seg\u00fan ha podido saber Lecturas, eso ha cambiado desde hace un par de meses. Ese es el tiempo que la hija de Elena y Jaime de Marichalar lleva vi\u00e9ndose con Jorge Navalpotro.<\/p>\n<p><img loading=\"lazy\" decoding=\"async\"   src=\"https:\/\/www.europesays.com\/es\/wp-content\/uploads\/2025\/12\/portada-silvia-abril_793b96be_251217064703_1200x1584.webp.webp\" alt=\"Portada Silvia Abril\" class=\"lazyload\" width=\"1200\" height=\"1584\" data-aspectratio=\"1200\/1584\"\/>&#13;Lecturas<\/p>\n<p>Se trata de un joven y atractivo empresario de la noche madrile\u00f1a propietario de la hist\u00f3rica Sala La Riviera, un emblem\u00e1tico local de fiestas y conciertos en vivo de la ciudad. El empresario tiene una casa en la lujosa urbanizaci\u00f3n La Finca en Pozuelo de Alarc\u00f3n, donde Victoria Federica pasa muchos d\u00edas. Ambos se siguen en las redes sociales y suelen intercambiar emoticonos de corazones y fuegos, que simbolizan amor y deseo.<\/p>\n<p>Amigo de la fiesta y de los coches deportivos de lujo, Jorge Navalpotro comparte con Victoria Federica el amor por el mar. \u201cLo \u00fanico importante es aquello que no intentas\u201d, escribe en sus redes, donde le vemos disfrutando en una moto acu\u00e1tica, un deporte que Vic tambi\u00e9n practica en sus escapadas veraniegas a Ibiza. El joven es tambi\u00e9n un enamorado de Andaluc\u00eda, una tierra a la que Victoria se siente muy unida.<\/p>\n<p>Los detalles<\/p>\n<p>\u201cLleva dos meses de relaci\u00f3n con el propietario de la Sala Riviera de Madrid\u201d, ha explicado Luis Pliego. \u201cEl chaval es la actual pareja de Victoria Federica. Ella va muy a menudo a su casa, \u00e9l vive en Pozuelo. Pasa all\u00ed los d\u00edas con \u00e9l. <strong>Ella est\u00e1 encantada<\/strong>. No hay fotos, pero las habr\u00e1\u201d. Sobre la forma en que se han conocido, ha indicado que \u201cme lo puedo imaginar\u201d, haciendo referencia al mundo de la noche.<\/p>\n<p><img decoding=\"async\" src=\"https:\/\/www.europesays.com\/es\/wp-content\/uploads\/2025\/12\/ana-obregon_4628f2c0_028_251217105538_800x800.webp.webp\" alt=\"Ana Obreg\u00f3n \" class=\"image lazyload\"\/><img loading=\"lazy\" decoding=\"async\" src=\"https:\/\/www.europesays.com\/es\/wp-content\/uploads\/2025\/12\/ana-obregon_4628f2c0_251217105606_1280x720.webp.webp\" alt=\"30 millones de euros: de d\u00f3nde viene la inmensa fortuna de Ana Obreg\u00f3n que la conecta con el caso Epstein\" class=\"image lazyload\" width=\"1280\" height=\"720\" data-aspectratio=\"1280\/720\"\/><\/p>\n<p>Pliego ha querido contar algunos de estos datos que ha podido conocer sobre esta nueva relaci\u00f3n de la nieta del rey em\u00e9rito. \u201cLos detalles los desconozco, <strong>lo que s\u00e9 es que llevan dos meses juntos<\/strong>\u201d, ha confirmado. \u201cMe dicen que es un chico encantador, trabajador, maj\u00edsimo. Ojal\u00e1 que les vaya bien\u201d, ha apostillado Alexia Rivas.<\/p>\n<p>Puedes leer el reportaje al completo en el \u00faltimo n\u00famero de la revista Lecturas. <strong>Ya a la venta en tu kiosco y en Amazon.<\/strong><\/p>\n<p>Su vida sentimental<\/p>\n<p>A lo largo de los a\u00f1os, Victoria Federica ha tenido algunos romances muy medi\u00e1ticos. Otros se han quedado en simples rumores que no han llegado a confirmarse. Una de estas relaciones ha sido la que ha mantenido con Jorge B\u00e1rcenas. Vic siempre ha tratado de mantenerse alejada del foco medi\u00e1tico, evitando pronunciarse sobre su vida privada. Sin embargo, su aparici\u00f3n conjunta en redes sociales y eventos fue m\u00e1s que suficiente para <strong>hablar de amor entre ellos.<\/strong><\/p>\n<p><img loading=\"lazy\" decoding=\"async\"   src=\"https:\/\/www.europesays.com\/es\/wp-content\/uploads\/2025\/12\/victoria-federica_d6d0ba5a_251216185819_1200x889.webp.webp\" alt=\"Victoria Federica\" class=\"lazyload\" width=\"1200\" height=\"889\" data-aspectratio=\"1200\/889\"\/><\/p>\n<p>La nieta del rey em\u00e9rito ha sido bastante herm\u00e9tica en lo que respecta a su vida sentimental.<\/p>\n<p>&#13;Gtres<\/p>\n<p>Antes de este noviazgo, se hab\u00eda hablado de un posible romance con Gonzalo Caballero, un joven torero espa\u00f1ol con quien mantuvo algo m\u00e1s que una amistad, seg\u00fan se indic\u00f3 en el a\u00f1o 2018. Siguiendo con el mundo del toro, tambi\u00e9n se habl\u00f3 en su momento de un <strong>posible noviazgo con Roca Rey<\/strong>. Los dos no dudaron en hablar de su amistad tras compartir diferentes planes. Sin embargo, qued\u00f3 en eso, un rumor.<\/p>\n<p>Este a\u00f1o diversos medios aseguraron que la hermana de Froil\u00e1n estaba de nuevo ilusionada. Se trataba de Borja Moreno, un empresario de la noche madrile\u00f1a con quien compart\u00eda planes. Sin embargo, en verano este amor lleg\u00f3 a su fin. No obstante, hace tan solo unos meses fue el programa \u2018Fiesta\u2019 quien habl\u00f3 de un nuevo amor. Se trataba de un <strong>tatuador malague\u00f1o <\/strong>que viajaba por el mundo debido a su profesi\u00f3n. Sin embargo, todo apunta a que tras este breve romance ha conocido a su nueva ilusi\u00f3n, con quien lleva dos meses muy feliz.<\/p>\n","protected":false},"excerpt":{"rendered":"Desde su nacimiento, Victoria Federica (25 a\u00f1os) ha estado acostumbrada al foco medi\u00e1tico. Su pertenencia a la Familia&hellip;\n","protected":false},"author":2,"featured_media":292695,"comment_status":"","ping_status":"","sticky":false,"template":"","format":"standard","meta":{"footnotes":""},"categories":[174],"tags":[255,146,147,25,24,256,23],"class_list":{"0":"post-292694","1":"post","2":"type-post","3":"status-publish","4":"format-standard","5":"has-post-thumbnail","7":"category-famosos","8":"tag-celebrities","9":"tag-entertainment","10":"tag-entretenimiento","11":"tag-es","12":"tag-espana","13":"tag-famosos","14":"tag-spain"},"share_on_mastodon":{"url":"https:\/\/pubeurope.com\/@es\/115734632986653083","error":""},"_links":{"self":[{"href":"https:\/\/www.europesays.com\/es\/wp-json\/wp\/v2\/posts\/292694","targetHints":{"allow":["GET"]}}],"collection":[{"href":"https:\/\/www.europesays.com\/es\/wp-json\/wp\/v2\/posts"}],"about":[{"href":"https:\/\/www.europesays.com\/es\/wp-json\/wp\/v2\/types\/post"}],"author":[{"embeddable":true,"href":"https:\/\/www.europesays.com\/es\/wp-json\/wp\/v2\/users\/2"}],"replies":[{"embeddable":true,"href":"https:\/\/www.europesays.com\/es\/wp-json\/wp\/v2\/comments?post=292694"}],"version-history":[{"count":0,"href":"https:\/\/www.europesays.com\/es\/wp-json\/wp\/v2\/posts\/292694\/revisions"}],"wp:featuredmedia":[{"embeddable":true,"href":"https:\/\/www.europesays.com\/es\/wp-json\/wp\/v2\/media\/292695"}],"wp:attachment":[{"href":"https:\/\/www.europesays.com\/es\/wp-json\/wp\/v2\/media?parent=292694"}],"wp:term":[{"taxonomy":"category","embeddable":true,"href":"https:\/\/www.europesays.com\/es\/wp-json\/wp\/v2\/categories?post=292694"},{"taxonomy":"post_tag","embeddable":true,"href":"https:\/\/www.europesays.com\/es\/wp-json\/wp\/v2\/tags?post=292694"}],"curies":[{"name":"wp","href":"https:\/\/api.w.org\/{rel}","templated":true}]}}