{"id":292696,"date":"2025-12-17T11:18:08","date_gmt":"2025-12-17T11:18:08","guid":{"rendered":"https:\/\/www.europesays.com\/es\/292696\/"},"modified":"2025-12-17T11:18:08","modified_gmt":"2025-12-17T11:18:08","slug":"el-louvre-arranca-otra-jornada-cerrado-por-la-huelga-de-sus-empleados-cultura","status":"publish","type":"post","link":"https:\/\/www.europesays.com\/es\/292696\/","title":{"rendered":"El Louvre arranca otra jornada cerrado por la huelga de sus empleados | Cultura"},"content":{"rendered":"<p class=\"\"><a href=\"https:\/\/elpais.com\/internacional\/2025-12-15\/el-louvre-arranca-este-lunes-una-huelga-con-las-puertas-cerradas-al-publico.html\" target=\"_self\" rel=\"nofollow noopener\" title=\"https:\/\/elpais.com\/internacional\/2025-12-15\/el-louvre-arranca-este-lunes-una-huelga-con-las-puertas-cerradas-al-publico.html\">El museo del Louvre ha vuelto a mantener sus puertas cerradas<\/a> a las nueve de la ma\u00f1ana, hora en la que se supone que los visitantes pueden comenzar a entrar en sus galer\u00edas. Los trabajadores han decidido en asamblea mantener la huelga durante este mi\u00e9rcoles. El cierre ya dej\u00f3 a los turistas en la calle este lunes. Por el momento, los sindicatos convocantes no se han podido reunir con la directora de la pinacoteca Laurence des Cars.<\/p>\n<p>M\u00e1s informaci\u00f3n<\/p>\n<p class=\"\">El martes el museo permaneci\u00f3 cerrado por descanso semanal. Pero este mi\u00e9rcoles, los visitantes estaban convencidos de que terminar\u00eda abriendo y desde las ocho hab\u00edan formado una interminable cola alrededor de la pir\u00e1mide de cristal por donde se accede a la pinacoteca. \u201cSabemos que hay problemas, pero no creo que el Louvre vaya a cerrar tres d\u00edas seguidos. Ser\u00eda algo ins\u00f3lito, as\u00ed que esperaremos porque ya tenemos las entradas y estamos solo dos d\u00edas en Par\u00eds\u201d, explica Torsten, un berlin\u00e9s acompa\u00f1ado de toda su familia. <\/p>\n<p class=\"\"><a href=\"https:\/\/elpais.com\/cultura\/2025-10-26\/el-sindrome-del-louvre-recorre-francia.html\" target=\"_self\" rel=\"nofollow noopener\" title=\"https:\/\/elpais.com\/cultura\/2025-10-26\/el-sindrome-del-louvre-recorre-francia.html\">Los sindicatos convocaron la huelga para protestar contra los problemas de falta de personal, el deterioro del edificio y<\/a> el aumento de las tarifas para los visitantes no europeos. El lunes se celebr\u00f3 una reuni\u00f3n de crisis con los sindicatos en el Ministerio de Cultura, en primera l\u00ednea en este asunto, para responder a la indignaci\u00f3n de los trabajadores, alimentada tambi\u00e9n por la sucesi\u00f3n de contratiempos desde el robo (cierre de una galer\u00eda, obras antiguas da\u00f1adas por una filtraci\u00f3n de agua&#8230;).<\/p>\n<p class=\"\">La cadena de negligencias que permitieron el robo alcanza al anterior <a href=\"https:\/\/elpais.com\/cultura\/2022-05-26\/imputado-un-expresidente-del-louvre-por-blanqueo-y-trafico-de-antiguedades.html\" target=\"_self\" rel=\"nofollow noopener\" title=\"https:\/\/elpais.com\/cultura\/2022-05-26\/imputado-un-expresidente-del-louvre-por-blanqueo-y-trafico-de-antiguedades.html\">director del museo, Jean-Luc Martinez<\/a>, que fue objeto de dos auditor\u00edas de seguridad alarmantes durante su mandato (2013-2021). Este martes, en la comisi\u00f3n del Senado que investiga la cuesti\u00f3n, rechaz\u00f3 haber descuidado \u201cla prevenci\u00f3n contra el robo\u201d dentro del museo. \u201cContrariamente a lo que he le\u00eddo, la cultura de la prevenci\u00f3n contra el robo no hab\u00eda desaparecido\u201d, declar\u00f3 durante su primera comparecencia ante la comisi\u00f3n de asuntos culturales del Senado.<\/p>\n<p class=\"\">Hasta ahora, este alto funcionario hab\u00eda quedado en gran medida al margen de la pol\u00e9mica que salpica a su sucesora, Laurence des Cars, desde el robo del 19 de octubre, que dej\u00f3 al descubierto la falta de equipamiento de seguridad del museo. Sin embargo, fue durante su presidencia cuando se llevaron a cabo dos auditor\u00edas de seguridad en 2017 y 2019, una de las cuales se\u00f1alaba precisamente la \u201cvulnerabilidad\u201d del balc\u00f3n utilizado por los ladrones en octubre.<\/p>\n<p class=\"\">Este mi\u00e9rcoles ser\u00e1 el turno de la actual directora, Laurence des Cars, que volver\u00e1 al Senado para ampliar sus explicaciones. <\/p>\n","protected":false},"excerpt":{"rendered":"El museo del Louvre ha vuelto a mantener sus puertas cerradas a las nueve de la ma\u00f1ana, hora&hellip;\n","protected":false},"author":2,"featured_media":292697,"comment_status":"","ping_status":"","sticky":false,"template":"","format":"standard","meta":{"footnotes":""},"categories":[173],"tags":[229,233,231,230,209,232,234,730,146,147,25,24,317,41530,4759,11989,23],"class_list":{"0":"post-292696","1":"post","2":"type-post","3":"status-publish","4":"format-standard","5":"has-post-thumbnail","7":"category-arte-y-diseno","8":"tag-arte","9":"tag-arte-y-diseno","10":"tag-arts","11":"tag-arts-and-design","12":"tag-cultura","13":"tag-design","14":"tag-diseno","15":"tag-emmanuel-macron","16":"tag-entertainment","17":"tag-entretenimiento","18":"tag-es","19":"tag-espana","20":"tag-francia","21":"tag-museo-del-louvre","22":"tag-paris","23":"tag-robos","24":"tag-spain"},"share_on_mastodon":{"url":"https:\/\/pubeurope.com\/@es\/115734636325985540","error":""},"_links":{"self":[{"href":"https:\/\/www.europesays.com\/es\/wp-json\/wp\/v2\/posts\/292696","targetHints":{"allow":["GET"]}}],"collection":[{"href":"https:\/\/www.europesays.com\/es\/wp-json\/wp\/v2\/posts"}],"about":[{"href":"https:\/\/www.europesays.com\/es\/wp-json\/wp\/v2\/types\/post"}],"author":[{"embeddable":true,"href":"https:\/\/www.europesays.com\/es\/wp-json\/wp\/v2\/users\/2"}],"replies":[{"embeddable":true,"href":"https:\/\/www.europesays.com\/es\/wp-json\/wp\/v2\/comments?post=292696"}],"version-history":[{"count":0,"href":"https:\/\/www.europesays.com\/es\/wp-json\/wp\/v2\/posts\/292696\/revisions"}],"wp:featuredmedia":[{"embeddable":true,"href":"https:\/\/www.europesays.com\/es\/wp-json\/wp\/v2\/media\/292697"}],"wp:attachment":[{"href":"https:\/\/www.europesays.com\/es\/wp-json\/wp\/v2\/media?parent=292696"}],"wp:term":[{"taxonomy":"category","embeddable":true,"href":"https:\/\/www.europesays.com\/es\/wp-json\/wp\/v2\/categories?post=292696"},{"taxonomy":"post_tag","embeddable":true,"href":"https:\/\/www.europesays.com\/es\/wp-json\/wp\/v2\/tags?post=292696"}],"curies":[{"name":"wp","href":"https:\/\/api.w.org\/{rel}","templated":true}]}}