{"id":292700,"date":"2025-12-17T11:21:15","date_gmt":"2025-12-17T11:21:15","guid":{"rendered":"https:\/\/www.europesays.com\/es\/292700\/"},"modified":"2025-12-17T11:21:15","modified_gmt":"2025-12-17T11:21:15","slug":"la-cantante-de-calp-marina-alba-galardonada-por-la-academia-hispanoamericana-de-la-musica","status":"publish","type":"post","link":"https:\/\/www.europesays.com\/es\/292700\/","title":{"rendered":"La cantante de Calp Marina Alba, galardonada por la Academia Hispanoamericana de la M\u00fasica"},"content":{"rendered":"<ul>\n<li class=\"ft-mol-subtitle ft-helper-fontColor-quaternary\">La int\u00e9rprete recibe el Premio Latino 2025 a la Mejor Ejecuci\u00f3n Vocal de Soul Jazz por su tema \u00abY decirte\u00bb<\/li>\n<\/ul>\n<p><a href=\"https:\/\/www.europesays.com\/es\/wp-content\/uploads\/2025\/12\/Marina_Alba-2.jpg\"><img loading=\"lazy\" decoding=\"async\" class=\"aligncenter wp-image-1443067\" src=\"https:\/\/www.europesays.com\/es\/wp-content\/uploads\/2025\/12\/Marina_Alba-2.jpg\" alt=\"La cantante de Calp Marina Alba, galardonada por la Academia Hispanoamericana de la M\u00fasica\" width=\"400\" height=\"400\"  \/><\/a><\/p>\n<p class=\"p1\">La cantante\u00a0<b>Marina Alba<\/b>, de\u00a0<b>Calp<\/b>, ha recibido el\u00a0<b>Premio Latino 2025<\/b>\u00a0a la Mejor Ejecuci\u00f3n Vocal de Soul Jazz por su tema\u00a0Y decirte\u00a0en los<b>\u00a0<\/b><a href=\"https:\/\/premioslatino.es\/academia-hispanoamericana-de-la-musica\/\" rel=\"nofollow noopener\" target=\"_blank\"><b>Premios Latinos de la Academia Hispanoamericana de la M\u00fasica<\/b><\/a><b>,\u00a0<\/b>en un acto celebrado en el Teatro Infanta Isabel de Madrid. Estos premios est\u00e1n destinados a reconocer la\u00a0<b>excelencia, innovaci\u00f3n y trayectoria<\/b>\u00a0en el \u00e1mbito musical latinoamericano.<\/p>\n<p class=\"p1\">Marina Alba es una prol\u00edfica autora e int\u00e9rprete de Calp que cuenta con una intensa carrera art\u00edstica en la que ha\u00a0<b>grabado varios discos<\/b>, ha\u00a0<b>producido numerosas canciones<\/b>\u00a0y ha realizado\u00a0<b>giras con distintas formaciones musicales.<\/b><\/p>\n<p class=\"p4\">Con una voz poderosa y llena de matices, Alba fusiona <b>soul y rhythm &amp; blues en espa\u00f1ol con influencias mediterr\u00e1neas<\/b>, en un proyecto creado junto al compositor y productor\u00a0<b>Vicente Chust<\/b>. La personalidad vocal de la cantante ha sido clave para lograr este galard\u00f3n, que reconoce la calidad art\u00edstica y la emoci\u00f3n transmitida en su interpretaci\u00f3n.<\/p>\n<p>En este audiovisual, la vocalista de Calp interpreta la canci\u00f3n por la que ha recibido el galard\u00f3n:<\/p>\n<p class=\"p6\">Alba y Chust cuentan con una trayectoria consolidada: tras su paso por proyectos como <b>Malayuna<\/b>, con los que publicaron tres discos y obtuvieron premios como los\u00a0Premis al M\u00f3n de la M\u00fasica 2005 de Canal 9 TV, han compartido escenario con numerosos artistas y creado m\u00e1s de medio centenar de canciones. El regreso de Marina Alba tras su etapa en Par\u00eds supuso en 2024 el inicio de esta nueva andadura conjunta.<\/p>\n<p class=\"p6\">La historia de Marina Alba contin\u00faa ahora con el lanzamiento de\u00a0\u201cNo pares\u201d y con la futura edici\u00f3n de un vinilo que recoger\u00e1 la madurez y la sensibilidad de una artista que no deja de crecer.<\/p>\n","protected":false},"excerpt":{"rendered":"La int\u00e9rprete recibe el Premio Latino 2025 a la Mejor Ejecuci\u00f3n Vocal de Soul Jazz por su tema&hellip;\n","protected":false},"author":2,"featured_media":292701,"comment_status":"","ping_status":"","sticky":false,"template":"","format":"standard","meta":{"footnotes":""},"categories":[170],"tags":[517,4071,42598,8937,5025,7092,42583,42582,42589,42585,20412,1013,177,42595,209,30922,42578,1819,42600,42599,1639,13193,146,147,2958,25,24,2793,3931,5270,42591,42596,1667,27050,42590,2441,42593,42594,4911,42579,42588,184,185,7080,10,14470,12657,133,42597,1925,42584,42580,42581,4069,2052,952,42592,8485,4286,4113,23,1651,42587,42586,19079,4664,1529,1018,35649],"class_list":{"0":"post-292700","1":"post","2":"type-post","3":"status-publish","4":"format-standard","5":"has-post-thumbnail","7":"category-musica","8":"tag-actualidad","9":"tag-agenda","10":"tag-agenda-cultural","11":"tag-altea","12":"tag-audios","13":"tag-benidorm","14":"tag-benisa","15":"tag-benissa","16":"tag-callossa-den-sarria","17":"tag-calp","18":"tag-calpe","19":"tag-cartelera","20":"tag-cine","21":"tag-costa-blanca","22":"tag-cultura","23":"tag-denia","24":"tag-diari","25":"tag-diario","26":"tag-diario-denia","27":"tag-diario-marina-alta","28":"tag-digital","29":"tag-el-tiempo","30":"tag-entertainment","31":"tag-entretenimiento","32":"tag-entrevistas","33":"tag-es","34":"tag-espana","35":"tag-espectaculos","36":"tag-festival","37":"tag-festivales","38":"tag-finestrat","39":"tag-informacio","40":"tag-informacion","41":"tag-javea","42":"tag-lalfas-del-pi","43":"tag-la-nucia","44":"tag-la-vila","45":"tag-la-vila-joiosa","46":"tag-marina","47":"tag-marina-alta","48":"tag-moraira","49":"tag-music","50":"tag-musica","51":"tag-noticia","52":"tag-noticias","53":"tag-noticies","54":"tag-ondara","55":"tag-online","56":"tag-opinio","57":"tag-opinion","58":"tag-pedreguer","59":"tag-pego","60":"tag-pego-y-les-valls","61":"tag-periodico","62":"tag-poesia","63":"tag-politica","64":"tag-polop","65":"tag-programacion","66":"tag-reportajes","67":"tag-servicios","68":"tag-spain","69":"tag-teatro","70":"tag-teulada","71":"tag-teulada-y-moraira","72":"tag-turisme","73":"tag-turismo","74":"tag-ultima-hora","75":"tag-videos","76":"tag-xabia"},"share_on_mastodon":{"url":"","error":"Validation failed: Text character limit of 500 exceeded"},"_links":{"self":[{"href":"https:\/\/www.europesays.com\/es\/wp-json\/wp\/v2\/posts\/292700","targetHints":{"allow":["GET"]}}],"collection":[{"href":"https:\/\/www.europesays.com\/es\/wp-json\/wp\/v2\/posts"}],"about":[{"href":"https:\/\/www.europesays.com\/es\/wp-json\/wp\/v2\/types\/post"}],"author":[{"embeddable":true,"href":"https:\/\/www.europesays.com\/es\/wp-json\/wp\/v2\/users\/2"}],"replies":[{"embeddable":true,"href":"https:\/\/www.europesays.com\/es\/wp-json\/wp\/v2\/comments?post=292700"}],"version-history":[{"count":0,"href":"https:\/\/www.europesays.com\/es\/wp-json\/wp\/v2\/posts\/292700\/revisions"}],"wp:featuredmedia":[{"embeddable":true,"href":"https:\/\/www.europesays.com\/es\/wp-json\/wp\/v2\/media\/292701"}],"wp:attachment":[{"href":"https:\/\/www.europesays.com\/es\/wp-json\/wp\/v2\/media?parent=292700"}],"wp:term":[{"taxonomy":"category","embeddable":true,"href":"https:\/\/www.europesays.com\/es\/wp-json\/wp\/v2\/categories?post=292700"},{"taxonomy":"post_tag","embeddable":true,"href":"https:\/\/www.europesays.com\/es\/wp-json\/wp\/v2\/tags?post=292700"}],"curies":[{"name":"wp","href":"https:\/\/api.w.org\/{rel}","templated":true}]}}