{"id":292712,"date":"2025-12-17T11:27:08","date_gmt":"2025-12-17T11:27:08","guid":{"rendered":"https:\/\/www.europesays.com\/es\/292712\/"},"modified":"2025-12-17T11:27:08","modified_gmt":"2025-12-17T11:27:08","slug":"zaragoza-consolida-la-inversion-de-juneyao-group-para-convertir-la-ciudad-en-un-hub-de-movilidad-electrica-comercial-para-el-sur-de-europa","status":"publish","type":"post","link":"https:\/\/www.europesays.com\/es\/292712\/","title":{"rendered":"Zaragoza consolida la inversi\u00f3n de Juneyao Group para convertir la ciudad en un hub de movilidad el\u00e9ctrica comercial para el sur de Europa"},"content":{"rendered":"<p>      Cuerpo de la noticia<\/p>\n<p>La alcaldesa de Zaragoza, <strong>Natalia Chueca<\/strong>, ha recibido hoy en la sede municipal a la delegaci\u00f3n de <strong>Wuxi Commercial Mansion Group Dongfang Automobile Co. Ltd.<\/strong>, filial del <strong>Grupo Juneyao<\/strong>, encabezada por su director general, <strong>Pei Wei<\/strong>, en una visita institucional que confirma de manera formal la <strong>inversi\u00f3n inicial de 10 millones de euros<\/strong> anunciada en septiembre y refuerza la apuesta estrat\u00e9gica del grupo chino por Zaragoza como base de sus operaciones en Espa\u00f1a y el sur de Europa.<\/p>\n<p>Esta visita supone la devoluci\u00f3n institucional del encuentro mantenido en Shangh\u00e1i y da continuidad a un proceso iniciado en febrero con la misi\u00f3n liderada por la alcaldesa, seguido por la visita t\u00e9cnica de la compa\u00f1\u00eda a Zaragoza en abril. En esta ocasi\u00f3n, la delegaci\u00f3n ha desarrollado una agenda de trabajo centrada en la <strong>confirmaci\u00f3n del proyecto, el contacto con clientes potenciales, el an\u00e1lisis del mercado europeo de veh\u00edculos comerciales el\u00e9ctricos <\/strong>y el fortalecimiento de relaciones con socios locales.<\/p>\n<p>Durante el encuentro, Natalia Chueca ha destacado que \u00abla llegada de Dongfang Automobile no es una operaci\u00f3n aislada, sino el resultado de una estrategia clara de posicionar Zaragoza como ciudad industrial competitiva, abierta a la inversi\u00f3n internacional y alineada con la transici\u00f3n hacia una movilidad sostenible\u00bb. La alcaldesa ha subrayado asimismo la <strong>seguridad jur\u00eddica, la capacidad log\u00edstica, la disponibilidad de talento y el ecosistema industrial<\/strong> como factores decisivos para la implantaci\u00f3n del proyecto.<\/p>\n<p>La inversi\u00f3n permitir\u00e1 poner en marcha en Zaragoza la <strong>primera sede europea <\/strong>de la divisi\u00f3n de venta y distribuci\u00f3n de veh\u00edculos comerciales el\u00e9ctricos del grupo, incluyendo<strong> servicios de posventa, suministro de repuestos, promoci\u00f3n de marcas, alquiler de veh\u00edculos y apoyo financiero.<\/strong> El objetivo es consolidarse como proveedor de referencia de soluciones de movilidad el\u00e9ctrica comercial en el mercado espa\u00f1ol, con vocaci\u00f3n de crecimiento hacia otros pa\u00edses del sur de Europa.<\/p>\n<p><img decoding=\"async\" alt=\"\" class=\"img-responsive\" src=\"https:\/\/www.europesays.com\/es\/wp-content\/uploads\/2025\/12\/WhatsApp_Image_2025-12-17_at_11.29.02.jpeg\" style=\"width: 1000px; height: 667px;\"\/><\/p>\n<p>Una vez validada la fase inicial y alcanzados los objetivos comerciales previstos, el grupo contempla una <strong>segunda fase de expansi\u00f3n<\/strong> que incluir\u00eda el <strong>ensamblaje final de veh\u00edculos en Zaragoza<\/strong>, lo que supondr\u00eda un impacto directo en la industria local y en la cadena de suministro, con especial atenci\u00f3n a sectores estrat\u00e9gicos como bater\u00edas, neum\u00e1ticos y componentes industriales.<\/p>\n<p>La delegaci\u00f3n ha confirmado adem\u00e1s la colaboraci\u00f3n con <strong>Grupo Carreras y Grupo Zeumat<\/strong> como socios locales de referencia, reforzando as\u00ed la integraci\u00f3n del proyecto en el tejido empresarial aragon\u00e9s.<\/p>\n<p>Juneyao Group, fundado en 1991, cuenta con una facturaci\u00f3n anual aproximada de <strong>9.000 millones de euros<\/strong>, m\u00e1s de <strong>20.000 empleados<\/strong> y presencia en sectores como aviaci\u00f3n comercial, servicios financieros, manufactura, tecnolog\u00eda y educaci\u00f3n. El grupo ocupa el puesto <strong>198 en el Top 500 de la industria de servicios de China<\/strong>, y mantiene una estrategia activa de expansi\u00f3n internacional.<\/p>\n<p>Con esta visita, Zaragoza consolida su posicionamiento como <strong>plataforma estrat\u00e9gica para la inversi\u00f3n industrial vinculada a la sostenibilidad y la innovaci\u00f3n<\/strong>, avanzando en un modelo de crecimiento econ\u00f3mico s\u00f3lido, diversificado y con proyecci\u00f3n internacional.<\/p>\n","protected":false},"excerpt":{"rendered":"Cuerpo de la noticia La alcaldesa de Zaragoza, Natalia Chueca, ha recibido hoy en la sede municipal a&hellip;\n","protected":false},"author":2,"featured_media":292713,"comment_status":"","ping_status":"","sticky":false,"template":"","format":"standard","meta":{"footnotes":""},"categories":[80],"tags":[82,95,94,25,24,23],"class_list":{"0":"post-292712","1":"post","2":"type-post","3":"status-publish","4":"format-standard","5":"has-post-thumbnail","7":"category-economia","8":"tag-business","9":"tag-economia","10":"tag-economy","11":"tag-es","12":"tag-espana","13":"tag-spain"},"share_on_mastodon":{"url":"","error":""},"_links":{"self":[{"href":"https:\/\/www.europesays.com\/es\/wp-json\/wp\/v2\/posts\/292712","targetHints":{"allow":["GET"]}}],"collection":[{"href":"https:\/\/www.europesays.com\/es\/wp-json\/wp\/v2\/posts"}],"about":[{"href":"https:\/\/www.europesays.com\/es\/wp-json\/wp\/v2\/types\/post"}],"author":[{"embeddable":true,"href":"https:\/\/www.europesays.com\/es\/wp-json\/wp\/v2\/users\/2"}],"replies":[{"embeddable":true,"href":"https:\/\/www.europesays.com\/es\/wp-json\/wp\/v2\/comments?post=292712"}],"version-history":[{"count":0,"href":"https:\/\/www.europesays.com\/es\/wp-json\/wp\/v2\/posts\/292712\/revisions"}],"wp:featuredmedia":[{"embeddable":true,"href":"https:\/\/www.europesays.com\/es\/wp-json\/wp\/v2\/media\/292713"}],"wp:attachment":[{"href":"https:\/\/www.europesays.com\/es\/wp-json\/wp\/v2\/media?parent=292712"}],"wp:term":[{"taxonomy":"category","embeddable":true,"href":"https:\/\/www.europesays.com\/es\/wp-json\/wp\/v2\/categories?post=292712"},{"taxonomy":"post_tag","embeddable":true,"href":"https:\/\/www.europesays.com\/es\/wp-json\/wp\/v2\/tags?post=292712"}],"curies":[{"name":"wp","href":"https:\/\/api.w.org\/{rel}","templated":true}]}}