{"id":292714,"date":"2025-12-17T11:28:15","date_gmt":"2025-12-17T11:28:15","guid":{"rendered":"https:\/\/www.europesays.com\/es\/292714\/"},"modified":"2025-12-17T11:28:15","modified_gmt":"2025-12-17T11:28:15","slug":"la-fiscalia-francesa-pide-procesar-a-nicolas-sarkozy-y-carla-bruni-por-manipular-a-un-testigo-internacional","status":"publish","type":"post","link":"https:\/\/www.europesays.com\/es\/292714\/","title":{"rendered":"La Fiscal\u00eda francesa pide procesar a Nicolas Sarkozy y Carla Bruni por manipular a un testigo | Internacional"},"content":{"rendered":"<p class=\"\">Al ex presidente franc\u00e9s Nicolas Sakozy, reci\u00e9n salido de la c\u00e1rcel hace unas semanas y que acaba de publicar <a href=\"https:\/\/elpais.com\/internacional\/2025-12-10\/sarkozy-ajusta-cuentas-con-el-sistema-en-su-nuevo-libro-y-bendice-a-la-ultraderecha.html\" target=\"_self\" rel=\"nofollow noopener\" title=\"https:\/\/elpais.com\/internacional\/2025-12-10\/sarkozy-ajusta-cuentas-con-el-sistema-en-su-nuevo-libro-y-bendice-a-la-ultraderecha.html\">un libro en el que relata su breve estancia en prisi\u00f3n<\/a>, se le siguen acumulando los problemas judiciales. La Fiscal\u00eda Nacional Financiera (PNF, en sus siglas en franc\u00e9s) ha pedido este martes que se le procese por haber presionado a un testigo clave en <a href=\"https:\/\/elpais.com\/internacional\/2025-09-26\/sarkozy-la-caida-del-presidente-que-amaba-el-lujo.html\" target=\"_self\" rel=\"nofollow noopener\" title=\"https:\/\/elpais.com\/internacional\/2025-09-26\/sarkozy-la-caida-del-presidente-que-amaba-el-lujo.html\">el caso de la financiaci\u00f3n libia de su campa\u00f1a electoral de 2007<\/a>, por el que fue condenado el pasado mes de septiembre a cinco a\u00f1os de c\u00e1rcel. <\/p>\n<p class=\"\">La fiscal\u00eda le acusa de los delitos de asociaci\u00f3n il\u00edcita con fines fraudulentos y en banda organizada. Pide adem\u00e1s que se procese tambi\u00e9n a la esposa de Sarkozy, Carla Bruni, por un delito de asociaci\u00f3n il\u00edcita. Tambi\u00e9n est\u00e1 implicada Mich\u00e8le Marchand, cercana al ex mandatario. Dentro de <a href=\"https:\/\/elpais.com\/internacional\/2025-11-26\/el-supremo-frances-confirma-la-condena-a-sarkozy-por-la-financiacion-ilegal-de-la-campana-de-2012.html\" target=\"_self\" rel=\"nofollow noopener\" title=\"https:\/\/elpais.com\/internacional\/2025-11-26\/el-supremo-frances-confirma-la-condena-a-sarkozy-por-la-financiacion-ilegal-de-la-campana-de-2012.html\">la causa sobre la financiaci\u00f3n ilegal de la campa\u00f1a<\/a> que le llev\u00f3 a la presidencia en 2007, en este caso el protagonista es Ziad Takieddine, el empresario francoliban\u00e9s que proporcion\u00f3 la informaci\u00f3n que llev\u00f3 a la imputaci\u00f3n de Sarkozy. <\/p>\n<p class=\"\">Takieddine, que huy\u00f3 a L\u00edbano, falleci\u00f3 en septiembre, justo dos d\u00edas antes de que el tribunal de Par\u00eds condenase a Nicolas Sarkozy por haber maniobrado para obtener dinero del r\u00e9gimen libio de Muamar El Gadafi para financiar su campa\u00f1a electoral. El Tribunal consider\u00f3 probado que lo intent\u00f3, a trav\u00e9s de sus colaboradores (entonces era ministro del Interior). Por ello fue condenado por asociaci\u00f3n il\u00edcita. Los jueces no lograron, sin embargo, probar que el dinero llegara finalmente a sus manos. Por eso, se le absolvi\u00f3 del delito de corrupci\u00f3n. <\/p>\n<p class=\"\">En su primera versi\u00f3n, Ziad Takieddine declar\u00f3 a los jueces que \u00e9l mismo entreg\u00f3 en persona al c\u00edrculo cercano de Sarkozy cinco millones de euros en efectivo entre finales de 2006 y 2007. Despu\u00e9s, en varias entrevistas a la prensa, se retract\u00f3 de su testimonio inicial e incluso acus\u00f3 al juez de instrucci\u00f3n de haber manipulado sus declaraciones. La Fiscal\u00eda sospecha que los tres implicados orquestaron una campa\u00f1a, usando medios de presi\u00f3n, para exculpar al ex presidente. La llamada \u201coperaci\u00f3n Salvar a Sarko\u201d. Este siempre acus\u00f3 a Takieddine de manipulador. <\/p>\n<p class=\"\">La Fiscal\u00eda cree que el ex presidente maniobr\u00f3 para obtener un cambio de testimonio del principal testigo en su contra. A Carla Bruni de haber encubierto todo ello, concretamente porque era titular de una l\u00ednea telef\u00f3nica que, seg\u00fan la Fiscal\u00eda, Sarkozy us\u00f3 supuestamente para hablar con Takieddine, a trav\u00e9s de la tercera implicada. <\/p>\n<p class=\"\">La pareja Sarkozy-Bruni ha presentado una solicitud ante el Tribunal de Apelaci\u00f3n de Par\u00eds para que se anule la petici\u00f3n de la Fiscal\u00eda. La decisi\u00f3n la tomar\u00e1 el juez de instrucci\u00f3n que se encarga del caso. <\/p>\n<p class=\"\">Sarkozy <a href=\"https:\/\/elpais.com\/internacional\/2025-10-21\/el-expresidente-de-francia-nicolas-sarkozy-sale-de-su-casa-para-entrar-en-prision.html\" target=\"_self\" rel=\"nofollow noopener\" title=\"https:\/\/elpais.com\/internacional\/2025-10-21\/el-expresidente-de-francia-nicolas-sarkozy-sale-de-su-casa-para-entrar-en-prision.html\">entr\u00f3 en prisi\u00f3n el pasado 21 de octubre<\/a>, tras ser condenado por asociaci\u00f3n il\u00edcita en el caso de la financiaci\u00f3n libia. Recurri\u00f3 la sentencia y, tras pasar menos de un mes en prisi\u00f3n, se le concedi\u00f3 la libertad condicional y sali\u00f3 hace unas semanas. En su corta estancia entre rejas ha escrito un libro, Diario de un prisionero, que se public\u00f3 la semana pasada y ya ha vendido 100.000 ejemplares. El juicio de apelaci\u00f3n se celebrar\u00e1 a principios de 2026.<\/p>\n","protected":false},"excerpt":{"rendered":"Al ex presidente franc\u00e9s Nicolas Sakozy, reci\u00e9n salido de la c\u00e1rcel hace unas semanas y que acaba de&hellip;\n","protected":false},"author":2,"featured_media":292715,"comment_status":"","ping_status":"","sticky":false,"template":"","format":"standard","meta":{"footnotes":""},"categories":[42],"tags":[17,18,4246,19570,41071,13,14,56078,317,11,61,62,63,64,2128,19,20,9,19569,10,15,16,952,12,21,22,65,66,67],"class_list":{"0":"post-292714","1":"post","2":"type-post","3":"status-publish","4":"format-standard","5":"has-post-thumbnail","7":"category-internacional","8":"tag-breaking-news","9":"tag-breakingnews","10":"tag-campanas-electorales","11":"tag-carla-bruni","12":"tag-coacciones","13":"tag-featured-news","14":"tag-featurednews","15":"tag-financiacion-electoral","16":"tag-francia","17":"tag-headlines","18":"tag-internacional","19":"tag-international","20":"tag-international-news","21":"tag-internationalnews","22":"tag-juicios","23":"tag-latest-news","24":"tag-latestnews","25":"tag-news","26":"tag-nicolas-sarkozy","27":"tag-noticias","28":"tag-noticias-destacadas","29":"tag-noticiasdestacadas","30":"tag-politica","31":"tag-titulares","32":"tag-ultimas-noticias","33":"tag-ultimasnoticias","34":"tag-world","35":"tag-world-news","36":"tag-worldnews"},"share_on_mastodon":{"url":"","error":"Validation failed: Text character limit of 500 exceeded"},"_links":{"self":[{"href":"https:\/\/www.europesays.com\/es\/wp-json\/wp\/v2\/posts\/292714","targetHints":{"allow":["GET"]}}],"collection":[{"href":"https:\/\/www.europesays.com\/es\/wp-json\/wp\/v2\/posts"}],"about":[{"href":"https:\/\/www.europesays.com\/es\/wp-json\/wp\/v2\/types\/post"}],"author":[{"embeddable":true,"href":"https:\/\/www.europesays.com\/es\/wp-json\/wp\/v2\/users\/2"}],"replies":[{"embeddable":true,"href":"https:\/\/www.europesays.com\/es\/wp-json\/wp\/v2\/comments?post=292714"}],"version-history":[{"count":0,"href":"https:\/\/www.europesays.com\/es\/wp-json\/wp\/v2\/posts\/292714\/revisions"}],"wp:featuredmedia":[{"embeddable":true,"href":"https:\/\/www.europesays.com\/es\/wp-json\/wp\/v2\/media\/292715"}],"wp:attachment":[{"href":"https:\/\/www.europesays.com\/es\/wp-json\/wp\/v2\/media?parent=292714"}],"wp:term":[{"taxonomy":"category","embeddable":true,"href":"https:\/\/www.europesays.com\/es\/wp-json\/wp\/v2\/categories?post=292714"},{"taxonomy":"post_tag","embeddable":true,"href":"https:\/\/www.europesays.com\/es\/wp-json\/wp\/v2\/tags?post=292714"}],"curies":[{"name":"wp","href":"https:\/\/api.w.org\/{rel}","templated":true}]}}