{"id":292716,"date":"2025-12-17T11:29:09","date_gmt":"2025-12-17T11:29:09","guid":{"rendered":"https:\/\/www.europesays.com\/es\/292716\/"},"modified":"2025-12-17T11:29:09","modified_gmt":"2025-12-17T11:29:09","slug":"el-ballet-de-la-escuela-municipal-de-danza-ofrece-una-actuacion-homenaje-a-strauss-en-la-plaza-de-espana","status":"publish","type":"post","link":"https:\/\/www.europesays.com\/es\/292716\/","title":{"rendered":"El Ballet de la Escuela Municipal de Danza ofrece una actuaci\u00f3n homenaje a Strauss, en la Plaza de Espa\u00f1a"},"content":{"rendered":"<ul>\n<li class=\" cmAlignjustify\"><strong>M\u00e1s de 50 alumnos mostrar\u00e1n el trabajo realizado a lo largo del curso, con la colaboraci\u00f3n de padres voluntarios, interpretando piezas como el Gran Vals Vien\u00e9s, la Polka Pizzicato y otras emblem\u00e1ticas del compositor Johann Strauss.  <\/strong><\/li>\n<\/ul>\n<p class=\"cmParagraph cmAlignjustify\"><img loading=\"lazy\" decoding=\"async\" src=\"https:\/\/www.europesays.com\/es\/wp-content\/uploads\/2025\/12\/1424113-destacada Escuela de Danza 14.jpg\" width=\"400\" height=\"225\" alt=\"destacada Escuela de Danza 14\"\/>La Escuela de Danza Ciudad de M\u00f3stoles actuar\u00e1 el jueves 18 de diciembre, a las 19:00 h, en la Plaza de Espa\u00f1a, ofreciendo una Suite de ballet con m\u00fasica de Strauss. <\/p>\n<p class=\"cmParagraph cmAlignjustify\">Este ballet homenajear\u00e1 con una cuidada puesta en escena al m\u00fasico Johann Strauss durante una duraci\u00f3n aproximada de media hora, que incluir\u00e1 piezas como el Gran Vals Vien\u00e9s, la Polka Pizzicato y otras obras emblem\u00e1ticas del repertorio de Strauss. <\/p>\n<p class=\"cmParagraph cmAlignjustify\">En el escenario participar\u00e1n 7 cursos de la escuela, con la intervenci\u00f3n de m\u00e1s de 50 alumnos, de distintas edades, a partir de 6 a\u00f1os, y padres voluntarios, que mostrar\u00e1n el trabajo realizado a lo largo del curso en una puesta en escena con tem\u00e1tica navide\u00f1a. <\/p>\n<p class=\"cmParagraph cmAlignjustify\">El Ayuntamiento de M\u00f3stoles, organiza este evento como parte de la programaci\u00f3n navide\u00f1a, y contin\u00faa promocionando y apoyando el talento local con iniciativas culturales que, en este caso, protagoniza la disciplina de danza en la ciudad.<\/p>\n","protected":false},"excerpt":{"rendered":"M\u00e1s de 50 alumnos mostrar\u00e1n el trabajo realizado a lo largo del curso, con la colaboraci\u00f3n de padres&hellip;\n","protected":false},"author":2,"featured_media":292717,"comment_status":"","ping_status":"","sticky":false,"template":"","format":"standard","meta":{"footnotes":""},"categories":[8],"tags":[1201,6853,1250,17,18,6854,777,2800,5509,25,24,13,14,11,6852,1928,6850,19,20,6849,9,10,15,16,4111,6851,23,12,21,22,6855],"class_list":{"0":"post-292716","1":"post","2":"type-post","3":"status-publish","4":"format-standard","5":"has-post-thumbnail","7":"category-espana","8":"tag-alcalde","9":"tag-atencioacuten-ciudadana","10":"tag-ayuntamiento","11":"tag-breaking-news","12":"tag-breakingnews","13":"tag-callejero","14":"tag-ciudad","15":"tag-distritos","16":"tag-empleo","17":"tag-es","18":"tag-espana","19":"tag-featured-news","20":"tag-featurednews","21":"tag-headlines","22":"tag-inversioacuten","23":"tag-joven","24":"tag-juventud","25":"tag-latest-news","26":"tag-latestnews","27":"tag-moacutestoles","28":"tag-news","29":"tag-noticias","30":"tag-noticias-destacadas","31":"tag-noticiasdestacadas","32":"tag-presupuestos","33":"tag-sede-electroacutenica","34":"tag-spain","35":"tag-titulares","36":"tag-ultimas-noticias","37":"tag-ultimasnoticias","38":"tag-webs-municipales"},"share_on_mastodon":{"url":"","error":"Validation failed: Text character limit of 500 exceeded"},"_links":{"self":[{"href":"https:\/\/www.europesays.com\/es\/wp-json\/wp\/v2\/posts\/292716","targetHints":{"allow":["GET"]}}],"collection":[{"href":"https:\/\/www.europesays.com\/es\/wp-json\/wp\/v2\/posts"}],"about":[{"href":"https:\/\/www.europesays.com\/es\/wp-json\/wp\/v2\/types\/post"}],"author":[{"embeddable":true,"href":"https:\/\/www.europesays.com\/es\/wp-json\/wp\/v2\/users\/2"}],"replies":[{"embeddable":true,"href":"https:\/\/www.europesays.com\/es\/wp-json\/wp\/v2\/comments?post=292716"}],"version-history":[{"count":0,"href":"https:\/\/www.europesays.com\/es\/wp-json\/wp\/v2\/posts\/292716\/revisions"}],"wp:featuredmedia":[{"embeddable":true,"href":"https:\/\/www.europesays.com\/es\/wp-json\/wp\/v2\/media\/292717"}],"wp:attachment":[{"href":"https:\/\/www.europesays.com\/es\/wp-json\/wp\/v2\/media?parent=292716"}],"wp:term":[{"taxonomy":"category","embeddable":true,"href":"https:\/\/www.europesays.com\/es\/wp-json\/wp\/v2\/categories?post=292716"},{"taxonomy":"post_tag","embeddable":true,"href":"https:\/\/www.europesays.com\/es\/wp-json\/wp\/v2\/tags?post=292716"}],"curies":[{"name":"wp","href":"https:\/\/api.w.org\/{rel}","templated":true}]}}