{"id":292718,"date":"2025-12-17T11:30:10","date_gmt":"2025-12-17T11:30:10","guid":{"rendered":"https:\/\/www.europesays.com\/es\/292718\/"},"modified":"2025-12-17T11:30:10","modified_gmt":"2025-12-17T11:30:10","slug":"una-imagen-del-sergio-ramos-del-guadalajara-sorprende-al-mundo","status":"publish","type":"post","link":"https:\/\/www.europesays.com\/es\/292718\/","title":{"rendered":"Una imagen del &#8216;Sergio Ramos del Guadalajara&#8217; sorprende al mundo"},"content":{"rendered":"<p data-mrf-recirculation=\"Links P\u00e1rrafos\" class=\"ue-c-article__paragraph paragraph ue-c-article--first-letter-highlighted\">Corr\u00eda el minuto 19 del partido de Copa del Rey entre el <strong>Deportivo Guadalajara y el Barcelona<\/strong> cuando el plano de la televisi\u00f3n enfoc\u00f3 a un jugador del conjunto castellano-manchego y <strong>esa imagen se empez\u00f3 a hacer viral<\/strong> en las redes sociales.\u00a0<\/p>\n<p data-mrf-recirculation=\"Links P\u00e1rrafos\" class=\"ue-c-article__paragraph paragraph\"><strong>\u00bfSergio Ramos?<\/strong> \u00bfEl defensa campe\u00f3n del mundo y de Europa con Espa\u00f1a hab\u00eda fichado por un equipo de Primera de Federaci\u00f3n tras dejar Monterrey? <strong>Las redes se llenaron de mensajes<\/strong> mientras se disputaba el partido porque la verdad es que, menos por la ausencia de tatuajes, el parecido con el de Camas es tremendo.\u00a0<\/p>\n<p data-mrf-recirculation=\"Links P\u00e1rrafos\" class=\"ue-c-article__paragraph paragraph\">Lejos del bombazo que habr\u00eda supuesto el fichaje de Sergio Ramos por el Deportivo Guadalajara, <strong>el protagonista de la imagen viral del partido ante el Barcelona se llama Borja D\u00edaz.\u00a0<\/strong><\/p>\n<p data-mrf-recirculation=\"Links P\u00e1rrafos\" class=\"ue-c-article__paragraph paragraph\"><strong>El madrile\u00f1o, que juega de mediocentro o de extremo<\/strong>, es ya un veterano de 35 a\u00f1os que ha recorrido muchos de los clubes modestos de este pa\u00eds. Fuenlabrada, Arenas, Sanse, Recreativo, Rayo Majadahonda, Melilla, Talavera, H\u00e9rcules, Unionistas de Salamanca, Estepona y desde el a\u00f1o pasado Deportivo Guadalajara.<\/p>\n<p data-mrf-recirculation=\"Links P\u00e1rrafos\" class=\"ue-c-article__paragraph paragraph\">Una<strong> extensa carrera que tuvo en el duelo ante el Barcelona de Copa uno de sus puntos m\u00e1s importantes<\/strong> y que, gracias a su parecido con Sergio Ramos, ha puesto en el foco medi\u00e1tico a Borja D\u00edaz.\u00a0<\/p>\n<p data-mrf-recirculation=\"Links P\u00e1rrafos\" class=\"ue-c-article__paragraph paragraph\"><strong>Borja D\u00edaz fue titular ante los de Hansi Flick<\/strong>, siendo sustituido en el minuto 62&#8242; por Salifo Caropitche, cuando las redes ya le hab\u00edan hecho viral por su<strong> tremendo parecido con Sergio Ramos.<\/strong><\/p>\n","protected":false},"excerpt":{"rendered":"Corr\u00eda el minuto 19 del partido de Copa del Rey entre el Deportivo Guadalajara y el Barcelona cuando&hellip;\n","protected":false},"author":2,"featured_media":292719,"comment_status":"","ping_status":"","sticky":false,"template":"","format":"standard","meta":{"footnotes":""},"categories":[5],"tags":[17,18,25,24,13,14,11,19,20,9,10,15,16,23,12,21,22],"class_list":{"0":"post-292718","1":"post","2":"type-post","3":"status-publish","4":"format-standard","5":"has-post-thumbnail","7":"category-titulares","8":"tag-breaking-news","9":"tag-breakingnews","10":"tag-es","11":"tag-espana","12":"tag-featured-news","13":"tag-featurednews","14":"tag-headlines","15":"tag-latest-news","16":"tag-latestnews","17":"tag-news","18":"tag-noticias","19":"tag-noticias-destacadas","20":"tag-noticiasdestacadas","21":"tag-spain","22":"tag-titulares","23":"tag-ultimas-noticias","24":"tag-ultimasnoticias"},"share_on_mastodon":{"url":"https:\/\/pubeurope.com\/@es\/115734683535509119","error":""},"_links":{"self":[{"href":"https:\/\/www.europesays.com\/es\/wp-json\/wp\/v2\/posts\/292718","targetHints":{"allow":["GET"]}}],"collection":[{"href":"https:\/\/www.europesays.com\/es\/wp-json\/wp\/v2\/posts"}],"about":[{"href":"https:\/\/www.europesays.com\/es\/wp-json\/wp\/v2\/types\/post"}],"author":[{"embeddable":true,"href":"https:\/\/www.europesays.com\/es\/wp-json\/wp\/v2\/users\/2"}],"replies":[{"embeddable":true,"href":"https:\/\/www.europesays.com\/es\/wp-json\/wp\/v2\/comments?post=292718"}],"version-history":[{"count":0,"href":"https:\/\/www.europesays.com\/es\/wp-json\/wp\/v2\/posts\/292718\/revisions"}],"wp:featuredmedia":[{"embeddable":true,"href":"https:\/\/www.europesays.com\/es\/wp-json\/wp\/v2\/media\/292719"}],"wp:attachment":[{"href":"https:\/\/www.europesays.com\/es\/wp-json\/wp\/v2\/media?parent=292718"}],"wp:term":[{"taxonomy":"category","embeddable":true,"href":"https:\/\/www.europesays.com\/es\/wp-json\/wp\/v2\/categories?post=292718"},{"taxonomy":"post_tag","embeddable":true,"href":"https:\/\/www.europesays.com\/es\/wp-json\/wp\/v2\/tags?post=292718"}],"curies":[{"name":"wp","href":"https:\/\/api.w.org\/{rel}","templated":true}]}}