{"id":292720,"date":"2025-12-17T11:34:13","date_gmt":"2025-12-17T11:34:13","guid":{"rendered":"https:\/\/www.europesays.com\/es\/292720\/"},"modified":"2025-12-17T11:34:13","modified_gmt":"2025-12-17T11:34:13","slug":"se-jugo-la-decimoseptima-edicion-de-la-copa-armando-silva","status":"publish","type":"post","link":"https:\/\/www.europesays.com\/es\/292720\/","title":{"rendered":"Se jug\u00f3 la decimos\u00e9ptima edici\u00f3n de la Copa Armando Silva"},"content":{"rendered":"<p><img fetchpriority=\"high\" decoding=\"async\" class=\"alignnone size-full wp-image-117995\" src=\"https:\/\/www.europesays.com\/es\/wp-content\/uploads\/2025\/12\/silva-1.jpg\" alt=\"\" width=\"1903\" height=\"1130\"  \/><\/p>\n<p>Este lunes se realiz\u00f3 la ya cl\u00e1sica competencia por invitaci\u00f3n que tiene lugar en honor a Armando Silva. En esta oportunidad, el encuentro tuvo lugar en las instalaciones del Buenos Aires GC, que ofici\u00f3 como sede por primera vez en la historia de la copa. Ciento veinte competidores integraron el field de este a\u00f1o, y entre ellos destacaron personalidades como las de los jugadores de f\u00fatbol profesional Sebasti\u00e1n Driussi, Ramiro Funes Mori, Manuel Lanzini y Leandro Gonz\u00e1lez Pires. Se sumaron a ellos profesionales de golf destacados como Ricardo Gonz\u00e1lez y Luis Carbonetti, en tanto tambi\u00e9n fueron parte del evento Mark Lawrie, Director para Am\u00e9rica Latina e Islas del Caribe del R&amp;A, y el reconocido periodista de golf Francisco Aleman.<\/p>\n<p>Aunque el d\u00eda comenz\u00f3 con cielo nublado y pron\u00f3stico reservado, con el pasar de las horas el sol apareci\u00f3 y junto a \u00e9l las temperaturas m\u00e1s acordes al mes en curso. El extenso recorrido de la cancha fue un desaf\u00edo extra para la mayor\u00eda de los competidores, que al final de la jornada vieron colmadas sus expectativas previas de disfrutar de un gran espacio.<\/p>\n<p>El equipo integrado por Emiliano Alcaide, Guillermo Mastrantonio, Gast\u00f3n Zaira y Javier Medlej (foto arriba) se impuso en la tarde de Bella Vista; fue con 54 golpes, uno menos que lo registrado por Mar\u00eda Sol Revah, Melina Mazmulian, Fernando Crippa y el Profesional Mat\u00edas Lezcano (foto abajo). Con 56 golpes, igualaron en el tercer lugar los equipos de Sebasti\u00e1n Driussi, Ramiro Funes Mori, Segundo Goyeneche y Manuel Lanzini, y el integrado por los representantes de la AAG Mariano Scalise, Walter Castillo, Jonatan Herich y el Profesional Jorge Bollini.<\/p>\n<p><img loading=\"lazy\" decoding=\"async\" class=\"alignnone size-full wp-image-117996\" src=\"https:\/\/www.europesays.com\/es\/wp-content\/uploads\/2025\/12\/silva-2.jpg\" alt=\"\" width=\"1903\" height=\"1130\"  \/><\/p>\n<p>La ceremonia de cierre cont\u00f3 con la presencia de los familiares m\u00e1s cercanos a Armando Silva, que revivieron la vida de quien supo ser Premio AAG. Entre An\u00e9cdotas, recuerdos y momentos emotivos, los organizadores hizcieron entrega de los premios a los ganadores, adem\u00e1s de los tradicionales sorteos de diversos art\u00edculos. El pr\u00f3ximo a\u00f1o se cumplir\u00e1n los primeros dieciocho a\u00f1os de un torneo que siempre figura en la agenda.<\/p>\n<p>\t\t\t\t<a href=\"https:\/\/www.europesays.com\/es\/wp-content\/uploads\/2025\/12\/copa-armando-silva-2025-jpg.jpg\"><img loading=\"lazy\" decoding=\"async\" width=\"2475\" height=\"1906\" src=\"https:\/\/www.europesays.com\/es\/wp-content\/uploads\/2025\/12\/copa-armando-silva-2025-jpg.jpg\" class=\"attachment-full size-full\" alt=\"\"  \/><\/a><\/p>\n<p>\u00a0<\/p>\n","protected":false},"excerpt":{"rendered":"Este lunes se realiz\u00f3 la ya cl\u00e1sica competencia por invitaci\u00f3n que tiene lugar en honor a Armando Silva.&hellip;\n","protected":false},"author":2,"featured_media":292721,"comment_status":"","ping_status":"","sticky":false,"template":"","format":"standard","meta":{"footnotes":""},"categories":[275],"tags":[168,25,24,329,23,167],"class_list":{"0":"post-292720","1":"post","2":"type-post","3":"status-publish","4":"format-standard","5":"has-post-thumbnail","7":"category-golf","8":"tag-deportes","9":"tag-es","10":"tag-espana","11":"tag-golf","12":"tag-spain","13":"tag-sports"},"share_on_mastodon":{"url":"https:\/\/pubeurope.com\/@es\/115734699925039208","error":""},"_links":{"self":[{"href":"https:\/\/www.europesays.com\/es\/wp-json\/wp\/v2\/posts\/292720","targetHints":{"allow":["GET"]}}],"collection":[{"href":"https:\/\/www.europesays.com\/es\/wp-json\/wp\/v2\/posts"}],"about":[{"href":"https:\/\/www.europesays.com\/es\/wp-json\/wp\/v2\/types\/post"}],"author":[{"embeddable":true,"href":"https:\/\/www.europesays.com\/es\/wp-json\/wp\/v2\/users\/2"}],"replies":[{"embeddable":true,"href":"https:\/\/www.europesays.com\/es\/wp-json\/wp\/v2\/comments?post=292720"}],"version-history":[{"count":0,"href":"https:\/\/www.europesays.com\/es\/wp-json\/wp\/v2\/posts\/292720\/revisions"}],"wp:featuredmedia":[{"embeddable":true,"href":"https:\/\/www.europesays.com\/es\/wp-json\/wp\/v2\/media\/292721"}],"wp:attachment":[{"href":"https:\/\/www.europesays.com\/es\/wp-json\/wp\/v2\/media?parent=292720"}],"wp:term":[{"taxonomy":"category","embeddable":true,"href":"https:\/\/www.europesays.com\/es\/wp-json\/wp\/v2\/categories?post=292720"},{"taxonomy":"post_tag","embeddable":true,"href":"https:\/\/www.europesays.com\/es\/wp-json\/wp\/v2\/tags?post=292720"}],"curies":[{"name":"wp","href":"https:\/\/api.w.org\/{rel}","templated":true}]}}