{"id":292724,"date":"2025-12-17T11:36:42","date_gmt":"2025-12-17T11:36:42","guid":{"rendered":"https:\/\/www.europesays.com\/es\/292724\/"},"modified":"2025-12-17T11:36:42","modified_gmt":"2025-12-17T11:36:42","slug":"el-movistar-team-2026-echa-a-rodar-en-valencia","status":"publish","type":"post","link":"https:\/\/www.europesays.com\/es\/292724\/","title":{"rendered":"El Movistar Team 2026 echa a rodar en Valencia"},"content":{"rendered":"<p class=\"ft-text\"><strong>Los equipos UCI WorldTour inician estos d\u00edas la pretemporada<\/strong> y l<a class=\"ft-link ft-link--decoration\" href=\"https:\/\/www.superdeporte.es\/polideportivo\/2025\/12\/09\/pogacar-vingegaard-ayuso-figuras-peloton-internacional-eligen-comunidad-valenciana-124609314.html\" rel=\"nofollow noopener\" target=\"_blank\">a mayor\u00eda ha vuelto a elegir la Comunitat Valenciana como centro de operaciones para sus concentraciones<\/a> previas al inicio de la temporada oficial. El Movistar ha sido uno de los primeros en llegar que adem\u00e1s ha elegido la ciudad de Val\u00e8ncia para celebrar la puesta de largo de su nuevo proyecto para 2026. El Aula Magistral del <strong>Palau de Les Arts de la Ciudad de las Artes y las Ciencias <\/strong>de <strong>Valencia<\/strong> ha servido de marco al acto de presentaci\u00f3n que ha contado con la presencia de la <a class=\"ft-link ft-link--decoration\" href=\"https:\/\/www.superdeporte.es\/tags\/maria-jose-catala\/\" rel=\"nofollow noopener\" target=\"_blank\">alcaldesa de Val\u00e8ncia, Mar\u00eda Jos\u00e9 Catal\u00e1<\/a> y de Borja Ochoa, presidente de Telef\u00f3nica Espa\u00f1a. El m\u00edtico Perico Delgado ejerci\u00f3 de maestro de ceremonias. El acto cont\u00f3 con la presencia de <strong>varias escuelas de ciclismo afectadas por la reciente <\/strong><a class=\"ft-link ft-link--decoration\" href=\"https:\/\/www.superdeporte.es\/tags\/dana\/\" rel=\"nofollow noopener\" target=\"_blank\"><strong>DANA<\/strong><\/a><strong> <\/strong>y que Movistar Team visit\u00f3 el a\u00f1o pasado. El equipo ciclista quiso rendirles homenaje, reiter\u00f3 su apoyo al deporte base y a la recuperaci\u00f3n de las instalaciones da\u00f1adas.\u00a0<\/p>\n<p class=\"ft-text\">La estructura ciclista con m\u00e1s historia del pelot\u00f3n internacional afrontar\u00e1 en 2026 su<strong> 47\u00aa temporada en la \u00e9lite mundial.<\/strong> Durante el acto se presentaron oficialmente las plantillas de<strong>l\u00a0Equipo Masculino,\u00a0Equipo Femenino\u00a0y el\u00a0Equipo de Desarrollo<\/strong>, reafirmando el compromiso del proyecto con la formaci\u00f3n, la igualdad y el alto rendimiento<strong>. En total 56 hombres y mujeres forman parte del club sumando sus tres formaciones.<\/strong><\/p>\n<p><img decoding=\"async\" src=\"https:\/\/www.europesays.com\/es\/wp-content\/uploads\/2025\/12\/951a0e2a-968a-40d2-bca5-7ebc3c9a9d54_alta-libre-aspect-ratio_default_0.jpg\" width=\"1200\" height=\"800\" alt=\"En el acto se present\u00f3 a los integrantes del equipo\" class=\"ft-helper-img-rd\" loading=\"lazy\"\/><\/p>\n<p class=\"ft-helper-fontColor-quaternary ft-helper-fontSize-body-S ft-helper-spacer-t-xxs\">En el acto se present\u00f3 a los integrantes del equipo  \/ EFE<\/p>\n<p>Caras nuevas<\/p>\n<p class=\"ft-text\"><strong> El conjunto <\/strong><a class=\"ft-link ft-link--decoration\" href=\"https:\/\/www.uci.org\/\" rel=\"nofollow noopener\" target=\"_blank\"><strong>WorldTour <\/strong><\/a><strong>masculino incorpora este a\u00f1o a\u00a0Cian Uijtdebroeks\u00a0(B\u00e9lgica),\u00a0Ra\u00fal Garc\u00eda Pierna,\u00a0Roger Adri\u00e0,\u00a0Juanpe L\u00f3pez\u00a0(Espa\u00f1a) y\u00a0Pavel Nov\u00e1k\u00a0(Rep\u00fablica Checa)<\/strong>. En el apartado<strong> femenino,<\/strong> la principal novedad es la llegada de la italiana<strong>\u00a0Francesca Barale.<\/strong><\/p>\n<p class=\"ft-text\">La campeona del mundo de contrarreloj,\u00a0<strong>Marlen Reusser,<\/strong> estrenar\u00e1 los colores arco\u00edris en las pruebas contra el crono, mientras que\u00a0Iv\u00e1n Romeo\u00a0y\u00a0Sara Mart\u00edn\u00a0lucir\u00e1n sus maillots de campeones de Espa\u00f1a.<\/p>\n<p class=\"ft-text\">Adem\u00e1s, se present\u00f3 oficialmente el nuevo proyecto formativo\u00a0<strong>Movistar Team Academy<\/strong>, la plataforma con la que el equipo refuerza su apuesta por detectar y desarrollar talento joven en todas las categor\u00edas del ciclismo.<\/p>\n<p><img decoding=\"async\" src=\"https:\/\/www.europesays.com\/es\/wp-content\/uploads\/2025\/12\/667c4bb0-95ec-4a03-a121-a0442201010c_alta-libre-aspect-ratio_default_0.jpg\" width=\"1200\" height=\"800\" alt=\"El Movistar se hizo la foto de familia\" class=\"ft-helper-img-rd\" loading=\"lazy\"\/><\/p>\n<p class=\"ft-helper-fontColor-quaternary ft-helper-fontSize-body-S ft-helper-spacer-t-xxs\">El Movistar se hizo la foto de familia  \/ EFE<\/p>\n<p> Presentaci\u00f3n del nuevo maillot<\/p>\n<p class=\"ft-text\"><strong>El evento sirvi\u00f3 tambi\u00e9n para revelar el\u00a0nuevo maillot dise\u00f1ado por GOBIK.<\/strong> Para el nuevo kit de Movistar Team, GOBIK busc\u00f3 una est\u00e9tica futurista, una evoluci\u00f3n que proyectara innovaci\u00f3n y rendimiento sobre una base blanca. Las texturas tecnol\u00f3gicas, los gr\u00e1ficos iridiscentes y las transparencias se combinaron para crear un dise\u00f1o impactante, que reflejase la identidad y el esp\u00edritu vanguardista del equipo.<\/p>\n<p>Enric Mas, muy motivado<\/p>\n<p class=\"ft-text\"><a class=\"ft-link ft-link--decoration\" href=\"https:\/\/www.superdeporte.es\/tags\/enric-mas\/\" rel=\"nofollow noopener\" target=\"_blank\">El mallorqu\u00edn Enric Mas<\/a> espera regresar mejor de lo que estaba antes de tener que retirarse del <a class=\"ft-link ft-link--decoration\" href=\"https:\/\/www.superdeporte.es\/tag\/tour-de-francia\/\" rel=\"nofollow noopener\" target=\"_blank\">Tour de Francia<\/a> y ser operado de varices en la pierna izquierda a mitad de octubre. \u00abRecuperado y con muchas ganas. Estoy empezando a entrenar, llevo poco en la bici, he ido alg\u00fan d\u00eda con la grupera y la verdad es que me est\u00e1 costando, vamos cogiendo poco a poco ritmo y lo que hemos perdido y espero empezar con buen pie la temporada 2026. Espero volver un poco mejor que antes\u00bb, apunt\u00f3.<\/p>\n<p class=\"ft-text\">\u00abFue duro, es una lesi\u00f3n, son cosas del deporte y la vida y hay que aceptarlo y espero que no me vuelva a pasar hasta que me retire\u00bb, a\u00f1adi\u00f3 el balear que <strong>no detall\u00f3 cu\u00e1ndo piensa que estar\u00e1 listo para volver a competir.<\/strong><\/p>\n<p>El D\u00eda Menos Pensado&#8217; regresa en 2026<\/p>\n<p class=\"ft-text\">Movistar Team confirm\u00f3 el esperado regreso de\u00a0El <strong>D\u00eda Menos Pensado<\/strong>, la serie documental que ha permitido al p\u00fablico conocer desde dentro los retos y emociones del ciclismo profesional. La quinta edici\u00f3n se estrenar\u00e1 en 2026 y volver\u00e1 a mostrar la cara m\u00e1s humana y competitiva del equipo.<\/p>\n<p class=\"ft-text\"><strong>Eusebio Unzu\u00e9, Manager General de Abarca Sports,<\/strong> afirm\u00f3: \u201cAfrontamos una ilusionante nueva temporada junto a Telef\u00f3nica, confirmando su compromiso con este proyecto que compartimos desde hace tantos a\u00f1os. Entramos en una etapa renovada y ambiciosa, marcada por la llegada de importantes fichajes que reforzar\u00e1n nuestra competitividad en todos los terrenos y dar\u00e1n un nuevo impulso a la estructura deportiva del equipo.\u201d<\/p>\n<p class=\"ft-text\"><strong> Borja Ochoa, presidente de Telef\u00f3nica Espa\u00f1a, se\u00f1al\u00f3<\/strong>: \u201cMovistar Team es uno de los grandes s\u00edmbolos de Telef\u00f3nica. No solo es nuestro patrocinio m\u00e1s longevo, es una alianza que representa qui\u00e9nes somos: trabajo colectivo, innovaci\u00f3n y capacidad para llegar a cada hogar. Cada ciclista lleva en su maillot la M de Movistar, una historia y unos valores que nos definen, y confiamos en que la defiendan con profesionalidad, compromiso y esp\u00edritu de equipo.\u201d<\/p>\n<p class=\"ft-text\"><strong>MOVISTAR TEAM 2026<\/strong><\/p>\n<p class=\"ft-text\">Roger ADRI\u00c0 (New), Jorge ARCAS, Orluis AULAR, Jon BARRENETXEA, Carlos CANAL, Pablo CASTRILLO, Jefferson CEPEDA, Iv\u00e1n G. CORTINA, Davide FORMOLO, Ra\u00fal G. PIERNA (New), Michel HESSMANN, Juanpe L\u00d3PEZ (New), Enric MAS, Lorenzo MILESI, Manlio MORO, Pavel NOV\u00c1K (New), Nelson OLIVEIRA, Diego PESCADOR, Nairo QUINTANA, Iv\u00e1n ROMEO, Javier ROMO, Einer RUBIO, Pelayo S\u00c1NCHEZ, Gonzalo SERRANO, Natnael TESFAZION, Albert TORRES, Cian UIJTDEBROEKS (New)<\/p>\n<p class=\"ft-text\"><strong>MOVISTAR TEAM WOMEN 2026<\/strong><\/p>\n<p class=\"ft-text\">Francesca BARALE (New), Olivia BARIL, Aude BIANNIC, Cat FERGUSON, Sheyla GUTI\u00c9RREZ, Liane LIPPERT, Carys LLOYD, Floortje MACKAIJ, Tota MAGALHAES, Sara MART\u00cdN, Mareille MEIJER, Paula OSTIZ, Marlen REUSSER, Laura RUIZ, Luc\u00eda RUIZ, Arlenis SIERRA, Claire STEELS.<\/p>\n<p class=\"ft-text\"><strong>MOVISTAR TEAM ACADEMY 2026 (New)<\/strong><\/p>\n<p class=\"ft-text\">Markel ARANAZ, Sebasti\u00e1n CASTRO, Javier CUBILLAS, Daniele FORLIN, Jhonatan GUATIBONZA, Eric IGUAL, Lucas JACKSON, Filip NOV\u00c1K, Roger PARETA, Tom\u00e1s PIOMBO, Mattia PROIETTI, Ibai VILLATE.<\/p>\n","protected":false},"excerpt":{"rendered":"Los equipos UCI WorldTour inician estos d\u00edas la pretemporada y la mayor\u00eda ha vuelto a elegir la Comunitat&hellip;\n","protected":false},"author":2,"featured_media":292725,"comment_status":"","ping_status":"","sticky":false,"template":"","format":"standard","meta":{"footnotes":""},"categories":[273],"tags":[3076,313,312,168,70049,3594,25,24,303,8660,40087,11120,23,167,1222,1826,235],"class_list":{"0":"post-292724","1":"post","2":"type-post","3":"status-publish","4":"format-standard","5":"has-post-thumbnail","7":"category-ciclismo","8":"tag-3076","9":"tag-ciclismo","10":"tag-cycling","11":"tag-deportes","12":"tag-en-valencia","13":"tag-enric-mas","14":"tag-es","15":"tag-espana","16":"tag-movistar","17":"tag-movistar-team","18":"tag-perico-delgado","19":"tag-presentado","20":"tag-spain","21":"tag-sports","22":"tag-team","23":"tag-telefonica","24":"tag-valencia"},"share_on_mastodon":{"url":"https:\/\/pubeurope.com\/@es\/115734707591302571","error":""},"_links":{"self":[{"href":"https:\/\/www.europesays.com\/es\/wp-json\/wp\/v2\/posts\/292724","targetHints":{"allow":["GET"]}}],"collection":[{"href":"https:\/\/www.europesays.com\/es\/wp-json\/wp\/v2\/posts"}],"about":[{"href":"https:\/\/www.europesays.com\/es\/wp-json\/wp\/v2\/types\/post"}],"author":[{"embeddable":true,"href":"https:\/\/www.europesays.com\/es\/wp-json\/wp\/v2\/users\/2"}],"replies":[{"embeddable":true,"href":"https:\/\/www.europesays.com\/es\/wp-json\/wp\/v2\/comments?post=292724"}],"version-history":[{"count":0,"href":"https:\/\/www.europesays.com\/es\/wp-json\/wp\/v2\/posts\/292724\/revisions"}],"wp:featuredmedia":[{"embeddable":true,"href":"https:\/\/www.europesays.com\/es\/wp-json\/wp\/v2\/media\/292725"}],"wp:attachment":[{"href":"https:\/\/www.europesays.com\/es\/wp-json\/wp\/v2\/media?parent=292724"}],"wp:term":[{"taxonomy":"category","embeddable":true,"href":"https:\/\/www.europesays.com\/es\/wp-json\/wp\/v2\/categories?post=292724"},{"taxonomy":"post_tag","embeddable":true,"href":"https:\/\/www.europesays.com\/es\/wp-json\/wp\/v2\/tags?post=292724"}],"curies":[{"name":"wp","href":"https:\/\/api.w.org\/{rel}","templated":true}]}}