{"id":292731,"date":"2025-12-17T11:41:14","date_gmt":"2025-12-17T11:41:14","guid":{"rendered":"https:\/\/www.europesays.com\/es\/292731\/"},"modified":"2025-12-17T11:41:14","modified_gmt":"2025-12-17T11:41:14","slug":"el-museo-guayasamin-de-caceres-acoge-la-exposicion-paraiso-ilimitado-con-la-colaboracion-de-la-diputacion","status":"publish","type":"post","link":"https:\/\/www.europesays.com\/es\/292731\/","title":{"rendered":"el Museo Guayasam\u00edn de C\u00e1ceres acoge la exposici\u00f3n &#8216;Para\u00edso ilimitado&#8217;, con la colaboraci\u00f3n de la diputaci\u00f3n"},"content":{"rendered":"<p class=\"ft-text\"><strong>Todos tenemos derecho a poder disfrutar de los escenarios naturales<\/strong> de la provincia de C\u00e1ceres o de Espa\u00f1a. Eso es lo que defiende la exposici\u00f3n &#8216;<strong>Para\u00edso ilimitado<\/strong>&#8216; que acoge desde este martes el <strong>Museo Guayasam\u00edn de C\u00e1ceres<\/strong>. En su <strong>segunda edici\u00f3n<\/strong>, podr\u00e1 visitarse <strong>hasta finales de diciembre <\/strong>en dicha localizaci\u00f3n, marchando posteriormente <strong>por municipios de la provincia<\/strong>.<\/p>\n<p class=\"ft-text\">Este martes adem\u00e1s ha tenido lugar la <strong>entrega de premios del certamen<\/strong>, convocado por la <strong>Diputaci\u00f3n de C\u00e1ceres<\/strong> y la <strong>Asociaci\u00f3n para la Atenci\u00f3n y la Inclusi\u00f3n Social de las Personas con Discapacidad de Extremadura<\/strong> (APAMEX). Ha sido con la entrega de los premios de esta edici\u00f3n como se ha inaugurado la muestra, con<strong> una treintena de trabajos<\/strong>, y con la que se pone de relieve c\u00f3mo las intervenciones y las actuaciones de accesibilidad en entornos naturales o en patrimonios hist\u00f3ricos monumentales \u00ab<strong>abren una ventana a para\u00edsos ilimitados<\/strong>\u00bb, como ha manifestado la diputada de Pol\u00edticas Sociales, <strong>Sheila Mart\u00edn<\/strong>, en el acto, junto al presidente de APAMEX, <strong>Jes\u00fas Gumiel<\/strong>.<\/p>\n<p>Ganadores<\/p>\n<p class=\"ft-text\">La ganadora ha sido la fot\u00f3grafa <strong>Esther Labrador<\/strong>, de Jara\u00edz de la Vera, con su obra &#8216;<strong>Mirador de Segura de Toro<\/strong>&#8216;, que muestra la intervenci\u00f3n en un <strong>paraje singular <\/strong>que hace que cualquier persona, con discapacidad o no, pueda disfrutar de su <strong>belleza<\/strong>. Obtiene as\u00ed el primer premio dotado de <strong>1.500 euros<\/strong>.<\/p>\n<p class=\"ft-text\">Labrador, que asegura estar <strong>reci\u00e9n iniciada<\/strong> en el mundillo, se mostr\u00f3 <strong>gratamente \u00abcontenta y sorprendida\u00bb<\/strong>. \u00abLa pasarela est\u00e1 hecha en un entorno precioso y privilegiado, <strong>merece la pena ir a conocerlo<\/strong>\u00bb.<\/p>\n<p><img decoding=\"async\" src=\"https:\/\/www.europesays.com\/es\/wp-content\/uploads\/2025\/12\/80428b1a-e183-48d8-8922-a345ab6d5f98_alta-libre-aspect-ratio_default_0.jpg\" width=\"1200\" height=\"540\" alt=\"La obra ganadora, \u201cMirador de Segura de Toro\u201d.\" class=\"ft-helper-img-rd\" loading=\"lazy\"\/><\/p>\n<p class=\"ft-helper-fontColor-quaternary ft-helper-fontSize-body-S ft-helper-spacer-t-xxs\">La obra ganadora, \u201cMirador de Segura de Toro\u201d.  \/ Pablo Parra<\/p>\n<p class=\"ft-text\">Los siguientes premios han reca\u00eddo en &#8216;<strong>Monta\u00f1a para todos<\/strong>&#8216;, de <strong>David Piqueras<\/strong>, de Puerto de Sagunto (Valencia); &#8216;<strong>Disfrutando de la playa<\/strong>&#8216;, de <strong>Julio Antonio Leal<\/strong>, de Valencia; \u00bb<strong>Albufera accesible<\/strong>&#8216;, de <strong>Francisco Jos\u00e9 L\u00f3pez<\/strong>, de Ja\u00e9n, y &#8216;<strong>Salto del gitano<\/strong>&#8216;, de <strong>Carlos Mart\u00edn<\/strong>, de Trujillo. Estos no pudieron acudir a la cita f\u00edsicamente, pero <strong>agradecieron los premios a trav\u00e9s de v\u00eddeos<\/strong>.<\/p>\n<p>\u00c9xito<\/p>\n<p class=\"ft-text\">La diputada destac\u00f3 el <strong>\u00e9xito <\/strong>de esta convocatoria, \u00abcon la que <strong>conseguimos los objetivos que nos planteamos<\/strong>, que es sensibilizar e impulsar inversiones y cambios para la accesibilidad universal\u00bb. Con este fin, la exposici\u00f3n <strong>va a ir viajando por los distintos municipios de la provincia<\/strong>, \u00abde modo que todo el mundo pueda ver c\u00f3mo la igualdad es posible, pero hay que trabajar en ella\u00bb. Una forma, a\u00f1ade, de \u00ab<strong>recordarnos que la accesibilidad es un derecho de todos y todas y ha de ser ilimitada<\/strong>\u00bb.<\/p>\n<p class=\"ft-text\">Por su parte, <strong>Gumiel <\/strong>incidi\u00f3 en la <strong>evoluci\u00f3n <\/strong>de este premio, \u00abque <strong>ya ha calado a nivel nacional <\/strong>y al que se presentan profesionales de toda Espa\u00f1a\u00bb. Adem\u00e1s, el presidente de APAMEX record\u00f3 el <strong>papel de sensibilizaci\u00f3n<\/strong> que juega el premio, y en este sentido, \u00ablas obras que est\u00e1 llevando a cabo la Diputaci\u00f3n de C\u00e1ceres hacen de ella un <strong>referente <\/strong>para otras administraciones de Espa\u00f1a\u00bb, recordando intervenciones como <strong>las obras de accesibilidad<\/strong> que se est\u00e1n llevando a cabo en el <strong>Complejo Cultural San Francisco de C\u00e1ceres<\/strong> o en el <strong>edificio Pintores 10<\/strong>, tambi\u00e9n en la capital cacere\u00f1a, y <strong>con la colaboraci\u00f3n e informes t\u00e9cnicos de APAMEX<\/strong>.<\/p>\n<p class=\"ft-text\">A esto se suma la <strong>partida de 500.000 euros<\/strong> que la diputaci\u00f3n ha incorporado en el <strong>presupuesto <\/strong>del pr\u00f3ximo a\u00f1o para que los municipios puedan contar con<strong> elementos de accesibilidad<\/strong>, ya sean para las piscinas, mobiliario urbano, parques de juegos, etc\u00e9tera.<\/p>\n","protected":false},"excerpt":{"rendered":"Todos tenemos derecho a poder disfrutar de los escenarios naturales de la provincia de C\u00e1ceres o de Espa\u00f1a.&hellip;\n","protected":false},"author":2,"featured_media":292732,"comment_status":"","ping_status":"","sticky":false,"template":"","format":"standard","meta":{"footnotes":""},"categories":[173],"tags":[24471,229,233,231,230,3975,232,56687,2379,234,146,147,25,24,244,70050,470,24388,23,6113],"class_list":{"0":"post-292731","1":"post","2":"type-post","3":"status-publish","4":"format-standard","5":"has-post-thumbnail","7":"category-arte-y-diseno","8":"tag-accesibilidad","9":"tag-arte","10":"tag-arte-y-diseno","11":"tag-arts","12":"tag-arts-and-design","13":"tag-caceres","14":"tag-design","15":"tag-diputacion-de-caceres","16":"tag-discapacidad","17":"tag-diseno","18":"tag-entertainment","19":"tag-entretenimiento","20":"tag-es","21":"tag-espana","22":"tag-fotografia","23":"tag-guayasamin","24":"tag-museo","25":"tag-provincia-de-caceres","26":"tag-spain","27":"tag-universal"},"share_on_mastodon":{"url":"https:\/\/pubeurope.com\/@es\/115734727143341693","error":""},"_links":{"self":[{"href":"https:\/\/www.europesays.com\/es\/wp-json\/wp\/v2\/posts\/292731","targetHints":{"allow":["GET"]}}],"collection":[{"href":"https:\/\/www.europesays.com\/es\/wp-json\/wp\/v2\/posts"}],"about":[{"href":"https:\/\/www.europesays.com\/es\/wp-json\/wp\/v2\/types\/post"}],"author":[{"embeddable":true,"href":"https:\/\/www.europesays.com\/es\/wp-json\/wp\/v2\/users\/2"}],"replies":[{"embeddable":true,"href":"https:\/\/www.europesays.com\/es\/wp-json\/wp\/v2\/comments?post=292731"}],"version-history":[{"count":0,"href":"https:\/\/www.europesays.com\/es\/wp-json\/wp\/v2\/posts\/292731\/revisions"}],"wp:featuredmedia":[{"embeddable":true,"href":"https:\/\/www.europesays.com\/es\/wp-json\/wp\/v2\/media\/292732"}],"wp:attachment":[{"href":"https:\/\/www.europesays.com\/es\/wp-json\/wp\/v2\/media?parent=292731"}],"wp:term":[{"taxonomy":"category","embeddable":true,"href":"https:\/\/www.europesays.com\/es\/wp-json\/wp\/v2\/categories?post=292731"},{"taxonomy":"post_tag","embeddable":true,"href":"https:\/\/www.europesays.com\/es\/wp-json\/wp\/v2\/tags?post=292731"}],"curies":[{"name":"wp","href":"https:\/\/api.w.org\/{rel}","templated":true}]}}