{"id":292752,"date":"2025-12-17T11:57:14","date_gmt":"2025-12-17T11:57:14","guid":{"rendered":"https:\/\/www.europesays.com\/es\/292752\/"},"modified":"2025-12-17T11:57:14","modified_gmt":"2025-12-17T11:57:14","slug":"el-pga-tour-nuevamente-en-los-planes-de-alejandro-tosti","status":"publish","type":"post","link":"https:\/\/www.europesays.com\/es\/292752\/","title":{"rendered":"\u00a1El PGA TOUR nuevamente en los planes de Alejandro Tosti!"},"content":{"rendered":"<p>&#13;<br \/>\n\t\t\t\t\t\t\t&#13;<br \/>\n&#13;<br \/>\n\t\t\t\t&#13;<\/p>\n<p>El Profesional de Argentina asegur\u00f3 su regreso al PGA TOUR luego de finalizar entre los cinco mejores de la Final de la Q School que finaliz\u00f3 este domingo en el TPC Sawgrass. Por su parte,  Vicente Marzilio logr\u00f3 clasificar al Korn Ferry Tour.<\/p>\n<p> &#13;<br \/>\n\t\t\t&#13;<\/p>\n<p class=\"post-meta\">&#13;<br \/>\n\t&#13;<br \/>\n\t\t&#13;<br \/>\n\t2 d\u00edas antes\t&#13;<br \/>\n\t&#13;<br \/>\n996 Vistas <\/p>\n<p><img fetchpriority=\"high\" decoding=\"async\" class=\"size-full wp-image-117969\" src=\"https:\/\/www.europesays.com\/es\/wp-content\/uploads\/2025\/12\/Grande_AT-copia-2.jpeg\" alt=\"\" width=\"2000\" height=\"1003\"  \/><\/p>\n<p style=\"font-weight: 400;\">El rosarino de 29 a\u00f1os mostr\u00f3 solidez, car\u00e1cter y un alto nivel de juego para ubicarse en el segundo lugar en la competencia que se disput\u00f3, lo que le garantiz\u00f3 la tarjeta del PGA TOUR para la pr\u00f3xima temporada. Con rondas de 69, 67, 65 y 67 el argentino se qued\u00f3 con una de las cinco plazas. Las otras cuatro fueron para el colombiano Marcelo Rozo, los canadienses E.J. Ewart y Adam Svensson y el estadounidense Dylan Wu.<\/p>\n<p style=\"font-weight: 400;\">\u00abEs una alegr\u00eda tener una nueva chance. Jugar por tercera vez los campos del PGA TOUR ya es una ventaja y ojal\u00e1 la pueda aprovechar. Espero saber manejarme mejor esta vez\u00bb, dijo quien hab\u00eda quedado en el puesto 137 de la FedEx Cup luego de tener dos top-5 al comienzo de temporada, pero que entr\u00f3 en un pozo en la segunda mitad del a\u00f1o.<\/p>\n<p style=\"font-weight: 400;\">Por otra parte, Vicente Marzilio, completando su primer a\u00f1o como Profesional termin\u00f3 en el puesto 34 y consigui\u00f3 su lugar en el Korn Ferry Tour, el segundo Tour en importancia.<\/p>\n<p><a style=\"color: #000000;\" href=\"https:\/\/www.pgatour.com\/tournaments\/2025\/pga-tour-q-school-presented-by-korn-ferry\/R2025088\/leaderboard\" target=\"_blank\" rel=\"noopener nofollow\"><strong>Posiciones finales<\/strong><\/a><\/p>\n<p>\t\t\t\t\t\t\t\t2025-12-15<\/p>\n<p>\t\t\t&#13;<\/p>\n","protected":false},"excerpt":{"rendered":"&#13; &#13; &#13; &#13; El Profesional de Argentina asegur\u00f3 su regreso al PGA TOUR luego de finalizar entre&hellip;\n","protected":false},"author":2,"featured_media":292753,"comment_status":"","ping_status":"","sticky":false,"template":"","format":"standard","meta":{"footnotes":""},"categories":[275],"tags":[168,25,24,329,23,167],"class_list":{"0":"post-292752","1":"post","2":"type-post","3":"status-publish","4":"format-standard","5":"has-post-thumbnail","7":"category-golf","8":"tag-deportes","9":"tag-es","10":"tag-espana","11":"tag-golf","12":"tag-spain","13":"tag-sports"},"share_on_mastodon":{"url":"https:\/\/pubeurope.com\/@es\/115734790404063119","error":""},"_links":{"self":[{"href":"https:\/\/www.europesays.com\/es\/wp-json\/wp\/v2\/posts\/292752","targetHints":{"allow":["GET"]}}],"collection":[{"href":"https:\/\/www.europesays.com\/es\/wp-json\/wp\/v2\/posts"}],"about":[{"href":"https:\/\/www.europesays.com\/es\/wp-json\/wp\/v2\/types\/post"}],"author":[{"embeddable":true,"href":"https:\/\/www.europesays.com\/es\/wp-json\/wp\/v2\/users\/2"}],"replies":[{"embeddable":true,"href":"https:\/\/www.europesays.com\/es\/wp-json\/wp\/v2\/comments?post=292752"}],"version-history":[{"count":0,"href":"https:\/\/www.europesays.com\/es\/wp-json\/wp\/v2\/posts\/292752\/revisions"}],"wp:featuredmedia":[{"embeddable":true,"href":"https:\/\/www.europesays.com\/es\/wp-json\/wp\/v2\/media\/292753"}],"wp:attachment":[{"href":"https:\/\/www.europesays.com\/es\/wp-json\/wp\/v2\/media?parent=292752"}],"wp:term":[{"taxonomy":"category","embeddable":true,"href":"https:\/\/www.europesays.com\/es\/wp-json\/wp\/v2\/categories?post=292752"},{"taxonomy":"post_tag","embeddable":true,"href":"https:\/\/www.europesays.com\/es\/wp-json\/wp\/v2\/tags?post=292752"}],"curies":[{"name":"wp","href":"https:\/\/api.w.org\/{rel}","templated":true}]}}