{"id":292758,"date":"2025-12-17T12:02:08","date_gmt":"2025-12-17T12:02:08","guid":{"rendered":"https:\/\/www.europesays.com\/es\/292758\/"},"modified":"2025-12-17T12:02:08","modified_gmt":"2025-12-17T12:02:08","slug":"ya-hay-fecha-y-lugar-para-la-finalissima","status":"publish","type":"post","link":"https:\/\/www.europesays.com\/es\/292758\/","title":{"rendered":"Ya hay fecha y lugar para la Final\u00edssima"},"content":{"rendered":"<p data-gtm-element-container=\"modulo-texto-link\" class=\"paragraph\">Ya hay fecha exacta y lugar para la disputa de la <strong>Final\u00edssima<\/strong> entre <strong>Espa\u00f1a<\/strong> y <strong>Argentina<\/strong>. Lo normal es que sea a lo largo del d\u00eda de hoy o en los pr\u00f3ximos d\u00edas cuando la <strong>RFEF<\/strong> y la <strong>AFA,<\/strong>\u00a0en coordinaci\u00f3n con la <strong>UEFA<\/strong> y la <strong>CONMEBOL,<\/strong>\u00a0anuncien este choque in\u00e9dito por el que llevan trabajando de manera intensa estas \u00faltimas semanas.<\/p>\n<p data-gtm-element-container=\"modulo-texto-link\" class=\"paragraph\">Ser\u00e1 el viernes 27 de marzo de 2026 y finalmente en<strong> Doha (Qatar<\/strong>) donde se enfrenten las dos selecciones. Por un lado, <strong>Espa\u00f1a<\/strong> como vigente campeona de la pasada <strong>Eurocopa<\/strong> celebrada en <strong>Alemania<\/strong> y donde la selecci\u00f3n de <strong>Luis de la Fuent<\/strong>e realiz\u00f3 un torneo inmaculado. Y por otro lado, <strong>Argentina<\/strong> como campeona tambi\u00e9n de la \u00faltima Copa Am\u00e9rica disputada en Estados Unidos y tras imponerse a Colombia en la final. La albiceleste acude adem\u00e1s como vigente campeona del mundo tras levantar el trofeo en la \u00faltima cita mundialista celebrada precisamente en <strong>Qatar<\/strong>.<\/p>\n<p data-gtm-element-container=\"modulo-texto-link\" class=\"paragraph\">Un duelo que puede ser el aperitivo de la gran final del Mundial del pr\u00f3ximo verano en <strong>Estados Unidos, M\u00e9xico y Canad\u00e1<\/strong>. Pero incluso podr\u00edamos verlo antes en dieciseisavos de final si las dos no quedan primeras de sus respectivos grupos.\u00a0<\/p>\n<p>    Lee tambi\u00e9n<\/p>\n<p data-gtm-element-container=\"modulo-texto-link\" class=\"paragraph\">Curiosamente, adem\u00e1s se enfrentan dos grandes amigos en los banquillos, <strong>Luis de la Fuente<\/strong> y <strong>Lionel Scaloni<\/strong>. El riojano fue profesor del argentino en el curso de la Ciudad del F\u00fatbol donde el actual seleccionador de la albiceleste logr\u00f3 el t\u00edtulo de UEFA PRO.\u00a0<\/p>\n","protected":false},"excerpt":{"rendered":"Ya hay fecha exacta y lugar para la disputa de la Final\u00edssima entre Espa\u00f1a y Argentina. Lo normal&hellip;\n","protected":false},"author":2,"featured_media":292759,"comment_status":"","ping_status":"","sticky":false,"template":"","format":"standard","meta":{"footnotes":""},"categories":[268],"tags":[168,25,24,280,282,281,23,167],"class_list":{"0":"post-292758","1":"post","2":"type-post","3":"status-publish","4":"format-standard","5":"has-post-thumbnail","7":"category-futbol","8":"tag-deportes","9":"tag-es","10":"tag-espana","11":"tag-football","12":"tag-futbol","13":"tag-soccer","14":"tag-spain","15":"tag-sports"},"share_on_mastodon":{"url":"https:\/\/pubeurope.com\/@es\/115734809478314285","error":""},"_links":{"self":[{"href":"https:\/\/www.europesays.com\/es\/wp-json\/wp\/v2\/posts\/292758","targetHints":{"allow":["GET"]}}],"collection":[{"href":"https:\/\/www.europesays.com\/es\/wp-json\/wp\/v2\/posts"}],"about":[{"href":"https:\/\/www.europesays.com\/es\/wp-json\/wp\/v2\/types\/post"}],"author":[{"embeddable":true,"href":"https:\/\/www.europesays.com\/es\/wp-json\/wp\/v2\/users\/2"}],"replies":[{"embeddable":true,"href":"https:\/\/www.europesays.com\/es\/wp-json\/wp\/v2\/comments?post=292758"}],"version-history":[{"count":0,"href":"https:\/\/www.europesays.com\/es\/wp-json\/wp\/v2\/posts\/292758\/revisions"}],"wp:featuredmedia":[{"embeddable":true,"href":"https:\/\/www.europesays.com\/es\/wp-json\/wp\/v2\/media\/292759"}],"wp:attachment":[{"href":"https:\/\/www.europesays.com\/es\/wp-json\/wp\/v2\/media?parent=292758"}],"wp:term":[{"taxonomy":"category","embeddable":true,"href":"https:\/\/www.europesays.com\/es\/wp-json\/wp\/v2\/categories?post=292758"},{"taxonomy":"post_tag","embeddable":true,"href":"https:\/\/www.europesays.com\/es\/wp-json\/wp\/v2\/tags?post=292758"}],"curies":[{"name":"wp","href":"https:\/\/api.w.org\/{rel}","templated":true}]}}