{"id":292762,"date":"2025-12-17T12:04:09","date_gmt":"2025-12-17T12:04:09","guid":{"rendered":"https:\/\/www.europesays.com\/es\/292762\/"},"modified":"2025-12-17T12:04:09","modified_gmt":"2025-12-17T12:04:09","slug":"mural-en-salamanca-un-hombre-se-reencuentra-con-su-infancia-salamancartv-al-dia","status":"publish","type":"post","link":"https:\/\/www.europesays.com\/es\/292762\/","title":{"rendered":"Mural en Salamanca: un hombre se reencuentra con su infancia &#8211; SALAMANCArtv AL D\u00cdA"},"content":{"rendered":"<p class=\"prip\">Las calles de <strong>Salamanca<\/strong> se han convertido en el escenario de una <strong>historia personal<\/strong> que trasciende lo meramente est\u00e9tico para adentrarse en el terreno de la <strong>memoria<\/strong> y la <strong>introspecci\u00f3n<\/strong>. Ander Arteagabeitia, el influencer conocido en instagram como<a href=\"https:\/\/www.instagram.com\/anderarteagabeitia?igsh=MWNlYTBiMmZibGFjbQ==\" target=\"_blank\" rel=\"noopener  noreferrer nofollow\" title=\"Ir a: https:\/\/www.instagram.com\/anderarteagabeitia?igsh=MWNlYTBiMmZibGFjbQ==\">@anderarteagabeitia<\/a><strong>,<\/strong> ha compartido recientemente su experiencia al verse as\u00ed mismo retratado en una pared de la capital del Tormes, una obra que reproduce su imagen durante su ni\u00f1ez.<\/p>\n<p>La obra, un mural en el barrio del Oeste, es de la autor\u00eda de<a href=\"https:\/\/www.instagram.com\/redondo_22?igsh=MTZhcjhzZGg5bHAwMQ==\" target=\"_blank\" rel=\"noopener  noreferrer nofollow\" title=\"Ir a: https:\/\/www.instagram.com\/redondo_22?igsh=MTZhcjhzZGg5bHAwMQ==\">@redondo_22<\/a>. Fue realizada en Mayo de 2022 para el concurso de la Galer\u00eda Urbana del Barrio del Oeste que organiza ZOES. Una vez terminada la obra, el propio artista public\u00f3 en su perfil de Instagram el resultado con las siguientes palabras de agradecimiento: \u00abUn placer coincidir con grandes artistas y con tanta gente que apuesta, mueve y disfruta con el arte urbano\u00bb, con respecto a la organizaci\u00f3n. Del mismo modo \u00abgracias siempre a Ander por todo\u00bb.<\/p>\n<p>Ubicada en la calle Valle Incl\u00e1n, el gesto art\u00edstico ha servido como detonante para que el retratado inicie un di\u00e1logo p\u00fablico con su pasado, articulando una reflexi\u00f3n sobre el <strong>crecimiento<\/strong>, la <strong>incertidumbre<\/strong> y la <strong>gratitud<\/strong> vital que ha conectado con numerosos internautas desde su publicaci\u00f3n el pasado <strong>1 de diciembre<\/strong>.<\/p>\n<p><img loading=\"lazy\" decoding=\"async\" class=\"tinymceimage\"   width=\"714\" height=\"507\" src=\"https:\/\/www.europesays.com\/es\/wp-content\/uploads\/2025\/12\/Captura-de-pantalla-2025-12-15-095117.png\" alt=\"&quot;Ser\u00e1s muy afortunado solo por estar aqu\u00ed&quot;: el mensaje de Ander Arteagabeitia a s\u00ed mismo tras verse retratado de ni\u00f1o en un mural de Salamanca  | Imagen 1\"\/><\/p>\n<p>Fotograf\u00eda real en color, y mural realizado en blanco y negro <\/p>\n<p>Un di\u00e1logo a trav\u00e9s del tiempo<\/p>\n<p>La visi\u00f3n de su propia imagen infantil plasmada en el entorno urbano ha llevado al protagonista a redactar un mensaje dirigido directamente a ese ni\u00f1o del mural y que ha hecho publico en sus redes sociales. El joven, es un influencer que a trav\u00e9s de sus redes sociales comparte historias personales que muestran su resiliencia y determinaci\u00f3n, ya que su vida vid\u00f3 un cambio radical hace a\u00f1os.<\/p>\n<p>Fue <strong>canterano del Athletic Club<\/strong>, se tir\u00f3 de cabeza a la piscina y <strong>sufri\u00f3 una tetraplejia<\/strong> que le acompa\u00f1a y le alej\u00f3 de su futuro profesional en el mundo del deporte. Ahora, al ver la imagen de \u00e9l de ni\u00f1o y sabiendo por lo que ha pasado, acompa\u00f1a las im\u00e1genes con unas palabras que marcan.<\/p>\n<p>\u00abSi pudiera hablarle hoy, le dir\u00eda esto: <strong>Aprovecha. Disfruta. Haz lo que te d\u00e9 la gana<\/strong>. La vida va a cambiar, y ni te imaginas c\u00f3mo\u00bb, escribe en su perfil social. La reflexi\u00f3n aborda la inevitabilidad del cambio y los desaf\u00edos que presenta el futuro, ofreciendo una perspectiva tranquilizadora a su versi\u00f3n m\u00e1s joven.<\/p>\n<p>En su escrito, hace hincapi\u00e9 en la resiliencia ante las adversidades. \u00abNo tengas miedo, incluso en los <strong>giros m\u00e1s inesperados<\/strong> vas a encontrar fuerza, sentido y prop\u00f3sito\u00bb, asegura, estableciendo un puente emocional entre la inocencia del retrato y la madurez del presente.<\/p>\n<p>M\u00e1s all\u00e1 del consejo, la publicaci\u00f3n destaca por su reivindicaci\u00f3n del momento actual. El protagonista agradece p\u00fablicamente a su amigo el haberle \u00abpintado en una de las calles de Salamanca\u00bb, un hecho que ha propiciado esta puesta en valor de la propia trayectoria vital.<\/p>\n<p><img loading=\"lazy\" decoding=\"async\" class=\"tinymceimage\"   width=\"355\" height=\"434\" src=\"https:\/\/www.europesays.com\/es\/wp-content\/uploads\/2025\/12\/WhatsApp-Image-2025-12-15-at-09-47-31.jpg\" alt=\"&quot;Ser\u00e1s muy afortunado solo por estar aqu\u00ed&quot;: el mensaje de Ander Arteagabeitia a s\u00ed mismo tras verse retratado de ni\u00f1o en un mural de Salamanca  | Imagen 2\"\/><\/p>\n<p>El mensaje concluye con una nota de optimismo y plenitud, conectando las vivencias recientes con la figura del ni\u00f1o pintado. \u00abDisfruta de cada momento que la vida te ofrezca, porque ser\u00e1s muy afortunado s\u00f3lo por estar aqu\u00ed y poder contarlo\u00bb, se\u00f1ala el texto, antes de referirse a un fin de semana reciente calificado como \u00abespectacular\u00bb.<\/p>\n<p>Seg\u00fan relata el propio Ander, se trata de experiencias que, \u00absi se lo contara a ese ni\u00f1o del mural, <strong>abrir\u00eda los ojos como platos y sonreir\u00eda<\/strong>\u00ab, cerrando as\u00ed el c\u00edrculo de este particular reencuentro entre el adulto y el ni\u00f1o a trav\u00e9s del arte urbano salmantino.<\/p>\n<p>FOTOS: Perfil de Instagram de @anderarteagabeitia<\/p>\n<p><script async src=\"\/\/www.instagram.com\/embed.js\"><\/script><\/p>\n","protected":false},"excerpt":{"rendered":"Las calles de Salamanca se han convertido en el escenario de una historia personal que trasciende lo meramente&hellip;\n","protected":false},"author":2,"featured_media":292763,"comment_status":"","ping_status":"","sticky":false,"template":"","format":"standard","meta":{"footnotes":""},"categories":[173],"tags":[229,233,231,230,232,234,437,146,147,25,24,4536,3614,23,70052],"class_list":{"0":"post-292762","1":"post","2":"type-post","3":"status-publish","4":"format-standard","5":"has-post-thumbnail","7":"category-arte-y-diseno","8":"tag-arte","9":"tag-arte-y-diseno","10":"tag-arts","11":"tag-arts-and-design","12":"tag-design","13":"tag-diseno","14":"tag-encuentro","15":"tag-entertainment","16":"tag-entretenimiento","17":"tag-es","18":"tag-espana","19":"tag-instagram","20":"tag-salamanca","21":"tag-spain","22":"tag-zoes"},"share_on_mastodon":{"url":"https:\/\/pubeurope.com\/@es\/115734817644514179","error":""},"_links":{"self":[{"href":"https:\/\/www.europesays.com\/es\/wp-json\/wp\/v2\/posts\/292762","targetHints":{"allow":["GET"]}}],"collection":[{"href":"https:\/\/www.europesays.com\/es\/wp-json\/wp\/v2\/posts"}],"about":[{"href":"https:\/\/www.europesays.com\/es\/wp-json\/wp\/v2\/types\/post"}],"author":[{"embeddable":true,"href":"https:\/\/www.europesays.com\/es\/wp-json\/wp\/v2\/users\/2"}],"replies":[{"embeddable":true,"href":"https:\/\/www.europesays.com\/es\/wp-json\/wp\/v2\/comments?post=292762"}],"version-history":[{"count":0,"href":"https:\/\/www.europesays.com\/es\/wp-json\/wp\/v2\/posts\/292762\/revisions"}],"wp:featuredmedia":[{"embeddable":true,"href":"https:\/\/www.europesays.com\/es\/wp-json\/wp\/v2\/media\/292763"}],"wp:attachment":[{"href":"https:\/\/www.europesays.com\/es\/wp-json\/wp\/v2\/media?parent=292762"}],"wp:term":[{"taxonomy":"category","embeddable":true,"href":"https:\/\/www.europesays.com\/es\/wp-json\/wp\/v2\/categories?post=292762"},{"taxonomy":"post_tag","embeddable":true,"href":"https:\/\/www.europesays.com\/es\/wp-json\/wp\/v2\/tags?post=292762"}],"curies":[{"name":"wp","href":"https:\/\/api.w.org\/{rel}","templated":true}]}}