{"id":292766,"date":"2025-12-17T12:07:28","date_gmt":"2025-12-17T12:07:28","guid":{"rendered":"https:\/\/www.europesays.com\/es\/292766\/"},"modified":"2025-12-17T12:07:28","modified_gmt":"2025-12-17T12:07:28","slug":"manowar-confirma-dos-show-en-espana-en-marzo-de-2027","status":"publish","type":"post","link":"https:\/\/www.europesays.com\/es\/292766\/","title":{"rendered":"MANOWAR confirma dos show en Espa\u00f1a en marzo de 2027"},"content":{"rendered":"<p>\u00a0<\/p>\n<p><img fetchpriority=\"high\" decoding=\"async\" src=\"https:\/\/www.europesays.com\/es\/wp-content\/uploads\/2025\/12\/ManowarTour2027_5oox267.jpg\" alt=\"MANOWAR\" width=\"500\" height=\"267\"\/><br \/>\n<strong>MANOWAR confirma dos show en Espa\u00f1a en marzo de 2027<\/strong><\/p>\n<p>Esta es la nota oficial, con los detalles:<\/p>\n<p>En Marzo 2025, <strong>MANOWAR<\/strong> hizo temblar la tierra durante el Festival Kingdom of Rock en Pamplona, Espa\u00f1a. Fans de todo el pa\u00eds pidieron m\u00e1s, \u00a1y m\u00e1s tendr\u00e1n!<\/p>\n<p><strong>MANOWAR<\/strong> volver\u00e1n a Espa\u00f1a en 2027 con su KINGS OF METAL FIGHTING THE WORLD TOUR 2027 para dos shows exclusivos en arenas \u00a0que redefinir\u00e1n los fundamentos del true metal una vez m\u00e1s!<\/p>\n<p>Las entradas se pondr\u00e1n a la venta el Viernes 19 de Diciembre a las 10h de la ma\u00f1ana en\u00a0<a href=\"http:\/\/inoutproduccciones.com\/\" target=\"_blank\" rel=\"noreferrer noopener nofollow\">Inoutproduccciones.com<\/a>.<\/p>\n<p><img loading=\"lazy\" decoding=\"async\" src=\"https:\/\/www.europesays.com\/es\/wp-content\/uploads\/2025\/12\/cartel2027.jpg\" alt=\"MMANOWAR\" width=\"500\" height=\"704\"\/><\/p>\n<p>Interpretando dos \u00e1lbumes hist\u00f3ricos diferentes en dos noches diferentes<\/p>\n<p>Fechas confirmadas:<\/p>\n<p>MADRID \u2013 JUEVES, \u00a018 DE MARZO 2027 PALACIO VISTALEGRE<br \/>MANOWAR interpretar\u00e1n \u00edntegramente el disco \u00abKINGS OF METAL\u00bb y otros himnos de metal inmortales<\/p>\n<p>BARCELONA \u2013 S\u00c1BADO, 20 DE MARZO \u00a02027 \u00a0OLIMPIC ARENA BADALONA<br \/>MANOWAR interpretar\u00e1n \u00edntegramente el disco \u00a0\u00abFIGHTING THE WORLD\u00bb y otros himnos de metal inmortales<\/p>\n<p>Como homenaje especial a su Army Of Immortals, MANOWAR interpretar\u00e1 y dedicar\u00e1 el himno que une a todos los Manowarriors espa\u00f1oles, \u00abCarry On\u00bb, en ambos shows.<\/p>\n<p>Thu, Mar 18, 2027 \u2013 Madrid, Spain \u2013 Palacio Vistalegre*<\/p>\n<p>Sat, Mar 20, 2027 \u2013 Barcelona, Spain \u2013 \u00a0Ol\u00edmpic Arena Badalona**<\/p>\n<p>* = Kings Of Metal (album completo) + m\u00e1s himnos de metal<br \/>** = Fighting The World (album completo) + m\u00e1s himnos de metal<\/p>\n<p>\u00a0<\/p>\n<p>\u00a0<\/p>\n","protected":false},"excerpt":{"rendered":"\u00a0 MANOWAR confirma dos show en Espa\u00f1a en marzo de 2027 Esta es la nota oficial, con los&hellip;\n","protected":false},"author":2,"featured_media":292767,"comment_status":"","ping_status":"","sticky":false,"template":"","format":"standard","meta":{"footnotes":""},"categories":[170],"tags":[146,147,25,24,53107,184,185,23],"class_list":{"0":"post-292766","1":"post","2":"type-post","3":"status-publish","4":"format-standard","5":"has-post-thumbnail","7":"category-musica","8":"tag-entertainment","9":"tag-entretenimiento","10":"tag-es","11":"tag-espana","12":"tag-manowar","13":"tag-music","14":"tag-musica","15":"tag-spain"},"share_on_mastodon":{"url":"https:\/\/pubeurope.com\/@es\/115734829580705041","error":""},"_links":{"self":[{"href":"https:\/\/www.europesays.com\/es\/wp-json\/wp\/v2\/posts\/292766","targetHints":{"allow":["GET"]}}],"collection":[{"href":"https:\/\/www.europesays.com\/es\/wp-json\/wp\/v2\/posts"}],"about":[{"href":"https:\/\/www.europesays.com\/es\/wp-json\/wp\/v2\/types\/post"}],"author":[{"embeddable":true,"href":"https:\/\/www.europesays.com\/es\/wp-json\/wp\/v2\/users\/2"}],"replies":[{"embeddable":true,"href":"https:\/\/www.europesays.com\/es\/wp-json\/wp\/v2\/comments?post=292766"}],"version-history":[{"count":0,"href":"https:\/\/www.europesays.com\/es\/wp-json\/wp\/v2\/posts\/292766\/revisions"}],"wp:featuredmedia":[{"embeddable":true,"href":"https:\/\/www.europesays.com\/es\/wp-json\/wp\/v2\/media\/292767"}],"wp:attachment":[{"href":"https:\/\/www.europesays.com\/es\/wp-json\/wp\/v2\/media?parent=292766"}],"wp:term":[{"taxonomy":"category","embeddable":true,"href":"https:\/\/www.europesays.com\/es\/wp-json\/wp\/v2\/categories?post=292766"},{"taxonomy":"post_tag","embeddable":true,"href":"https:\/\/www.europesays.com\/es\/wp-json\/wp\/v2\/tags?post=292766"}],"curies":[{"name":"wp","href":"https:\/\/api.w.org\/{rel}","templated":true}]}}