{"id":292776,"date":"2025-12-17T12:12:09","date_gmt":"2025-12-17T12:12:09","guid":{"rendered":"https:\/\/www.europesays.com\/es\/292776\/"},"modified":"2025-12-17T12:12:09","modified_gmt":"2025-12-17T12:12:09","slug":"la-manicura-diamante-de-demi-lovato-es-el-epitome-de-la-elegancia-navidena","status":"publish","type":"post","link":"https:\/\/www.europesays.com\/es\/292776\/","title":{"rendered":"La manicura Diamant\u00e9 de Demi Lovato es el ep\u00edtome de la elegancia navide\u00f1a"},"content":{"rendered":"<p>Si no te decides a probar una manicura navide\u00f1a, lo entiendo. Por muy divertidos y festivos que sean, algunos dise\u00f1os pueden parecer un poco infantiles, chillones o cursis. Tienes una reputaci\u00f3n sofisticada que mantener. Pero <a href=\"https:\/\/www.glamour.es\/tags\/demi-lovato\" isautogenerated=\"true\" rel=\"nofollow noopener\" target=\"_blank\"><strong>Demi Lovato<\/strong><\/a> acaba de demostrar que se pueden llevar brillos esta temporada sin sacrificar la elegancia.<\/p>\n<p>La artista de <a href=\"https:\/\/www.glamour.es\/tags\/unas\" isautogenerated=\"true\" rel=\"nofollow noopener\" target=\"_blank\">u\u00f1as<\/a> <a data-offer-url=\"https:\/\/www.instagram.com\/natalieminervanails\/\" class=\"external-link\" data-event-click=\"{&quot;element&quot;:&quot;ExternalLink&quot;,&quot;outgoingURL&quot;:&quot;https:\/\/www.instagram.com\/natalieminervanails\/&quot;}\" href=\"https:\/\/www.instagram.com\/natalieminervanails\/\" rel=\"nofollow noopener\" target=\"_blank\">Natalie Minerva<\/a> comparti\u00f3 un <a data-offer-url=\"https:\/\/www.instagram.com\/p\/DSTX8rzEpF7\/?img_index=1\" class=\"external-link\" data-event-click=\"{&quot;element&quot;:&quot;ExternalLink&quot;,&quot;outgoingURL&quot;:&quot;https:\/\/www.instagram.com\/p\/DSTX8rzEpF7\/?img_index=1&quot;}\" href=\"https:\/\/www.instagram.com\/p\/DSTX8rzEpF7\/?img_index=1\" rel=\"nofollow noopener\" target=\"_blank\">carrusel de fotos<\/a> en Instagram en las que aparec\u00eda su clienta, Lovato, luciendo su \u00faltima creaci\u00f3n: una manicura realmente encantadora e innovadora y deslumbrante, que quedar\u00eda bien en cualquier ocasi\u00f3n especial, desde una boda hasta la fiesta navide\u00f1a m\u00e1s esperada del a\u00f1o.<\/p>\n<p>Los primeros planos de las manos de la poderosa cantante revelan que lleva un esmalte nude claro, de tono rosado, en unas u\u00f1as con forma de ata\u00fad. Para realzar el look, Minerva deline\u00f3 cada u\u00f1a con la m\u00e1s diminuta de las piedras de brillo. (\u00daltimamente, a la artista de u\u00f1as le encanta el look delineado, y <a data-offer-url=\"https:\/\/www.instagram.com\/p\/DRU2WXtiY9n\/?img_index=1\" class=\"external-link\" data-event-click=\"{&quot;element&quot;:&quot;ExternalLink&quot;,&quot;outgoingURL&quot;:&quot;https:\/\/www.instagram.com\/p\/DRU2WXtiY9n\/?img_index=1&quot;}\" href=\"https:\/\/www.instagram.com\/p\/DRU2WXtiY9n\/?img_index=1\" rel=\"nofollow noopener\" target=\"_blank\">hace poco public\u00f3<\/a> una manicura con delineado de alto contraste que le hizo a Emma Chamberlain).<\/p>\n<p><img decoding=\"async\" alt=\"Demi Lovato's hands wearing a rhinestoneoutlined manicure\" loading=\"lazy\" class=\"ResponsiveImageContainer-eNxvmU cfBbTk responsive-image__image\"   src=\"https:\/\/www.europesays.com\/es\/wp-content\/uploads\/2025\/12\/demi%20lovato%20diamante%20nails.png\"\/><\/p>\n<p>Photo: Natalie Minerva<\/p>\n<p>Y lo creas o no, Minerva s\u00f3lo tard\u00f3 unos 45 minutos en completar lo que parece un proceso minucioso. Pero eso, seg\u00fan cuenta a Allure, se debe a que aplic\u00f3 el color &#8211;<a href=\"https:\/\/www.glamour.es\/tags\/opi\" isautogenerated=\"true\" rel=\"nofollow noopener\" target=\"_blank\">OPI<\/a> <a data-offer-url=\"https:\/\/www.opi.com\/es-ES\/products\/nail-lacquer-flannel-aerobics?objectID=50067513245982&amp;queryID=82f233e0ee32dfc764fdf5e5d6089bd9\" class=\"external-link\" data-event-click=\"{&quot;element&quot;:&quot;ExternalLink&quot;,&quot;outgoingURL&quot;:&quot;https:\/\/www.opi.com\/es-ES\/products\/nail-lacquer-flannel-aerobics?objectID=50067513245982&amp;queryID=82f233e0ee32dfc764fdf5e5d6089bd9&quot;}\" href=\"https:\/\/www.opi.com\/es-ES\/products\/nail-lacquer-flannel-aerobics?objectID=50067513245982&amp;queryID=82f233e0ee32dfc764fdf5e5d6089bd9\" rel=\"nofollow noopener\" target=\"_blank\">Bare My Soul<\/a>&#8211; dos d\u00edas antes de a\u00f1adir los brillos.<\/p>\n<p>Lo bonito de esta idea -adem\u00e1s de que es preciosa para cualquier evento imaginable- es que tambi\u00e9n funcionar\u00eda con cualquier color. \u00bfQuieres un rojo navide\u00f1o m\u00e1s cl\u00e1sico? \u00bfQuiz\u00e1 un azul escarchado? Sea cual sea el tono que quieras lucir el resto de diciembre, el \u00abcontorno de diamantes\u00bb, como lo llama Minerva, no har\u00e1 m\u00e1s que realzar el tono de esmalte que hayas elegido.<\/p>\n<p>Eso s\u00ed, aseg\u00farate de tener a mano algunas piedras de m\u00e1s y un poco de pegamento por si alguna de las piedras no llega a la cuenta atr\u00e1s de A\u00f1o Nuevo.<\/p>\n<p>Art\u00edculo originalmente publicado en <a href=\"https:\/\/www.allure.com\/story\/demi-lovato-diamante-outline-nails\" target=\"_blank\" rel=\"nofollow noopener\">Allure<\/a> adaptado por \u00c1ngela Belda.<\/p>\n<p><script async src=\"\/\/www.instagram.com\/embed.js\"><\/script><\/p>\n","protected":false},"excerpt":{"rendered":"Si no te decides a probar una manicura navide\u00f1a, lo entiendo. Por muy divertidos y festivos que sean,&hellip;\n","protected":false},"author":2,"featured_media":292777,"comment_status":"","ping_status":"","sticky":false,"template":"","format":"standard","meta":{"footnotes":""},"categories":[81],"tags":[3451,119,123,124,33065,25,24,117,121,122,23,118,120,8373],"class_list":{"0":"post-292776","1":"post","2":"type-post","3":"status-publish","4":"format-standard","5":"has-post-thumbnail","7":"category-ciencia-y-tecnologia","8":"tag-belleza","9":"tag-ciencia","10":"tag-ciencia-y-tecnologia","11":"tag-cienciaytecnologia","12":"tag-digital_syndication","13":"tag-es","14":"tag-espana","15":"tag-science","16":"tag-science-and-technology","17":"tag-scienceandtechnology","18":"tag-spain","19":"tag-technology","20":"tag-tecnologia","21":"tag-textaboveleftsmall"},"share_on_mastodon":{"url":"https:\/\/pubeurope.com\/@es\/115734849043468631","error":""},"_links":{"self":[{"href":"https:\/\/www.europesays.com\/es\/wp-json\/wp\/v2\/posts\/292776","targetHints":{"allow":["GET"]}}],"collection":[{"href":"https:\/\/www.europesays.com\/es\/wp-json\/wp\/v2\/posts"}],"about":[{"href":"https:\/\/www.europesays.com\/es\/wp-json\/wp\/v2\/types\/post"}],"author":[{"embeddable":true,"href":"https:\/\/www.europesays.com\/es\/wp-json\/wp\/v2\/users\/2"}],"replies":[{"embeddable":true,"href":"https:\/\/www.europesays.com\/es\/wp-json\/wp\/v2\/comments?post=292776"}],"version-history":[{"count":0,"href":"https:\/\/www.europesays.com\/es\/wp-json\/wp\/v2\/posts\/292776\/revisions"}],"wp:featuredmedia":[{"embeddable":true,"href":"https:\/\/www.europesays.com\/es\/wp-json\/wp\/v2\/media\/292777"}],"wp:attachment":[{"href":"https:\/\/www.europesays.com\/es\/wp-json\/wp\/v2\/media?parent=292776"}],"wp:term":[{"taxonomy":"category","embeddable":true,"href":"https:\/\/www.europesays.com\/es\/wp-json\/wp\/v2\/categories?post=292776"},{"taxonomy":"post_tag","embeddable":true,"href":"https:\/\/www.europesays.com\/es\/wp-json\/wp\/v2\/tags?post=292776"}],"curies":[{"name":"wp","href":"https:\/\/api.w.org\/{rel}","templated":true}]}}