{"id":292781,"date":"2025-12-17T12:15:21","date_gmt":"2025-12-17T12:15:21","guid":{"rendered":"https:\/\/www.europesays.com\/es\/292781\/"},"modified":"2025-12-17T12:15:21","modified_gmt":"2025-12-17T12:15:21","slug":"papa-noel-vuelve-a-elegir-gines-para-disfrutar-una-nueva-navidad-ayuntamiento-de-gines","status":"publish","type":"post","link":"https:\/\/www.europesays.com\/es\/292781\/","title":{"rendered":"Pap\u00e1 Noel vuelve a elegir Gines para disfrutar una nueva Navidad \u2013 Ayuntamiento de Gines"},"content":{"rendered":"<p>Acompa\u00f1ado de su m\u00e1gico ayudante Elfo, Santa Claus se instalar\u00e1 estos d\u00edas en la localidad, abriendo de par en par las puertas de su casa en el Parque Concejala Dolores Camino.<\/p>\n<p>Hasta este lugar podr\u00e1n acercarse de forma gratuita los ni\u00f1os y ni\u00f1as de Gines para conocerlo personalmente, conversar con \u00e9l y hacerle entrega de sus cartas con sus deseos para esta Navidad.<\/p>\n<p>La llegada de Pap\u00e1 Noel a Gines ser\u00e1 el este viernes 19 de diciembre a las 17:00 horas; momento en que empezar\u00e1 a recibir visitas en su singular casita.<\/p>\n<p>En este m\u00e1gico lugar, cuya entrada es libre, Santa recibir\u00e1 en persona a los visitantes que se acerquen para conocer su morada en Gines, que tendr\u00e1 sus puertas abiertas en el siguiente horario: 19 de diciembre (de 17:00 a 21:00 horas), 20 y 21 de diciembre (de 12:00 a 15:00 horas y de 17:00 a 21:00 horas), y 22 de diciembre (de 17:00 a 21:00 horas).<\/p>\n<p>Adem\u00e1s de las visitas, los asistentes disfrutar\u00e1n tambi\u00e9n de m\u00e1gicas nevadas.<\/p>\n<p><strong>El martes 23 regresa \u2018El Trineo de la Alegr\u00eda\u2019<\/strong><\/p>\n<p>(<a href=\"https:\/\/ayuntamientodegines.es\/wp-content\/uploads\/2025\/12\/MAPA-TRINEO-ALEGRIA-2025.pdf\" data-type=\"link\" data-id=\"https:\/\/ayuntamientodegines.es\/wp-content\/uploads\/2025\/12\/MAPA-TRINEO-ALEGRIA-2025.pdf\" rel=\"nofollow noopener\" target=\"_blank\">MAPA TRINEO DE LA ALEGR\u00cdA 2025<\/a>)<\/p>\n<p>Completando lo anterior y como la mejor antesala a la llegada del D\u00eda de Navidad, Pap\u00e1 Noel saldr\u00e1 de su casita el martes 23 para emprender un completo recorrido por las calles del municipio regalando sonrisas y derrochando ilusi\u00f3n a bordo de su espectacular Trineo de la Alegr\u00eda.<\/p>\n<p><img fetchpriority=\"high\" decoding=\"async\" width=\"566\" height=\"800\" src=\"https:\/\/www.europesays.com\/es\/wp-content\/uploads\/2025\/12\/CARTEL-TRINEO-ALEGRIA-2025-OK.jpg\" alt=\"\" class=\"wp-image-11140\"\/><\/p>\n<p>Tirado por renos de fantas\u00eda y conducido por su inseparable ayudante Elfo, el Trineo estar\u00e1 acompa\u00f1ado por una comitiva integrada por personajes navide\u00f1os, m\u00fasica, animaci\u00f3n e incluso nieve; todo para festejar a lo grande tan esperada visita.<\/p>\n<p>La salida ser\u00e1 a las 16:30 horas desde el Parque municipal Concejala Dolores Camino, continuando despu\u00e9s el trazado por las calles Hermanos Pinz\u00f3n, Col\u00f3n, Avda. San Jos\u00e9, calle del Aire, Plaza de la Arboledilla, calles Manuel de Falla, El Majuelo, Manuel Font de Anta, Avda. II Duque de Ahumada, calles Benito P\u00e9rez Gald\u00f3s, Antonio de Nebrija, Virgen del Valle, Plaza de Santa Rosal\u00eda, Avda. de la Constituci\u00f3n, Avda. de Europa, calles Haza de Liendo, Carlota Vega, El Cercado, El Ramal, Avda. de la Constituci\u00f3n, Paseo Juan de Dios Soto, calle Real, Plaza de Espa\u00f1a, calles Ntra. Sra. del Roc\u00edo, Col\u00f3n, Murillo, Plaza J. Manuel Fdez. L\u00f3pez, calles Romero Ressendi, Extremadura, Dolores Ib\u00e1rruri, Roc\u00edo Jurado, Mar\u00eda Galiana, Orden de Santiago, Camino de Belma y Hermanos Pinz\u00f3n, hasta entrar de nuevo en el parque y culminando la visita aproximadamente a las 20:30 horas con una gran nevada..<br \/>Con todo lo anterior, y bajo la denominaci\u00f3n \u2018Gines M\u00e1gico\u2019, la localidad Gines vuelve a vivir una Navidad donde la ilusi\u00f3n y la fantas\u00eda son las protagonistas.<\/p>\n<p><img loading=\"lazy\" decoding=\"async\" width=\"566\" height=\"800\" src=\"https:\/\/www.europesays.com\/es\/wp-content\/uploads\/2025\/12\/MAPA-TRINEO-ALEGRIA-2025-OK.jpg\" alt=\"\" class=\"wp-image-11141\"\/><\/p>\n","protected":false},"excerpt":{"rendered":"Acompa\u00f1ado de su m\u00e1gico ayudante Elfo, Santa Claus se instalar\u00e1 estos d\u00edas en la localidad, abriendo de par&hellip;\n","protected":false},"author":2,"featured_media":292782,"comment_status":"","ping_status":"","sticky":false,"template":"","format":"standard","meta":{"footnotes":""},"categories":[8],"tags":[17,18,25,24,13,14,11,19,20,9,10,15,16,23,12,21,22],"class_list":{"0":"post-292781","1":"post","2":"type-post","3":"status-publish","4":"format-standard","5":"has-post-thumbnail","7":"category-espana","8":"tag-breaking-news","9":"tag-breakingnews","10":"tag-es","11":"tag-espana","12":"tag-featured-news","13":"tag-featurednews","14":"tag-headlines","15":"tag-latest-news","16":"tag-latestnews","17":"tag-news","18":"tag-noticias","19":"tag-noticias-destacadas","20":"tag-noticiasdestacadas","21":"tag-spain","22":"tag-titulares","23":"tag-ultimas-noticias","24":"tag-ultimasnoticias"},"share_on_mastodon":{"url":"https:\/\/pubeurope.com\/@es\/115734861051325378","error":""},"_links":{"self":[{"href":"https:\/\/www.europesays.com\/es\/wp-json\/wp\/v2\/posts\/292781","targetHints":{"allow":["GET"]}}],"collection":[{"href":"https:\/\/www.europesays.com\/es\/wp-json\/wp\/v2\/posts"}],"about":[{"href":"https:\/\/www.europesays.com\/es\/wp-json\/wp\/v2\/types\/post"}],"author":[{"embeddable":true,"href":"https:\/\/www.europesays.com\/es\/wp-json\/wp\/v2\/users\/2"}],"replies":[{"embeddable":true,"href":"https:\/\/www.europesays.com\/es\/wp-json\/wp\/v2\/comments?post=292781"}],"version-history":[{"count":0,"href":"https:\/\/www.europesays.com\/es\/wp-json\/wp\/v2\/posts\/292781\/revisions"}],"wp:featuredmedia":[{"embeddable":true,"href":"https:\/\/www.europesays.com\/es\/wp-json\/wp\/v2\/media\/292782"}],"wp:attachment":[{"href":"https:\/\/www.europesays.com\/es\/wp-json\/wp\/v2\/media?parent=292781"}],"wp:term":[{"taxonomy":"category","embeddable":true,"href":"https:\/\/www.europesays.com\/es\/wp-json\/wp\/v2\/categories?post=292781"},{"taxonomy":"post_tag","embeddable":true,"href":"https:\/\/www.europesays.com\/es\/wp-json\/wp\/v2\/tags?post=292781"}],"curies":[{"name":"wp","href":"https:\/\/api.w.org\/{rel}","templated":true}]}}