{"id":292791,"date":"2025-12-17T12:27:10","date_gmt":"2025-12-17T12:27:10","guid":{"rendered":"https:\/\/www.europesays.com\/es\/292791\/"},"modified":"2025-12-17T12:27:10","modified_gmt":"2025-12-17T12:27:10","slug":"sandro-castro-no-se-calla-y-le-dice-a-samantha-espineira-deberias-pagarme-por-la-promocion-cibercuba","status":"publish","type":"post","link":"https:\/\/www.europesays.com\/es\/292791\/","title":{"rendered":"Sandro Castro no se calla y le dice a Samantha Espineira: &quot;Deber\u00edas pagarme por la promoci\u00f3n&quot; &#8211; CiberCuba"},"content":{"rendered":"<ol>\n<li><a href=\"https:\/\/news.google.com\/rss\/articles\/CBMiwwFBVV95cUxObGYzaGZZVk0wWnJ3OW82Zk9ZU200WjFTV21oS1hXQUZGY0lDRWd0T0hvS0E4NVNhcW5vdTZqNUdoQjJBenF5RkxvcGNqZmE1cVBCMHpfSEpkZ3RRQ1Z3djg1d011VE0ta3ctUnZUR01Ldm0tM1BYX3JmdWN6a28zYUpFRlJfV3hVSlViM2hIeG9mQjJkOVR2R1F5RW5ORnVKb0hIcW9lbmwyTk1yS1F0VzE1dHZ1RXpMbVBDSXJGWWhkYkU?oc=5\" target=\"_blank\" rel=\"nofollow noopener\">Sandro Castro no se calla y le dice a Samantha Espineira: \u00abDeber\u00edas pagarme por la promoci\u00f3n\u00bb<\/a>&nbsp;&nbsp;CiberCuba<\/li>\n<li><a href=\"https:\/\/news.google.com\/rss\/articles\/CBMingJBVV95cUxOUUhTNTMwc20xVnY1TjhWdklzaWpGbVkzQ0pjcGtVU0lyY1pnVVZyaGhQZkZXX05BcEo0RGFvZHpYLThrUUwxSWs2cGZXT1otNkdCOEVsODFnTmE2d2FDV0h2Vk1tUF9wcXBLMWFsX3ZlT005Z2VWUmVwb0pTLVhZc0tYRFlsX20tNFMwLWQ5bGhTS09fa1FRb3dLOGVEZzZmY09QX0FmZXhrVFI5cm9MNHc3TXlXZzlxOFloS3djUER3U25lVWFCM213eWdqSERqWmpMS2NDZ3RldlFXUDVQbWNRb0J0bndfZ3dLcWsxT1Qwd1hHSThSaml5eFJKSmQydWFibGUzUi1odWhnSll2cmQzRm5rWFE4OEoyVHp3?oc=5\" target=\"_blank\" rel=\"nofollow noopener\">Sandro Castro aviva la pol\u00e9mica con Samantha Espinera al reafirmar que si mantuvieron una relaci\u00f3n amorosa: \u201cLo de Samantha ocurri\u00f3 en a\u00f1os atr\u00e1s, antes de la pandemia\u00bb<\/a>&nbsp;&nbsp;Cuba en Miami<\/li>\n<li><a href=\"https:\/\/news.google.com\/rss\/articles\/CBMiwgFBVV95cUxPN1BBcl9UTGtyb19Dem9leDBKYmc4U2xUZ290NERTRzdrbDJlN2dKRWxfeDNmVTRBWWVlS1p3cG04eTRIYmZBNE8xckI1ZlNxeTVTRXoxWTNxOXlHcUxOMnVlYjdXX0tXekVuZmJLZkRUTzFrQTBmQzBJWUxKbXFMX3MtR3FmR3p1amVmdFJZOFY2cE5qdTVOLWlyOXkyVHRBc25PYU9yT05WQ3FtOHVBeDBUb0l0ZEREX0FScUpRa1hIQQ?oc=5\" target=\"_blank\" rel=\"nofollow noopener\">Caso Samantha Espineira\u2013Sandro Castro: misoginia con apellido y desprecio al dolor cubano<\/a>&nbsp;&nbsp;Cuballama<\/li>\n<li><a href=\"https:\/\/news.google.com\/rss\/articles\/CBMi2wFBVV95cUxPZ295bjdwcEkxSTVyNzVjVGM4X1p1cTVITXF1RVBMRTFvRGNpQ1g4bVRfMDFpeFJFYzFYWWV3Z2VvaEhqdWNya3NNWHZCRTBXZkhQdGdBcFVKOEJULVRkbF9sc0czVHJfbDZiN0VTd014dGpXN01qSEhmUzVuZldPSjFzaUloNUVXWDFZQ3hpOUFuV1VVbmk4WTBPSXo3emZhYmlsdEkxSF90NFRNVjA2NjdYWklxc1FaNDQ2RnNMWkhEZFlXVnNmTnBMRlg0aWhyOFRhSzc1dGxmYXPSAeABQVVfeXFMUGZmam1oMUxCRDBrY2Z0bGdxYTFNV211NDIzZXJ2Mlp3Z0FIMy0zYktfRW1jbHBSVTIxdnVnUHhRWkdLQS1rWU80cWFaS2xBTEFMQklrZzJ5T09kUVZGbzh2WUN1NmRRYk9XbE55VV9kcWNBYXBwaU9oTFBOUFdaZ25ZUW9fQUFIQXoyZ2hhQ3ZjQUh4aVIzTEk3eEdjN0RwRTF3Skw3empTRUM0N25YTEI2RnhXTFdaY0NscGNtSTU4T0h3dlNDNFp5TjIzQkFKRk5jY1hsaUk4elhNRTQ2TWo?oc=5\" target=\"_blank\" rel=\"nofollow noopener\">ESTALLA LA POL\u00c9MICA: Samantha Espineira desmiente a Sandro Castro tras insinuar que se acost\u00f3 con ella<\/a>&nbsp;&nbsp;Am\u00e9rica TeV\u00e9<\/li>\n<li><a href=\"https:\/\/news.google.com\/rss\/articles\/CBMipAFBVV95cUxQYkFyTjV1cW5uQjFJRVRUd2xKa2hhbVlXSHFSU0tQMXZJN1MzR1o5Wmp5Qnp4Mmg2Sy1VVmdfQkhxZ2EzR0JCY2gyM2VLREc3RWhTWndpYWpzUklFLWlXY0kyTUozVE5Wa0pZbzhhdVB6RHkzemF4cEFwOHZDQWZxek01cVJGY29tRlVkWWNvS2o4b3cwYWY0VG83RDBIdG9CYzhuONIBpAFBVV95cUxQYkFyTjV1cW5uQjFJRVRUd2xKa2hhbVlXSHFSU0tQMXZJN1MzR1o5Wmp5Qnp4Mmg2Sy1VVmdfQkhxZ2EzR0JCY2gyM2VLREc3RWhTWndpYWpzUklFLWlXY0kyTUozVE5Wa0pZbzhhdVB6RHkzemF4cEFwOHZDQWZxek01cVJGY29tRlVkWWNvS2o4b3cwYWY0VG83RDBIdG9CYzhuOA?oc=5\" target=\"_blank\" rel=\"nofollow noopener\">El intocable Sandro Castro vuelve a escandalizar en redes socialesvideo<\/a>&nbsp;&nbsp;CubitaNOW<\/li>\n<\/ol>\n","protected":false},"excerpt":{"rendered":"Sandro Castro no se calla y le dice a Samantha Espineira: \u00abDeber\u00edas pagarme por la promoci\u00f3n\u00bb&nbsp;&nbsp;CiberCuba Sandro Castro&hellip;\n","protected":false},"author":2,"featured_media":286036,"comment_status":"","ping_status":"","sticky":false,"template":"","format":"standard","meta":{"footnotes":""},"categories":[174],"tags":[255,146,147,25,24,256,23],"class_list":{"0":"post-292791","1":"post","2":"type-post","3":"status-publish","4":"format-standard","5":"has-post-thumbnail","7":"category-famosos","8":"tag-celebrities","9":"tag-entertainment","10":"tag-entretenimiento","11":"tag-es","12":"tag-espana","13":"tag-famosos","14":"tag-spain"},"share_on_mastodon":{"url":"https:\/\/pubeurope.com\/@es\/115734907745059246","error":""},"_links":{"self":[{"href":"https:\/\/www.europesays.com\/es\/wp-json\/wp\/v2\/posts\/292791","targetHints":{"allow":["GET"]}}],"collection":[{"href":"https:\/\/www.europesays.com\/es\/wp-json\/wp\/v2\/posts"}],"about":[{"href":"https:\/\/www.europesays.com\/es\/wp-json\/wp\/v2\/types\/post"}],"author":[{"embeddable":true,"href":"https:\/\/www.europesays.com\/es\/wp-json\/wp\/v2\/users\/2"}],"replies":[{"embeddable":true,"href":"https:\/\/www.europesays.com\/es\/wp-json\/wp\/v2\/comments?post=292791"}],"version-history":[{"count":0,"href":"https:\/\/www.europesays.com\/es\/wp-json\/wp\/v2\/posts\/292791\/revisions"}],"wp:featuredmedia":[{"embeddable":true,"href":"https:\/\/www.europesays.com\/es\/wp-json\/wp\/v2\/media\/286036"}],"wp:attachment":[{"href":"https:\/\/www.europesays.com\/es\/wp-json\/wp\/v2\/media?parent=292791"}],"wp:term":[{"taxonomy":"category","embeddable":true,"href":"https:\/\/www.europesays.com\/es\/wp-json\/wp\/v2\/categories?post=292791"},{"taxonomy":"post_tag","embeddable":true,"href":"https:\/\/www.europesays.com\/es\/wp-json\/wp\/v2\/tags?post=292791"}],"curies":[{"name":"wp","href":"https:\/\/api.w.org\/{rel}","templated":true}]}}