{"id":292794,"date":"2025-12-17T12:30:11","date_gmt":"2025-12-17T12:30:11","guid":{"rendered":"https:\/\/www.europesays.com\/es\/292794\/"},"modified":"2025-12-17T12:30:11","modified_gmt":"2025-12-17T12:30:11","slug":"arruinado-y-pidiendo-ayuda-la-caida-del-actor-que-interpreto-a-el-mecos-en-aida-adrian-gordillo","status":"publish","type":"post","link":"https:\/\/www.europesays.com\/es\/292794\/","title":{"rendered":"Arruinado y pidiendo ayuda: la ca\u00edda del actor que interpret\u00f3 a &#8216;El Mecos&#8217; en &#8216;A\u00edda&#8217;, Adri\u00e1n Gordillo"},"content":{"rendered":"<p class=\"v-mdl-ath__p v-mdl-ath__p--6\">\nMi\u00e9rcoles, 17 de diciembre 2025, 12:05<\/p>\n<p class=\"v-p\">Sin duda &#8216;A\u00edda&#8217; fue una de las series m\u00e1s vistas de la televisi\u00f3n en Espa\u00f1a. Durante su emisi\u00f3n vimos c\u00f3mo los personajes crec\u00edan y evolucionaban; algunos de ellos con sus m\u00edticas frases crearon fases c\u00e9lebres que se siguen usando a d\u00eda de hoy. Tras la finalizaci\u00f3n de la serie los actores tomaron distintos caminos, pero no todos han acabado bien. Es el caso de Adri\u00e1n Gordillo, el joven que interpretaba a &#8216;El Mecos&#8217;, el canallita que ten\u00eda atemorizado al barrio y era uno de los mejores amigos de Jonathan (David Castillo), el hijo menor de A\u00edda (Carmen Machi). Lejos del \u00e9xito que un d\u00eda vivi\u00f3 su situaci\u00f3n ahora es radicalmente opuesta: una ca\u00edda en desgracia que le ha llevado a la ruina, como \u00e9l mismo ha contado ante las c\u00e1maras.<\/p>\n<p class=\"v-p\">Ha sido en el programa &#8216;El tiempo justo&#8217; de Telecinco donde Gordillo ha concedido una entrevista en la que se ha abierto en canal, contando el duro momento que atraviesa. Con la voz entrecortada y l\u00e1grimas en los ojos pidi\u00f3 ayuda y econoci\u00f3 que no ten\u00eda ingresos: \u00abNo estoy abajo, estoy en el infierno. Lo estoy pasando fatal, no tengo ni para comer\u00bb.<\/p>\n<p class=\"v-p\">Unas duras palabras que distan de la imagen preconcebida que ten\u00edamos de \u00e9l tras su faceta como actor en la serie, aunque el de &#8216;El Mecos&#8217; no es el \u00fanico papel que ha encarnado puesto que salt\u00f3 a la pantalla siendo un ni\u00f1o. Tanto que con apenas 13 a\u00f1os se llev\u00f3 un Goya. Eso le llevo a tenerlo pr\u00e1cticamente todo siendo muy joven: \u00abTen\u00eda todo: restaurantes, discotecas, amigos, dinero\u2026 todo\u00bb, reconoce. Pero la fama, como muchas otras cosas, es ef\u00edmera. Y un d\u00eda de repente el tel\u00e9fono dej\u00f3 de sonar y las ofertas de trabajo cesaron. <\/p>\n<p class=\"v-p\">A eso hay que sumarle un palo tan grande como es perder a su madre. Fue en el a\u00f1o 2020. Tres a\u00f1os m\u00e1s tardes la vida le dar\u00eda otro golpe: tuvo que decirle adi\u00f3s tambi\u00e9n a su padre. A las p\u00e9rdidas hay que sumarle la de su abuela hace apenas unos d\u00edas. <\/p>\n<p class=\"v-p\">Desde la m\u00e1s profunda tristeza, Adri\u00e1n Gordillo cuenta que tiene las manos y los bolsillos vac\u00edos y un ni\u00f1o de cuatro a\u00f1os al que no puede darle la pensi\u00f3n que le corresponde. Ni un trabajo al que acudir. \u00abHe pasado de tener seis pel\u00edculas, series y proyectos a que no me llamen ni para una prueba\u00bb, lamenta. Es precisamente eso lo que pide, una oportunidad laboral que le ayude a salir del infierno en el que est\u00e1 metido y poder recuperar las riendas de su vida.<\/p>\n<p class=\"v-p\">No habla solo de ser actor, sino de trabajar. De ser un currito. \u00abTrabajo de lo que sea: mozo de almac\u00e9n, alba\u00f1il, fontanero, actor\u2026 me da igual\u00bb, afirma. \u00abYo quiero trabajar para poder salir adelante\u00bb<\/p>\n<p class=\"v-p\">Cabe de decir que Gordillo particip\u00f3 en la pel\u00edcula de Paco Le\u00f3n en homenaje a la serie &#8216;A\u00edda&#8217;, llamada &#8216;A\u00edda y vuelta&#8217;. Cuenta que fueron seis d\u00edas de rodaje por los que recibi\u00f3 un sueldo de mil euros. Pero de eso ya no queda nada. <\/p>\n<p>Reporta un error<\/p>\n","protected":false},"excerpt":{"rendered":"Mi\u00e9rcoles, 17 de diciembre 2025, 12:05 Sin duda &#8216;A\u00edda&#8217; fue una de las series m\u00e1s vistas de la&hellip;\n","protected":false},"author":2,"featured_media":292795,"comment_status":"","ping_status":"","sticky":false,"template":"","format":"standard","meta":{"footnotes":""},"categories":[171],"tags":[1339,2722,22045,46145,3229,4357,146,147,25,24,70058,2488,70057,57041,23,214],"class_list":{"0":"post-292794","1":"post","2":"type-post","3":"status-publish","4":"format-standard","5":"has-post-thumbnail","7":"category-tv","8":"tag-actor","9":"tag-adrian","10":"tag-aida","11":"tag-arruinado","12":"tag-ayuda","13":"tag-caida","14":"tag-entertainment","15":"tag-entretenimiento","16":"tag-es","17":"tag-espana","18":"tag-gordillo","19":"tag-interpreto","20":"tag-mecos","21":"tag-pidiendo","22":"tag-spain","23":"tag-tv"},"share_on_mastodon":{"url":"","error":""},"_links":{"self":[{"href":"https:\/\/www.europesays.com\/es\/wp-json\/wp\/v2\/posts\/292794","targetHints":{"allow":["GET"]}}],"collection":[{"href":"https:\/\/www.europesays.com\/es\/wp-json\/wp\/v2\/posts"}],"about":[{"href":"https:\/\/www.europesays.com\/es\/wp-json\/wp\/v2\/types\/post"}],"author":[{"embeddable":true,"href":"https:\/\/www.europesays.com\/es\/wp-json\/wp\/v2\/users\/2"}],"replies":[{"embeddable":true,"href":"https:\/\/www.europesays.com\/es\/wp-json\/wp\/v2\/comments?post=292794"}],"version-history":[{"count":0,"href":"https:\/\/www.europesays.com\/es\/wp-json\/wp\/v2\/posts\/292794\/revisions"}],"wp:featuredmedia":[{"embeddable":true,"href":"https:\/\/www.europesays.com\/es\/wp-json\/wp\/v2\/media\/292795"}],"wp:attachment":[{"href":"https:\/\/www.europesays.com\/es\/wp-json\/wp\/v2\/media?parent=292794"}],"wp:term":[{"taxonomy":"category","embeddable":true,"href":"https:\/\/www.europesays.com\/es\/wp-json\/wp\/v2\/categories?post=292794"},{"taxonomy":"post_tag","embeddable":true,"href":"https:\/\/www.europesays.com\/es\/wp-json\/wp\/v2\/tags?post=292794"}],"curies":[{"name":"wp","href":"https:\/\/api.w.org\/{rel}","templated":true}]}}