{"id":292847,"date":"2025-12-17T13:28:08","date_gmt":"2025-12-17T13:28:08","guid":{"rendered":"https:\/\/www.europesays.com\/es\/292847\/"},"modified":"2025-12-17T13:28:08","modified_gmt":"2025-12-17T13:28:08","slug":"del-vestido-gris-perfecto-para-el-invierno-a-los-pendientes-de-diamantes","status":"publish","type":"post","link":"https:\/\/www.europesays.com\/es\/292847\/","title":{"rendered":"del vestido gris perfecto para el invierno a los pendientes de diamantes"},"content":{"rendered":"\n<p> Nuevo acto para <strong>do\u00f1a Letizia, quien este mi\u00e9rcoles ha asistido al acto conmemorativo del 20\u00ba aniversario de la Fundaci\u00f3n del Espa\u00f1ol Urgente Fund\u00e9uRAE<\/strong>. Una cita para la que la Reina ha decidido tirar de su fondo de armario, recuperando <strong>un vestido gris perla de la firma Cortana<\/strong> perfecto para el invierno, y que ha combinado con unas botas de ante negras con tac\u00f3n bajo y unos pendientes de diamantes de Gold &amp; Roses. <\/p>\n<p> <strong>Do\u00f1a Letizia, presidenta de Honor de la entidad, ha presidido en la Real Academia Espa\u00f1ola<\/strong> el acto de conmemoraci\u00f3n del vig\u00e9simo aniversario de la Fundaci\u00f3n del Espa\u00f1ol Urgente (Fund\u00e9uRAE), como ya hizo en 2015 en su d\u00e9cimo aniversario. La Fund\u00e9uRAE tiene como principal objetivo velar por el buen uso del espa\u00f1ol en los medios de comunicaci\u00f3n. <\/p>\n<p>               La reina Letizia a su llegada al acto. (Limited Pictures)             <\/p>\n<p> Como mencion\u00e1bamos,<strong> do\u00f1a Letizia ha recuperado de su armario un vestido gris perla de Cortana. <\/strong>Se trata de un dise\u00f1o bautizado con el nombre de Felicita, de largo midi, confeccionado en un tejido de lana virgen stretch con un tintado en fr\u00edo irregular. El vestido presenta manga japonesa y amplio escote en forma de V, adem\u00e1s de un cruce delantero con una costura lateral con pliegues que crea un ligero drapeado. <\/p>\n<p> La Reina estren\u00f3 el vestido en noviembre de 2023, <a href=\"https:\/\/www.vanitatis.elconfidencial.com\/casas-reales\/2023-11-03\/letizia-vestido-nuevo-botas-over-the-knees-leonor_3767202\/\" target=\"_self\" rel=\"nofollow noopener\">en su asistencia al Festival de Cine \u00d3pera Prima Ciudad de Tu<\/a><a href=\"https:\/\/www.vanitatis.elconfidencial.com\/casas-reales\/2023-11-03\/letizia-vestido-nuevo-botas-over-the-knees-leonor_3767202\/\" target=\"_self\" rel=\"nofollow noopener\">dela,<\/a> En aquella ocasi\u00f3n llev\u00f3 el dise\u00f1o como se mostraba en la web, sin ning\u00fan accesorio; sin embargo, cuando lo repiti\u00f3 en febrero de este mismo a\u00f1o, en la segunda reuni\u00f3n del Real Patronato de <a href=\"https:\/\/www.vanitatis.elconfidencial.com\/casas-reales\/2023-07-25\/letizia-reina-vestido-carolina-herrera-vestido_3707800\/\" target=\"_self\" rel=\"nofollow noopener\">la Galer\u00eda de las Colecciones Reales<\/a>, <strong>opt\u00f3 por agregarle un cintur\u00f3n. <\/strong> <\/p>\n<p>                La Reina en la sede de la RAE. (Limited Pictures)             <\/p>\n<p> <strong>Se trata de un cintur\u00f3n ancho en color negro de Hugo Boss<\/strong> con el que marc\u00f3 silueta y que ha vuelto a lucir este mi\u00e9rcoles en el acto de la Fund\u00e9uRAE. Ahora la pregunta es&#8230; \u00bfmejor sin este complemento o sin \u00e9l? <\/p>\n<p> Tambi\u00e9n ha habido diferencias entre el calzado elegido en Tudela, cuando estren\u00f3 el vestido, y el de hoy. En Navarra la Reina luci\u00f3 unas botas negras de Nina Ricci realizadas en piel negra y altura &#8216;over the knee&#8217;, con un tac\u00f3n de m\u00e1s de diez cent\u00edmetros. Siguiendo con su t\u00f3nica actual, d<strong>o\u00f1a Letizia ha optado esta vez tambi\u00e9n por unas botas negras,<\/strong> pero estas con tac\u00f3n c\u00f3modo y bajo, firmadas por Magrit. <\/p>\n<p> <strong>En cuanto a las joyas, ha optado por unos pendientes de la firma espa\u00f1ola Gold &amp; Roses,<\/strong> realizados en oro rosado y con diamantes y formados por tres aros. Son el modelo Shawel. No faltaba su anillo de Coreterno. <\/p>\n<p> Una vez m\u00e1s, do\u00f1a Letizia demuestra que su estilo no entiende de modas ef\u00edmeras, sino de piezas bien escogidas y reutilizadas con acierto. <strong>Un look sobrio y sofisticado, perfectamente alineado con la naturaleza del acto,<\/strong> que confirma su apuesta por la elegancia atemporal y por dar nueva vida a prendas ya vistas en su armario. <\/p>\n<p> Nuevo acto para <strong>do\u00f1a Letizia, quien este mi\u00e9rcoles ha asistido al acto conmemorativo del 20\u00ba aniversario de la Fundaci\u00f3n del Espa\u00f1ol Urgente Fund\u00e9uRAE<\/strong>. Una cita para la que la Reina ha decidido tirar de su fondo de armario, recuperando <strong>un vestido gris perla de la firma Cortana<\/strong> perfecto para el invierno, y que ha combinado con unas botas de ante negras con tac\u00f3n bajo y unos pendientes de diamantes de Gold &amp; Roses. <\/p>\n","protected":false},"excerpt":{"rendered":"Nuevo acto para do\u00f1a Letizia, quien este mi\u00e9rcoles ha asistido al acto conmemorativo del 20\u00ba aniversario de la&hellip;\n","protected":false},"author":2,"featured_media":292848,"comment_status":"","ping_status":"","sticky":false,"template":"","format":"standard","meta":{"footnotes":""},"categories":[174],"tags":[255,146,147,25,24,256,23],"class_list":{"0":"post-292847","1":"post","2":"type-post","3":"status-publish","4":"format-standard","5":"has-post-thumbnail","7":"category-famosos","8":"tag-celebrities","9":"tag-entertainment","10":"tag-entretenimiento","11":"tag-es","12":"tag-espana","13":"tag-famosos","14":"tag-spain"},"share_on_mastodon":{"url":"https:\/\/pubeurope.com\/@es\/115735147979563049","error":""},"_links":{"self":[{"href":"https:\/\/www.europesays.com\/es\/wp-json\/wp\/v2\/posts\/292847","targetHints":{"allow":["GET"]}}],"collection":[{"href":"https:\/\/www.europesays.com\/es\/wp-json\/wp\/v2\/posts"}],"about":[{"href":"https:\/\/www.europesays.com\/es\/wp-json\/wp\/v2\/types\/post"}],"author":[{"embeddable":true,"href":"https:\/\/www.europesays.com\/es\/wp-json\/wp\/v2\/users\/2"}],"replies":[{"embeddable":true,"href":"https:\/\/www.europesays.com\/es\/wp-json\/wp\/v2\/comments?post=292847"}],"version-history":[{"count":0,"href":"https:\/\/www.europesays.com\/es\/wp-json\/wp\/v2\/posts\/292847\/revisions"}],"wp:featuredmedia":[{"embeddable":true,"href":"https:\/\/www.europesays.com\/es\/wp-json\/wp\/v2\/media\/292848"}],"wp:attachment":[{"href":"https:\/\/www.europesays.com\/es\/wp-json\/wp\/v2\/media?parent=292847"}],"wp:term":[{"taxonomy":"category","embeddable":true,"href":"https:\/\/www.europesays.com\/es\/wp-json\/wp\/v2\/categories?post=292847"},{"taxonomy":"post_tag","embeddable":true,"href":"https:\/\/www.europesays.com\/es\/wp-json\/wp\/v2\/tags?post=292847"}],"curies":[{"name":"wp","href":"https:\/\/api.w.org\/{rel}","templated":true}]}}