{"id":292859,"date":"2025-12-17T13:36:12","date_gmt":"2025-12-17T13:36:12","guid":{"rendered":"https:\/\/www.europesays.com\/es\/292859\/"},"modified":"2025-12-17T13:36:12","modified_gmt":"2025-12-17T13:36:12","slug":"inaugurada-la-segunda-edicion-de-alcala-expone-con-la-participacion-de-casi-un-centenar-de-artistas-de-la-ciudad","status":"publish","type":"post","link":"https:\/\/www.europesays.com\/es\/292859\/","title":{"rendered":"Inaugurada la segunda edici\u00f3n de Alcal\u00e1 Expone con la participaci\u00f3n de casi un centenar de artistas de la ciudad"},"content":{"rendered":"<p><strong>Esta segunda muestra del panorama emergente de la ciudad se podr\u00e1 visitar en Santa Mar\u00eda La Rica hasta el pr\u00f3ximo 18 de enero.<\/strong><\/p>\n<p>Alcal\u00e1 de Henares, 17-diciembre-2025.- \u2018Alcal\u00e1 Expone\u2019 celebra la segunda exposici\u00f3n colectiva de este proyecto art\u00edstico que, en muy poco tiempo, se ha consolidado como un referente de participaci\u00f3n cultural en la ciudad. En esta nueva edici\u00f3n, la muestra triplica la participaci\u00f3n ciudadana, reflejando el creciente inter\u00e9s por el arte y su compromiso con la creaci\u00f3n local. En total, participan casi un centenar de artistas de diferentes disciplinas.<\/p>\n<p>El concejal de Cultura Santiago Alonso ha inaugurado esta muestra que re\u00fane a un amplio y diverso grupo de artistas que aportan sus visiones personales a trav\u00e9s de distintas disciplinas -pintura, fotograf\u00eda, collage, arte digital, instalaci\u00f3n y t\u00e9cnicas mixtas-. conformando un mosaico creativo de enorme riqueza.<\/p>\n<p>Alonso ha subrayado que en esta segunda edici\u00f3n la participaci\u00f3n se ha triplicado, lo que \u201crefuerza nuestra convicci\u00f3n de que esta muestra es necesaria y viene a llenar un hueco que nuestros y nuestras artistas demandaban\u201d. Con vocaci\u00f3n abierta, plural y participativa, Alcal\u00e1 Expone impulsa tanto a artistas emergentes como consolidados y fortalece el v\u00ednculo entre la ciudadan\u00eda y la cultura contempor\u00e1nea. \u201cDesde su nacimiento el pasado a\u00f1o, Alcal\u00e1 Expone ha tenido una idea muy clara: acompa\u00f1ar la creaci\u00f3n desde el principio, no solo a quienes ya son una referencia, sino a quienes est\u00e1n empezando a construir su voz\u201d, ha asegurado el concejal de Cultura, que ha destacado \u201clas propuestas tan diversas, a veces antag\u00f3nicas, y al mismo tiempo tan aut\u00e9nticas\u201d de esta muestra. \u201cEsta exposici\u00f3n no pretende ordenar esa variedad, sino celebrarla\u201d, ha a\u00f1adido.<\/p>\n<p>Para concluir, Alonso ha se\u00f1alado que, \u201caunque algunos se empe\u00f1en en hablar de censura, de cancelaciones y de pol\u00edticas culturales sectarias, demostramos con hechos y no con palabras, que por fin se han terminado los monopolios culturales en esta ciudad, porque hoy, m\u00e1s que nunca, la Cultura en Alcal\u00e1 os pertenece a vosotros, artistas, creadores, vecinos y vecinas de Alcal\u00e1\u201d. Y as\u00ed, \u201cjuntos, con este esp\u00edritu, abierto y curioso, muy orgullosos del talento alcala\u00edno\u201d, ha animado a disfrutar de esta exposici\u00f3n que se podr\u00e1 visitar hasta el pr\u00f3ximo 18 de enero.<\/p>\n<p>En total los visitantes podr\u00e1n disfrutar de las obras de m\u00e1s de cincuenta artistas individuales, adem\u00e1s del trabajo de los j\u00f3venes creadores de la Escuela de Arte Alberto Coraz\u00f3n y los artistas-artesanos de Alcaller Complutense.<\/p>\n<p>Los artistas participantes en esta muestra son: Paloma Alonso Frutos, Luis Alonso Prieto, Fran Atienza, Arteyelena, Jos\u00e9 Fernando Camacho D\u00edaz, Manu Cardiel, Iv\u00e1n Correa, Ingrid G. Cruz, Puri D\u00edaz, Manuel Dom\u00ednguez Marqu\u00e9s, EGA, Federico Eguia, Helena Faccia Serrano, Adri\u00e1n F\u00e9lix, Pilar Fern\u00e1ndez, Lucas Fontana, Nieves Galc\u00e1zar, Carmen Gald\u00f3n Rom\u00e1n, Raquel Garc\u00eda Saenz, Alberto Garc\u00eda Luque, Paula Garc\u00eda Marina, Mercedes Gavald\u00e1 Ag\u00fcera, Jos\u00e9 Luis Gil Lido, Gliskorr, Sergio G\u00f3mez Portillo, Antonio Guarde\u00f1o Campa\u00f1a, Jorge Iniesta, Mela Jim\u00e9nez, Dani Juste, Karfereguia, Juana L\u00f3pez, Antonio Luengo Noriega, Marival Mateos, Jos\u00e9 Antonio Mart\u00ednez Sabina, Antonio Molina Gonz\u00e1lez, MON, Nanda, Katiuska de Nunes, Jes\u00fas Ortega Fern\u00e1ndez, Jos\u00e9 Manuel Pedrosa, Pilarhojarasca, Cristina Prieto D\u00edaz, Marcos Privado, Uryula Puro Arte, Mar\u00eda Remesal, Beatriz R\u00edos, Pilar S\u00e1nchez, Elena S\u00e1nchez L\u00f3pez, Sonia S\u00e1nchez Nieva, Violeta Serrano-VIO, Federico Weber, Molly Weinstein.<\/p>\n<p>Adem\u00e1s, tambi\u00e9n participan las entidades Alcaller Complutense, encargada de llevar a cabo las acciones formativas de cer\u00e1mica, y la Escuela de Arte Alberto Coraz\u00f3n, en este caso con los artistas Luna Casco Ruiz, Sergio Cedenilla Garc\u00eda, Luc\u00eda D\u00edaz, Mar\u00eda D\u00edaz de la Iglesia, Samuel \u00c9cija Polo (Samjakobo), Erika Fern\u00e1ndez Pacheco, Laura Gallego Alonso, Javier Garc\u00eda Moreno, Beatriz Herrera \u00c1lamo, Elisaveta Ingrain Vorobieva, Luc\u00eda Jim\u00e9nez Rodr\u00edguez, Anais Kopyto, Alicia Le\u00f3n Gordo, Alice Mayos, Alicia Chenmu Qu\u00edlez Esteban, Alicia Rodado, Luc\u00eda Rodr\u00edguez G\u00f3mez, Guille con Tacones, Filipo Torres Villanueva.<\/p>\n<p><strong>M\u00e1s informaci\u00f3n<\/strong><\/p>\n<p>Antiguo Hospital de Santa Mar\u00eda la Rica (calle Santa Mar\u00eda la Rica, 3)<\/p>\n<p>Horario: De martes a s\u00e1bados de 11 a 14 y de 17 a 20 h. Domingos de 11 a 14 h.<\/p>\n<p>Lunes cerrado.<\/p>\n<p>24, 25 y 31 de diciembre y 1 de enero cerrado.<\/p>\n<p>Entrada libre<\/p>\n<p>\u00a0<\/p>\n","protected":false},"excerpt":{"rendered":"Esta segunda muestra del panorama emergente de la ciudad se podr\u00e1 visitar en Santa Mar\u00eda La Rica hasta&hellip;\n","protected":false},"author":2,"featured_media":292860,"comment_status":"","ping_status":"","sticky":false,"template":"","format":"standard","meta":{"footnotes":""},"categories":[91],"tags":[70068,146,147,25,24,62319,23],"class_list":{"0":"post-292859","1":"post","2":"type-post","3":"status-publish","4":"format-standard","5":"has-post-thumbnail","7":"category-entretenimiento","8":"tag-alcala-expone","9":"tag-entertainment","10":"tag-entretenimiento","11":"tag-es","12":"tag-espana","13":"tag-santiago-alonso","14":"tag-spain"},"share_on_mastodon":{"url":"https:\/\/pubeurope.com\/@es\/115735179206660543","error":""},"_links":{"self":[{"href":"https:\/\/www.europesays.com\/es\/wp-json\/wp\/v2\/posts\/292859","targetHints":{"allow":["GET"]}}],"collection":[{"href":"https:\/\/www.europesays.com\/es\/wp-json\/wp\/v2\/posts"}],"about":[{"href":"https:\/\/www.europesays.com\/es\/wp-json\/wp\/v2\/types\/post"}],"author":[{"embeddable":true,"href":"https:\/\/www.europesays.com\/es\/wp-json\/wp\/v2\/users\/2"}],"replies":[{"embeddable":true,"href":"https:\/\/www.europesays.com\/es\/wp-json\/wp\/v2\/comments?post=292859"}],"version-history":[{"count":0,"href":"https:\/\/www.europesays.com\/es\/wp-json\/wp\/v2\/posts\/292859\/revisions"}],"wp:featuredmedia":[{"embeddable":true,"href":"https:\/\/www.europesays.com\/es\/wp-json\/wp\/v2\/media\/292860"}],"wp:attachment":[{"href":"https:\/\/www.europesays.com\/es\/wp-json\/wp\/v2\/media?parent=292859"}],"wp:term":[{"taxonomy":"category","embeddable":true,"href":"https:\/\/www.europesays.com\/es\/wp-json\/wp\/v2\/categories?post=292859"},{"taxonomy":"post_tag","embeddable":true,"href":"https:\/\/www.europesays.com\/es\/wp-json\/wp\/v2\/tags?post=292859"}],"curies":[{"name":"wp","href":"https:\/\/api.w.org\/{rel}","templated":true}]}}