{"id":292903,"date":"2025-12-17T14:19:19","date_gmt":"2025-12-17T14:19:19","guid":{"rendered":"https:\/\/www.europesays.com\/es\/292903\/"},"modified":"2025-12-17T14:19:19","modified_gmt":"2025-12-17T14:19:19","slug":"victoria-federica-vuelve-a-estar-ilusionada-el-conocido-empresario-de-la-noche-madrilena-que-le-habria-robado-el-corazon","status":"publish","type":"post","link":"https:\/\/www.europesays.com\/es\/292903\/","title":{"rendered":"Victoria Federica vuelve a estar ilusionada: el conocido empresario de la noche madrile\u00f1a que le habr\u00eda robado el coraz\u00f3n"},"content":{"rendered":"<p><img alt=\"Victoria Federica y Jorge Navalpotro\" class=\"global-image\" decoding=\"async\" fetchpriority=\"high\" height=\"1080\" loading=\"eager\" src=\"https:\/\/www.europesays.com\/es\/wp-content\/uploads\/2025\/12\/5PBO3KBDDRAQTAHP5I2IU3GDKY.jpg\" width=\"1920\"\/>Victoria Federica y Jorge Navalpotro (INFOBAE ESPA\u00d1A).<\/p>\n<p class=\"paragraph\">Acostumbrada desde ni\u00f1a a convivir con el inter\u00e9s medi\u00e1tico, Victoria Federica de Marichalar y Borb\u00f3n ha aprendido a gestionar la atenci\u00f3n p\u00fablica con una mezcla de naturalidad y distancia. Nieta de Juan Carlos I e hija de la infanta Elena y Jaime de Marichalar, su nombre ha estado ligado <a href=\"https:\/\/www.infobae.com\/espana\/2025\/12\/17\/las-revistas-del-corazon-esta-semana-de-la-nueva-ilusion-de-victoria-federica-al-balance-de-isabel-preysler-en-un-ano-clave\/\" target=\"_blank\" rel=\"noreferrer nofollow noopener\" title=\"https:\/\/www.infobae.com\/espana\/2025\/12\/17\/las-revistas-del-corazon-esta-semana-de-la-nueva-ilusion-de-victoria-federica-al-balance-de-isabel-preysler-en-un-ano-clave\/\">durante a\u00f1os a la cr\u00f3nica social<\/a>, aunque en los \u00faltimos tiempos ha sido ella misma quien ha ido moldeando su relato, alej\u00e1ndose del papel pasivo que tradicionalmente ha rodeado a los miembros de su familia.<\/p>\n<p class=\"paragraph\">A sus <b>25 a\u00f1os,<\/b> Victoria Federica se mueve con soltura entre el mundo de la moda, la televisi\u00f3n y las redes sociales, espacios desde los que ha construido una imagen m\u00e1s personal y menos encorsetada. Su participaci\u00f3n en programas de entretenimiento y sus apariciones p\u00fablicas han permitido<a href=\"https:\/\/www.infobae.com\/espana\/2025\/11\/24\/victoria-federica-deslumbra-en-el-pardo-con-un-conjunto-de-firma-espanola-por-250-euros-chaqueta-de-terciopelo-y-falda-midi\/\" target=\"_blank\" rel=\"noreferrer nofollow noopener\" title=\"https:\/\/www.infobae.com\/espana\/2025\/11\/24\/victoria-federica-deslumbra-en-el-pardo-con-un-conjunto-de-firma-espanola-por-250-euros-chaqueta-de-terciopelo-y-falda-midi\/\"> descubrir a una joven espont\u00e1nea<\/a>, con car\u00e1cter y consciente del lugar que ocupa, pero tambi\u00e9n decidida a marcar su propio camino.<\/p>\n<p class=\"paragraph\">Ese proceso de exposici\u00f3n controlada no ha evitado que su vida sentimental siga despertando curiosidad. A lo largo de los a\u00f1os, han sido numerosos los nombres que han aparecido vinculados a ella, casi siempre a trav\u00e9s de<b> rumores que nunca llegara a confirmarse <\/b>por parte de la sobrina de Felipe VI . Victoria Federica, fiel a su estilo, ha optado por <a href=\"https:\/\/www.infobae.com\/espana\/2025\/09\/25\/victoria-federica-planta-a-los-premios-forbes-2025-estos-han-sido-los-galardonados-de-la-noche\/\" target=\"_blank\" rel=\"noreferrer nofollow noopener\" title=\"https:\/\/www.infobae.com\/espana\/2025\/09\/25\/victoria-federica-planta-a-los-premios-forbes-2025-estos-han-sido-los-galardonados-de-la-noche\/\">no alimentar especulaciones<\/a> y mantener su intimidad al margen del foco.<\/p>\n<p><img alt=\"Jorge Navalpotro en una imagen\" class=\"global-image\" decoding=\"async\" fetchpriority=\"low\" height=\"640\" loading=\"lazy\" src=\"https:\/\/www.europesays.com\/es\/wp-content\/uploads\/2025\/12\/WHZH45WIWNE3NMCE6FTCMCWKNI.jpg\" width=\"640\"\/>Jorge Navalpotro en una imagen de redes sociales (INSTAGRAM).<\/p>\n<p class=\"paragraph\">El \u00faltimo romance conocido fue el que mantuvo con<b> Borja Moreno,<\/b> empresario del ocio nocturno madrile\u00f1o, con quien comparti\u00f3 casi un a\u00f1o de relaci\u00f3n. La ruptura, que trascendi\u00f3 el pasado verano, parec\u00eda cerrar una etapa sentimental estable. Desde entonces, no se le hab\u00eda atribuido ninguna nueva ilusi\u00f3n hasta ahora.<\/p>\n<p class=\"paragraph\">Seg\u00fan ha avanzaba este martes en El tiempo justo Luis Pliego, director de la revista Lecturas, la hija de la infanta Elena atraviesa actualmente un momento personal ilusionante junto a un empresario vinculado al sector nocturno de Madrid. La informaci\u00f3n fue desvelada durante una intervenci\u00f3n televisiva, donde el periodista explic\u00f3 que la relaci\u00f3n habr\u00eda comenzado hace alrededor de dos meses y se estar\u00eda desarrollando con absoluta discreci\u00f3n.<\/p>\n<p class=\"paragraph\">\u201c<b>Lleva dos meses de relaci\u00f3n con el propietario de la Sala Riviera de Madrid<\/b>\u201c, explic\u00f3 Pliego sobre el joven residente en Pozuelo de Alarc\u00f3n. Seg\u00fan Vanitatis, su nombre es <b>Jorge Navalpotro<\/b> y es hijo de Amparo Sim\u00f3n. De acuerdo con lo expuesto, Victoria Federica pasa all\u00ed bastante tiempo, compartiendo su d\u00eda a d\u00eda lejos de miradas indiscretas. Por ahora, no existen im\u00e1genes p\u00fablicas de la pareja, pero s\u00ed que han mantenido varios comentarios p\u00fablicos en redes sociales. El \u00faltimo fue hace dos d\u00edas, cuando subi\u00f3 \u00e9l una fotograf\u00eda conduciendo en su coche y ella le respondi\u00f3 \u201cme encantan\u201d, a lo que \u00e9l le coment\u00f3: <b>\u201cTengo buena fot\u00f3grafa\u201d. <\/b><\/p>\n<p><img alt=\"Publicaci\u00f3n de Jorge Navalpotro en\" class=\"global-image\" decoding=\"async\" fetchpriority=\"low\" height=\"837\" loading=\"lazy\" src=\"https:\/\/www.europesays.com\/es\/wp-content\/uploads\/2025\/12\/E6ZR4FN4VZFDPITXMPKHWZWGQM.webp\" width=\"1075\"\/>Publicaci\u00f3n de Jorge Navalpotro en Instagram (@jorgenavalpotro).<\/p>\n<p class=\"paragraph\">Sobre c\u00f3mo se conocieron, no han trascendido detalles concretos, aunque se da por hecho que sus c\u00edrculos sociales, muy ligados al ocio y la vida nocturna madrile\u00f1a, habr\u00edan facilitado el encuentro. Quienes conocen al empresario lo describen como una persona centrada en su trabajo y con un perfil discreto, un rasgo que encajar\u00eda con la manera en la que Victoria Federica est\u00e1 gestionando esta nueva etapa.<\/p>\n<p class=\"paragraph\">Su historial sentimental ha estado marcado <a href=\"https:\/\/www.infobae.com\/espana\/2025\/09\/09\/victoria-federica-cumple-25-anos-su-consagracion-como-influencer-de-exito-y-su-nueva-vida-de-soltera\/\" target=\"_blank\" rel=\"noreferrer nofollow noopener\" title=\"https:\/\/www.infobae.com\/espana\/2025\/09\/09\/victoria-federica-cumple-25-anos-su-consagracion-como-influencer-de-exito-y-su-nueva-vida-de-soltera\/\">por relaciones muy comentadas <\/a>y otras que nunca pasaron del terreno de la especulaci\u00f3n. Entre las m\u00e1s medi\u00e1ticas figura la que mantuvo con <b>Jorge B\u00e1rcenas,<\/b> con quien coincidi\u00f3 en eventos y publicaciones que dispararon las conjeturas. Tambi\u00e9n se habl\u00f3 en su momento de una posible relaci\u00f3n con el torero<b> Gonzalo Caballero <\/b>y de una cercan\u00eda especial con <b>Roca Rey<\/b>, aunque ambos se encargaron de aclarar que se trataba \u00fanicamente de amistad.<\/p>\n<p class=\"paragraph\">En los \u00faltimos a\u00f1os, su nombre ha aparecido de forma recurrente vinculado a empresarios del ocio nocturno, un entorno que parece <a href=\"https:\/\/www.infobae.com\/espana\/2025\/08\/28\/victoria-federica-sigue-coqueteando-con-la-television-el-programa-de-tve-en-el-que-aparecera\/\" target=\"_blank\" rel=\"noreferrer nofollow noopener\" title=\"https:\/\/www.infobae.com\/espana\/2025\/08\/28\/victoria-federica-sigue-coqueteando-con-la-television-el-programa-de-tve-en-el-que-aparecera\/\">repetirse en su c\u00edrculo personal.<\/a> Algunas historias no llegaron a prosperar y otras se quedaron en simples rumores, como el breve v\u00ednculo que se le atribuy\u00f3 con <b>un tatuador malague\u00f1o<\/b>, que no tuvo continuidad.<\/p>\n","protected":false},"excerpt":{"rendered":"Victoria Federica y Jorge Navalpotro (INFOBAE ESPA\u00d1A). Acostumbrada desde ni\u00f1a a convivir con el inter\u00e9s medi\u00e1tico, Victoria Federica&hellip;\n","protected":false},"author":2,"featured_media":292904,"comment_status":"","ping_status":"","sticky":false,"template":"","format":"standard","meta":{"footnotes":""},"categories":[174],"tags":[255,146,147,25,24,256,23],"class_list":{"0":"post-292903","1":"post","2":"type-post","3":"status-publish","4":"format-standard","5":"has-post-thumbnail","7":"category-famosos","8":"tag-celebrities","9":"tag-entertainment","10":"tag-entretenimiento","11":"tag-es","12":"tag-espana","13":"tag-famosos","14":"tag-spain"},"share_on_mastodon":{"url":"https:\/\/pubeurope.com\/@es\/115735349009469774","error":""},"_links":{"self":[{"href":"https:\/\/www.europesays.com\/es\/wp-json\/wp\/v2\/posts\/292903","targetHints":{"allow":["GET"]}}],"collection":[{"href":"https:\/\/www.europesays.com\/es\/wp-json\/wp\/v2\/posts"}],"about":[{"href":"https:\/\/www.europesays.com\/es\/wp-json\/wp\/v2\/types\/post"}],"author":[{"embeddable":true,"href":"https:\/\/www.europesays.com\/es\/wp-json\/wp\/v2\/users\/2"}],"replies":[{"embeddable":true,"href":"https:\/\/www.europesays.com\/es\/wp-json\/wp\/v2\/comments?post=292903"}],"version-history":[{"count":0,"href":"https:\/\/www.europesays.com\/es\/wp-json\/wp\/v2\/posts\/292903\/revisions"}],"wp:featuredmedia":[{"embeddable":true,"href":"https:\/\/www.europesays.com\/es\/wp-json\/wp\/v2\/media\/292904"}],"wp:attachment":[{"href":"https:\/\/www.europesays.com\/es\/wp-json\/wp\/v2\/media?parent=292903"}],"wp:term":[{"taxonomy":"category","embeddable":true,"href":"https:\/\/www.europesays.com\/es\/wp-json\/wp\/v2\/categories?post=292903"},{"taxonomy":"post_tag","embeddable":true,"href":"https:\/\/www.europesays.com\/es\/wp-json\/wp\/v2\/tags?post=292903"}],"curies":[{"name":"wp","href":"https:\/\/api.w.org\/{rel}","templated":true}]}}