{"id":292921,"date":"2025-12-17T14:29:19","date_gmt":"2025-12-17T14:29:19","guid":{"rendered":"https:\/\/www.europesays.com\/es\/292921\/"},"modified":"2025-12-17T14:29:19","modified_gmt":"2025-12-17T14:29:19","slug":"google-cita-en-paris-a-las-universidades-que-participan-en-sus-seminarios-de-ciberseguridad","status":"publish","type":"post","link":"https:\/\/www.europesays.com\/es\/292921\/","title":{"rendered":"Google cita en Par\u00eds a las universidades que participan en sus seminarios de Ciberseguridad"},"content":{"rendered":"<p><strong>Responsables de la ETSI de Inform\u00e1tica acuden a un networking de intercambio de experiencias<\/strong><\/p>\n<p>Representantes de la Escuela T\u00e9cnica Superior de Ingenier\u00eda Inform\u00e1tica de la UMA han participado estos d\u00edas en Par\u00eds en el segundo seminario de networking para universidades participantes en el programa de Seminarios de Ciberseguridad de Google.org, la rama filantr\u00f3pica de la multinacional tecnol\u00f3gica.<\/p>\n<p>El evento, celebrado en Levallois, incluy\u00f3 diversas sesiones para apoyar a universidades de Europa, Oriente Medio y \u00c1frica (EMEA) en la impartici\u00f3n de diversos programas educativos adaptados a sus contextos locales. Dichos programas comparten dos componentes clave: formaci\u00f3n pr\u00e1ctica en Ciberseguridad e IA para estudiantes y, asistencia en Ciberseguridad por parte de estos estudiantes a sus comunidades locales.<\/p>\n<p>La ETSI de Inform\u00e1tica de M\u00e1laga dispone de este programa desde septiembre de 2024. De hecho, la UMA fue la primera universidad espa\u00f1ola escogida a nivel europeo por Google.org para poner en marcha un programa de los Seminarios de Ciberseguridad. Este proyecto, denominado \u2018Cybersecurity Seminarsque\u2019, brinda formaci\u00f3n gratuita y pr\u00e1cticas en ciberseguridad a un m\u00ednimo de 200 estudiantes desde finales de 2024 hasta 2026.\u00a0<\/p>\n<p>Se trata de un ambicioso programa que cuenta con una importante dotaci\u00f3n econ\u00f3mica, ya que la instituci\u00f3n acad\u00e9mica malague\u00f1a recibe un mill\u00f3n de d\u00f3lares, adem\u00e1s de acceso a la tecnolog\u00eda y las habilidades de Google en la tem\u00e1tica, as\u00ed como material educativo de la European Cyber Conflict Research Incubator (ECCRI).<\/p>\n<p style=\"text-align: center;\"><img loading=\"lazy\" decoding=\"async\" alt=\"\" height=\"427\" src=\"https:\/\/www.europesays.com\/es\/wp-content\/uploads\/2025\/12\/Paristodosw.jpg\" width=\"640\"\/><br \/><strong>Asistentes al evento organizado por Google<\/strong><\/p>\n<p><strong>Actividades<\/strong><br \/>El desarrollo del programa de Google.org incluye una serie de actividades para un periodo de dos a\u00f1os (en este caso, hasta diciembre de 2026), con el objetivo de profundizar en esta disciplina, conect\u00e1ndola adem\u00e1s con la inteligencia artificial.\u00a0<\/p>\n<p>El seminario de Par\u00eds es una de ellas, y la UMA acudi\u00f3 con una delegaci\u00f3n integrada por el director de Inform\u00e1tica, Manuel Enciso, y por Luis Llopis,\u00a0 subdirector de Acreditaciones y Proyectos Estrat\u00e9gicos. La agenda gir\u00f3 en torno a breves historias de \u00e9xito del primer a\u00f1o del programa. Muchos seminarios de ciberseguridad han tenido una gran demanda, especialmente para el componente de capacitaci\u00f3n, donde las universidades se encuentran en una posici\u00f3n privilegiada para seleccionar a los estudiantes m\u00e1s id\u00f3neos.\u00a0<\/p>\n<p>En cuanto al componente de participaci\u00f3n comunitaria local, las universidades destacaron c\u00f3mo su primer logro es demostrar a estas organizaciones que nunca son demasiado peque\u00f1as para emprender su camino hacia la ciberseguridad, y que existen pasos sencillos que pueden ayudar a proteger a todos en l\u00ednea.<\/p>\n<p>La conferencia magistral corri\u00f3 a cargo de Patrice Duval, director de Ingenier\u00eda de Clientes de Google Cloud Security EMEA. Tambi\u00e9n se conect\u00f3 con el programa de seminarios en EMEA, que tiene iniciativas similares en todo el mundo, con actualizaciones sobre el Consorcio de Cl\u00ednicas de Ciberseguridad en EE. UU. y Asia, a cargo de Matt Nagamine y Gill Thomas, respectivamente.<\/p>\n<p>Para apoyar a las universidades en sus pr\u00f3ximos compromisos con la comunidad local, el evento incluy\u00f3 debates interactivos y abiertos sobre estrategias de extensi\u00f3n e igualdad, diversidad e inclusi\u00f3n en la participaci\u00f3n, a cargo de Max Smeets y la consultora de EDI Alina Meyer respectivamente, as\u00ed como un taller informativo sobre medici\u00f3n del impacto impartido por Juliet Tiffany-Morales del equipo de Impacto e Informes de Google.org.<\/p>\n<p>Tambi\u00e9n se aprovech\u00f3 para lanzar nuevos recursos educativos de Rutas Virtuales, as\u00ed como para actualizar los existentes. Apolline Rolland present\u00f3 el Kit de Herramientas de IA y Ciberseguridad de Rutas Virtuales, con casos pr\u00e1cticos, preguntas de debate y lecturas relevantes sobre IA en ciberdefensa y ciberataques. Yu-Ying Mak ofreci\u00f3 una actualizaci\u00f3n sobre la plataforma de monitoreo y evaluaci\u00f3n Reach , as\u00ed como cursos introductorios en l\u00ednea, un portal de lecturas sobre IA y ciberseguridad y una variedad de gu\u00edas e informes \u00fatiles.<\/p>\n","protected":false},"excerpt":{"rendered":"Responsables de la ETSI de Inform\u00e1tica acuden a un networking de intercambio de experiencias Representantes de la Escuela&hellip;\n","protected":false},"author":2,"featured_media":292922,"comment_status":"","ping_status":"","sticky":false,"template":"","format":"standard","meta":{"footnotes":""},"categories":[80],"tags":[82,95,94,25,24,23,32496,35012],"class_list":{"0":"post-292921","1":"post","2":"type-post","3":"status-publish","4":"format-standard","5":"has-post-thumbnail","7":"category-economia","8":"tag-business","9":"tag-economia","10":"tag-economy","11":"tag-es","12":"tag-espana","13":"tag-spain","14":"tag-uma","15":"tag-universidad-de-malaga"},"share_on_mastodon":{"url":"https:\/\/pubeurope.com\/@es\/115735388292246222","error":""},"_links":{"self":[{"href":"https:\/\/www.europesays.com\/es\/wp-json\/wp\/v2\/posts\/292921","targetHints":{"allow":["GET"]}}],"collection":[{"href":"https:\/\/www.europesays.com\/es\/wp-json\/wp\/v2\/posts"}],"about":[{"href":"https:\/\/www.europesays.com\/es\/wp-json\/wp\/v2\/types\/post"}],"author":[{"embeddable":true,"href":"https:\/\/www.europesays.com\/es\/wp-json\/wp\/v2\/users\/2"}],"replies":[{"embeddable":true,"href":"https:\/\/www.europesays.com\/es\/wp-json\/wp\/v2\/comments?post=292921"}],"version-history":[{"count":0,"href":"https:\/\/www.europesays.com\/es\/wp-json\/wp\/v2\/posts\/292921\/revisions"}],"wp:featuredmedia":[{"embeddable":true,"href":"https:\/\/www.europesays.com\/es\/wp-json\/wp\/v2\/media\/292922"}],"wp:attachment":[{"href":"https:\/\/www.europesays.com\/es\/wp-json\/wp\/v2\/media?parent=292921"}],"wp:term":[{"taxonomy":"category","embeddable":true,"href":"https:\/\/www.europesays.com\/es\/wp-json\/wp\/v2\/categories?post=292921"},{"taxonomy":"post_tag","embeddable":true,"href":"https:\/\/www.europesays.com\/es\/wp-json\/wp\/v2\/tags?post=292921"}],"curies":[{"name":"wp","href":"https:\/\/api.w.org\/{rel}","templated":true}]}}